{"id":29751,"date":"2011-03-26T16:10:38","date_gmt":"2011-03-26T14:10:38","guid":{"rendered":"http:\/\/www.korhanyilmaz.com\/?p=29751"},"modified":"2011-03-26T16:10:38","modified_gmt":"2011-03-26T14:10:38","slug":"kilicdaroglu-esini-sarilarak-teselli-etti","status":"publish","type":"post","link":"http:\/\/www.korhanyilmaz.com\/?p=29751","title":{"rendered":"K\u0131l\u0131\u00e7daro\u011flu e\u015fini sar\u0131larak teselli etti!"},"content":{"rendered":"<p style=\"text-align: justify;\"><a href=\"http:\/\/www.korhanyilmaz.com\/wp-content\/uploads\/2011\/03\/314.jpg\"  class=\"lightview\"><img loading=\"lazy\" decoding=\"async\" class=\"aligncenter size-full wp-image-29752\" src=\"http:\/\/www.korhanyilmaz.com\/wp-content\/uploads\/2011\/03\/314.jpg\" alt=\"\" width=\"420\" height=\"210\" \/><\/a><\/p>\n<p style=\"text-align: justify;\">CHP Genel Ba\u015fkan\u0131 Kemal K\u0131l\u0131\u00e7daro\u011flu\u2019nun kalp krizi sonucu kald\u0131\u011f\u0131 evin penceresinden d\u00fc\u015ferek hayat\u0131n\u0131 kaybeden kay\u0131npederi 82 ya\u015f\u0131ndaki Ali H\u0131d\u0131r \u00d6zda\u011f, Tunceli\u2019de g\u00f6zya\u015flar\u0131 aras\u0131nda topra\u011fa verildi. Olduk\u00e7a \u00fczg\u00fcn olan CHP lideri K\u0131l\u0131\u00e7daro\u011flu, e\u015fi Sevim K\u0131l\u0131\u00e7daro\u011flu\u2019nu sar\u0131larak teselli etti. <!--more--><\/p>\n<p style=\"text-align: justify;\">CHP Genel Ba\u015fkan\u0131 Kemal K\u0131l\u0131\u00e7daro\u011flu, memleketi Tunceli\u2019de, kalp krizi ge\u00e7irdikten sonra kald\u0131\u011f\u0131 evin penceresinden d\u00fc\u015ferek \u00f6ld\u00fc\u011f\u00fc belirlenen kay\u0131npederi Ali H\u0131d\u0131r \u00d6zda\u011f\u2019\u0131n cenaze t\u00f6renine kat\u0131ld\u0131. \u0130stanbul\u2019daki program\u0131n\u0131 iptal ederek Tunceli\u2019ye gelen K\u0131l\u0131\u00e7daro\u011flu, tarifeli u\u00e7akla geldi\u011fi Elaz\u0131\u011f\u2019dan, karayolu ile Tunceli\u2019ye ge\u00e7ti. K\u0131l\u0131\u00e7daro\u011flu\u2019nu, cemevinde e\u015fi Sevim K\u0131l\u0131\u00e7daro\u011flu, kay\u0131nvalidesi Fatma \u00d6zda\u011f, k\u0131zlar\u0131 Zeynep, Asl\u0131 ve damad\u0131 Cengiz Nadir taraf\u0131ndan kar\u015f\u0131larken, vatanda\u015flar da alk\u0131\u015flad\u0131. K\u0131l\u0131\u00e7daro\u011flu\u2019nun o\u011flu Kerem K\u0131l\u0131\u00e7daro\u011flu ise G\u00fcney Kore\u2019de s\u00fcrd\u00fcrd\u00fc\u011f\u00fc doktora e\u011fitimi nedeniyle t\u00f6rene yeti\u015femedi\u011fi bildirildi. Siyah tak\u0131m elbise ve bo\u011fazl\u0131 kazak giyen K\u0131l\u0131\u00e7daro\u011flu, cemevinde e\u015fi ve kay\u0131nvaldesinin yan\u0131na giderek ba\u015fsa\u011fl\u0131\u011f\u0131 diledi, ayn\u0131 zamanda teyzesi olan kay\u0131nvaldesinin elini \u00f6pt\u00fc.<\/p>\n\n<p style=\"text-align: justify;\">\u00d6len Ali H\u0131d\u0131r \u00d6zda\u011f i\u00e7in CHP lideri Kemal K\u0131l\u0131\u00e7daro\u011flu ve e\u015fi Sevim K\u0131l\u0131\u00e7daro\u011flu\u2019nun kat\u0131l\u0131m\u0131yla Tunceli Hac\u0131 Bekta\u015f Veli K\u00fclt\u00fcr\u00fcn\u00fc Yayma, Yard\u0131mla\u015fma Derne\u011fi Cemevi ile Nazimiye \u0130l\u00e7e Meydan\u0131\u2019nda iki ayr\u0131 cenaze t\u00f6reni d\u00fczenlendi. Tunceli\u2019deki cenaze t\u00f6renine CHP Genel Ba\u015fkan Yard\u0131mc\u0131lar\u0131 Umut Oran, Engin Altay, Vokan Canalio\u011flu, Grup Ba\u015fkan Vekili Akif Hamza\u00e7elebi, milletvekilleri Kamer Gen\u00e7, Ahmet Ersin, Mehmet Sevigen ile \u015eevket K\u00f6se, Tunceli Valisi Mustafa Ta\u015fkesen, BDP\u2019li Belediye Ba\u015fkan\u0131 Edibe \u015eahin, \u0130l Emniyet M\u00fcd\u00fcr\u00fc Ertan Yava\u015f da K\u0131l\u0131\u00e7daro\u011flu ile birlikte saf tuttu. Tunceli\u2019deki cemevinde d\u00fczenlenen cenaze t\u00f6renine, EMEP\u2019li ve CHP\u2019li il\u00e7e belediye ba\u015fkanlar\u0131 da kat\u0131ld\u0131. \u00d6zda\u011f\u2019\u0131n tabutunun musalla ta\u015f\u0131na getirilmesinin ard\u0131ndan cenaze t\u00f6reni 29 ya\u015f\u0131ndaki Alevi Dedesi Kadir Bulut taraf\u0131ndan k\u0131ld\u0131r\u0131ld\u0131.<\/p>\n<p style=\"text-align: justify;\">T\u00f6renin ard\u0131ndan cenaze karayoluyla 30 kilometre mesafedeki Nazimiye \u0130l\u00e7esi\u2019ne g\u00f6t\u00fcr\u00fcld\u00fc. \u0130l\u00e7e Meydan\u0131\u2019nda yap\u0131lan ikinci t\u00f6rene yakla\u015f\u0131k 1000 ki\u015fi kat\u0131ld\u0131. CHP lideri Kemal K\u0131l\u0131\u00e7daro\u011flu, buradaki t\u00f6renin ard\u0131ndan tabuta omuz vererek, cenaze arabas\u0131na kadar ta\u015f\u0131nmas\u0131na yard\u0131m etti. Cenaze daha sonra il\u00e7eye 10 kilometre mesafedeki Dereova K\u00f6y\u00fc Ayranl\u0131 Mezras\u0131\u2019na g\u00f6t\u00fcr\u00fcl\u00fcp burada topra\u011fa verildi. Defin s\u0131ras\u0131nda e\u015fine sar\u0131larak teselli eden K\u0131l\u0131\u00e7daro\u011flu, mezara da e\u015fiyle birlikte toprak att\u0131.<\/p>\n<p style=\"text-align: justify;\">\u00d6zda\u011f\u2019\u0131n baz\u0131 akrabalar\u0131n\u0131n &#8220;K\u00f6y\u00fcnde de kom\u015fular\u0131 var. Onlar i\u00e7in de helallik al\u0131ns\u0131n&#8221; istekleri ise Genel Ba\u015fkan Yard\u0131mc\u0131s\u0131 Erdo\u011fan Toprak ve K\u0131l\u0131\u00e7daro\u011flu\u2019nun yard\u0131mc\u0131s\u0131 Ali K\u0131l\u0131\u00e7\u2019\u0131n \u2019Vaktimiz yok\u2019 gerek\u00e7esiyle kabul etmedi. K\u00f6yde taziye dileklerini kabul eden K\u0131l\u0131\u00e7daro\u011flu, karayoluyla Elaz\u0131\u011f\u2019a haraket etti.<\/p>\n<p style=\"text-align: justify;\"><a href=\"http:\/\/haber.gazetevatan.com\/kilicdaroglu-esini-sarilarak-teselli-etti\/367444\/1\/Gundem\" target=\"_blank\">Kaynak : VATAN Gazetesi<\/a><\/p>\n","protected":false},"excerpt":{"rendered":"<p style=\"text-align: justify;\">\n<p style=\"text-align: justify;\">CHP Genel Ba\u015fkan\u0131 Kemal K\u0131l\u0131\u00e7daro\u011flu\u2019nun kalp krizi sonucu kald\u0131\u011f\u0131 evin penceresinden d\u00fc\u015ferek hayat\u0131n\u0131 kaybeden kay\u0131npederi 82 ya\u015f\u0131ndaki Ali H\u0131d\u0131r \u00d6zda\u011f, Tunceli\u2019de g\u00f6zya\u015flar\u0131 aras\u0131nda topra\u011fa verildi. Olduk\u00e7a \u00fczg\u00fcn olan CHP lideri K\u0131l\u0131\u00e7daro\u011flu, e\u015fi Sevim K\u0131l\u0131\u00e7daro\u011flu\u2019nu sar\u0131larak teselli etti. <\/p>\n","protected":false},"author":1,"featured_media":0,"comment_status":"open","ping_status":"closed","sticky":false,"template":"","format":"standard","meta":{"footnotes":""},"categories":[105],"tags":[],"class_list":["post-29751","post","type-post","status-publish","format-standard","hentry","category-gundem","odd"],"_links":{"self":[{"href":"http:\/\/www.korhanyilmaz.com\/index.php?rest_route=\/wp\/v2\/posts\/29751","targetHints":{"allow":["GET"]}}],"collection":[{"href":"http:\/\/www.korhanyilmaz.com\/index.php?rest_route=\/wp\/v2\/posts"}],"about":[{"href":"http:\/\/www.korhanyilmaz.com\/index.php?rest_route=\/wp\/v2\/types\/post"}],"author":[{"embeddable":true,"href":"http:\/\/www.korhanyilmaz.com\/index.php?rest_route=\/wp\/v2\/users\/1"}],"replies":[{"embeddable":true,"href":"http:\/\/www.korhanyilmaz.com\/index.php?rest_route=%2Fwp%2Fv2%2Fcomments&post=29751"}],"version-history":[{"count":0,"href":"http:\/\/www.korhanyilmaz.com\/index.php?rest_route=\/wp\/v2\/posts\/29751\/revisions"}],"wp:attachment":[{"href":"http:\/\/www.korhanyilmaz.com\/index.php?rest_route=%2Fwp%2Fv2%2Fmedia&parent=29751"}],"wp:term":[{"taxonomy":"category","embeddable":true,"href":"http:\/\/www.korhanyilmaz.com\/index.php?rest_route=%2Fwp%2Fv2%2Fcategories&post=29751"},{"taxonomy":"post_tag","embeddable":true,"href":"http:\/\/www.korhanyilmaz.com\/index.php?rest_route=%2Fwp%2Fv2%2Ftags&post=29751"}],"curies":[{"name":"wp","href":"https:\/\/api.w.org\/{rel}","templated":true}]}}