{"id":29745,"date":"2011-03-26T10:14:46","date_gmt":"2011-03-26T08:14:46","guid":{"rendered":"http:\/\/www.korhanyilmaz.com\/?p=29745"},"modified":"2011-03-26T10:14:46","modified_gmt":"2011-03-26T08:14:46","slug":"asker-karsi-cikarsa","status":"publish","type":"post","link":"http:\/\/www.korhanyilmaz.com\/?p=29745","title":{"rendered":"Asker kar\u015f\u0131 \u00e7\u0131karsa&#8230;"},"content":{"rendered":"<p style=\"text-align: center;\"><a href=\"http:\/\/www.korhanyilmaz.com\/wp-content\/uploads\/2011\/03\/312.jpg\"  class=\"lightview\"><img loading=\"lazy\" decoding=\"async\" class=\"aligncenter size-full wp-image-29746\" src=\"http:\/\/www.korhanyilmaz.com\/wp-content\/uploads\/2011\/03\/312.jpg\" alt=\"\" width=\"307\" height=\"236\" \/><\/a><\/p>\n<p style=\"text-align: justify;\">CHP Genel Ba\u015fkan\u0131 Kemal K\u0131l\u0131\u00e7daro\u011flu, Ba\u015fbakan Recep Tayyip Erdo\u011fan&#8217;\u0131n &#8220;K\u0131saltamazs\u0131n\u0131z&#8221; dedi\u011fi askerlik s\u00fcresi projesinin gerek\u00e7elerini ve asker-siyaset ili\u015fkisine bak\u0131\u015f\u0131n\u0131 anlatt\u0131. CHP lideri, &#8220;Askerli\u011fin k\u0131salt\u0131lmas\u0131na Genelkurmay itiraz ederse &#8216;AB&#8217;ye bak\u0131n&#8217; derim&#8221; dedi. <!--more--><\/p>\n<p style=\"text-align: justify;\"><span style=\"text-decoration: underline;\"><em>Ak\u015fam gazetesinin sorular\u0131n\u0131 yan\u0131tlayan K\u0131l\u0131\u00e7daro\u011flu&#8217;nun a\u00e7\u0131klamalar\u0131 \u015f\u00f6yle: <\/em><\/span><\/p>\n<p style=\"text-align: justify;\"><strong>&#8220;Askere &#8216;AB&#8217;ye bak\u0131n&#8217; derim&#8221;<\/strong><\/p>\n<p style=\"text-align: justify;\">Siyasette olmayacak diye bir kavram yok. Siyasi otorite karar verirken sorgular. Biz g\u00f6r\u00fc\u015flerimizi beyan ederken k\u0131l\u0131 k\u0131rk yard\u0131k. Aile sigortas\u0131nda ek maliyetleri, geri d\u00f6n\u00fc\u015fleri hesaplad\u0131k. Askerlikte de benzer bir \u00e7al\u0131\u015fma yapt\u0131k. Askerli\u011fi 9 aya indirece\u011fiz ve bu b\u00fct\u00e7ede ola\u011fan \u00fcst\u00fc bir tasarruf sa\u011flayacak. Bunu sosyal devletin gerekleri i\u00e7in harcayaca\u011f\u0131z. E\u011fer asker &#8216;9 ay olmaz&#8217; der kar\u015f\u0131 \u00e7\u0131karsa, biz de onlara Bat\u0131&#8217;y\u0131 \u00f6rnek g\u00f6steririz. Bat\u0131&#8217;da 9 ay oluyor da niye bizde olmuyor? Kesinlikle bu konuda kararl\u0131y\u0131z. Bununla ilgili olarak \u015fu an g\u00f6revde olan askerlerle bir g\u00f6r\u00fc\u015fmemiz olmad\u0131 ama askerde uzun y\u0131llar general d\u00fczeyinde g\u00f6rev yapm\u0131\u015f emekli askerlerle konu\u015ftuk, g\u00f6r\u00fc\u015flerini ald\u0131k. Onlar da uygun g\u00f6rd\u00fc.<\/p>\n<p style=\"text-align: justify;\"><strong>&#8220;Y\u00fcksek beklentiden memnunuz&#8221;<\/strong><\/p>\n<p style=\"text-align: justify;\">\u00d6ncelikle iktidar beklentisi, iktidar\u0131n ger\u00e7ekle\u015fmesinden sonra da demokrasi, \u00f6zg\u00fcrl\u00fckler sosyal devlet, \u00f6rg\u00fctl\u00fc toplum ve en \u00f6nemlisi yeni T\u00fcrkiye. Bu hedefi ger\u00e7ekle\u015ftirmemiz i\u00e7in bizim iktidar\u0131m\u0131za odaklanan geni\u015f bir kitle var. Bu g\u00fczel bir beklenti. Bu beklentiden memnunuz bu beklentiyi ger\u00e7ekle\u015ftirmek i\u00e7in \u00e7al\u0131\u015f\u0131yoruz. Beklentinin ger\u00e7ekle\u015fmemesinin yarataca\u011f\u0131 k\u0131rg\u0131nl\u0131k bizim i\u00e7in b\u00fcy\u00fck bir risk. Performans\u0131m\u0131z\u0131 bu beklentiye uydurmam\u0131z gerekiyor.<\/p>\n<p style=\"text-align: justify;\"><strong>&#8220;AKP&#8217;yi rahats\u0131z ettik&#8221;<\/strong><\/p>\n<p style=\"text-align: justify;\">Partinin belli al\u0131\u015fkanl\u0131klar\u0131 var. Bunu k\u0131rmak zor. Yap\u0131y\u0131 de\u011fi\u015ftirmenin zorluklar\u0131 ve art\u0131k a\u015f\u0131lmas\u0131 gereken \u015feyler var. Yenili\u011fe gen\u00e7lere ve kad\u0131nlara a\u00e7\u0131lmak, partiye ilgi duyanlar\u0131 kulvara \u00e7ekmek gerekir. En \u00e7ok aile sigortas\u0131 ve askerlik s\u00fcresinin k\u0131salt\u0131lmas\u0131 AKP&#8217;yi rahats\u0131z etti.<\/p>\n<p style=\"text-align: justify;\"><strong>&#8220;Kavak\u00e7\u0131 olay\u0131 ya\u015fanmaz&#8221;<\/strong><\/p>\n<p style=\"text-align: justify;\">\u0130nsanlar sokakta istedi\u011fi k\u0131yafetle gezebilir. Parlamentoda i\u00e7 t\u00fcz\u00fc\u011f\u00fcn getirdi\u011fi kurallar var, herkes o kurallara uyacakt\u0131r. Ben Meclis&#8217;e kravats\u0131z gitmiyorum. Kad\u0131n milletvekilleri pantolonla giremiyor. Ge\u00e7mi\u015fte MHP milletvekili geldi, Parlamento&#8217;ya girdi, ba\u015f\u0131n\u0131 a\u00e7t\u0131, sorun yok. Merve Kavak\u00e7\u0131  benzeri bir olay\u0131n olmayaca\u011f\u0131n\u0131 d\u00fc\u015f\u00fcn\u00fcyorum.<\/p>\n<p style=\"text-align: justify;\"><strong>&#8220;Kad\u0131n adaylar artacak&#8221;<\/strong><\/p>\n<p style=\"text-align: justify;\">CHP&#8217;li milletvekilinin bilgili, birikimli, halka yak\u0131n ve etki de\u011ferlere sahip olmas\u0131 gerekir. Kad\u0131n adaylar\u0131n listemizde \u00e7ok olaca\u011f\u0131n\u0131 g\u00f6receksiniz.<\/p>\n<p style=\"text-align: justify;\"><strong>&#8220;\u00c7ift\u00e7iye y\u00fczde 100 destek&#8221;<\/strong><\/p>\n<p style=\"text-align: justify;\">\u00c7ift\u00e7inin kulland\u0131\u011f\u0131 mazotu 1.5 liraya d\u00fc\u015f\u00fcrece\u011fiz. Ekemedikleri topraklar\u0131 ekmeleri i\u00e7in her t\u00fcrl\u00fc deste\u011fi verece\u011fiz. Tar\u0131m Kanunu&#8217;nda milli gelirin y\u00fczde 1&#8217;i \u00e7ift\u00e7iye destek olarak verilir, deniyor. \u015eu anda yar\u0131s\u0131 veriliyor. Biz milli gelirin y\u00fczde 1&#8217;i oran\u0131nda destek verece\u011fiz. Bug\u00fcn ald\u0131klar\u0131 deste\u011fi iki kat\u0131na \u00e7\u0131kartaca\u011f\u0131z.Yasal haklar\u0131n\u0131n tamam\u0131n\u0131 verece\u011fiz.<\/p>\n<p style=\"text-align: justify;\"><strong>&#8220;Sivil itaatsizli\u011fe haz\u0131r olmak gerekir&#8221;<\/strong><\/p>\n<p style=\"text-align: justify;\">Demokrasi ve \u00f6zg\u00fcrl\u00fc\u011f\u00fc istiyorsak sivil itaatsizlik benzeri protestolara haz\u0131r olmam\u0131z gerekir. Siyasi iktidar\u0131n, o insanlarla &#8216;neden b\u00f6yle yap\u0131yorsunuz&#8217; diye konu\u015fmas\u0131 gerekir. Bir kamu g\u00f6revlisini tokatlamak bir milletvekiline yak\u0131\u015fmaz. Biz de zaman zaman polisten \u015fikayet ediyoruz ama hi\u00e7bir zaman \u015fiddet uygulamay\u0131 uygun g\u00f6remeyiz.<\/p>\n<p style=\"text-align: justify;\"><strong>&#8220;\u0130stismar\u0131 \u00f6nleriz&#8221;<\/strong><\/p>\n<p style=\"text-align: justify;\">Aile sigortas\u0131nda istismar tabii ki olabilir. Bu istismarlar\u0131 \u00f6nlemek i\u00e7in yine yoksul aileden bir ki\u015fiyi g\u00f6revlendirece\u011fiz. Belirli aral\u0131klarla ailelerle ilgili rapor verecekler. Haks\u0131z yere \u00f6deme yap\u0131lm\u0131\u015fsa o \u00f6demeyi yapan kamu g\u00f6revlisinin maa\u015f\u0131ndan kesece\u011fiz. \u0130stismar olacak diye i\u015fin yap\u0131lmamas\u0131 diye bir \u015fey kabul edilemez.<\/p>\n<p style=\"text-align: justify;\"><strong>&#8220;Hedefimiz &#8216;mavi b\u00f6lge&#8217;ler&#8221;<\/strong><\/p>\n<p style=\"text-align: justify;\">Yapt\u0131rd\u0131\u011f\u0131m\u0131z anket \u00e7al\u0131\u015fmalar\u0131nda s\u00fcrekli y\u00fckselen bir ivme kazand\u0131\u011f\u0131m\u0131z\u0131 g\u00f6r\u00fcyoruz. Zaman zaman duraklamalar oldu ama \u015fimdi hep y\u00fckseli\u015fteyiz. Bunda aday listeleri \u00f6nemli. Bursa, Bal\u0131kesir, Manisa, Antep, Mersin bizim normalde oylar\u0131m\u0131z\u0131 \u00e7ok y\u00fckseltmemiz gereken yerler. Buralar \u00f6nceden ANAP, DP&#8217;nin kalesiydi. DYP ile ANAP taban\u0131n\u0131n bize gelmesi gerekiyor. Bu tabana hitap edecek adaylar\u0131m\u0131z olacak listede. Y\u00fcksel Yalova Ayd\u0131n i\u00e7in ba\u015fvurdu ve \u00f6n se\u00e7ime girecek. \u0130l il\u00e7e ve sand\u0131k baz\u0131nda harita \u00fczerinde \u00e7al\u0131\u015fmalar yapt\u0131k. Ne yaparsak yapal\u0131m oy alamayaca\u011f\u0131m\u0131z yerleri k\u0131rm\u0131z\u0131, biraz y\u00fcklenirsek oy alabilece\u011fimiz yerleri maviyle i\u015faretledik. Mavi i\u015faretli yerler de T\u00fcrkiye&#8217;nin her yerinde.<\/p>\n<p style=\"text-align: justify;\"><strong>&#8220;Hitler&#8217;in akl\u0131na gelmedi&#8221;<\/strong><\/p>\n<p style=\"text-align: justify;\">Daha yay\u0131nlanmayan bir kitapla ilgili sadece bir toplatma karar\u0131 de\u011fil ayn\u0131 zamanda bir imha karar\u0131 var. B\u00f6yle bir olay\u0131 T\u00fcrkiye d\u0131\u015f\u0131nda duymad\u0131m. Ne Mussolini&#8217;nin ne Hitler&#8217;in akl\u0131na gelen bir olay T\u00fcrkiye&#8217;de meydana geldi. E\u011fer T\u00fcrkiye&#8217;de yarg\u0131 bas\u0131lmam\u0131\u015f bir kitab\u0131n pe\u015fine d\u00fc\u015f\u00fcyorsa, bu siyasi otoritenin alm\u0131\u015f oldu\u011fu karar\u0131n yarg\u0131 taraf\u0131ndan yerine getirilmesidir. Bu olay, Ergenekon soru\u015fturmas\u0131n\u0131n ne kadar yapay ve \u00f6nyarg\u0131l\u0131 oldu\u011funu bize g\u00f6steriyor. Belli merkezlerde belli kararlar al\u0131n\u0131yor, belli ki\u015filer se\u00e7iliyor o ki\u015filerle ilgili deliler haz\u0131rlan\u0131yor. Daha sonra bu deliller, ki\u015filer g\u00f6zalt\u0131na al\u0131nd\u0131ktan sonra yarat\u0131lan ek delillerle besleniyor. Ki\u015filer yarg\u0131c\u0131n \u00f6n\u00fcne \u00e7\u0131kart\u0131l\u0131yor. E\u011fer bir yarg\u0131\u00e7 bilgisayara birka\u00e7 saniye i\u00e7in gelen ve kendisini imha eden bir bilgiden \u00f6t\u00fcr\u00fc bir gazeteci ya da bir internet sitesini yazar\u0131 tutuklan\u0131yor.<\/p>\n<p style=\"text-align: justify;\"><a href=\"http:\/\/www.cnnturk.com\/2011\/yazarlar\/03\/26\/asker.karsi.cikarsa\/611185.0\/index.html\" target=\"_blank\">CNN T\u00dcRK<\/a><\/p>\n","protected":false},"excerpt":{"rendered":"<p style=\"text-align: center;\">\n<p style=\"text-align: justify;\">CHP Genel Ba\u015fkan\u0131 Kemal K\u0131l\u0131\u00e7daro\u011flu, Ba\u015fbakan Recep Tayyip Erdo\u011fan&#8217;\u0131n &#8220;K\u0131saltamazs\u0131n\u0131z&#8221; dedi\u011fi askerlik s\u00fcresi projesinin gerek\u00e7elerini ve asker-siyaset ili\u015fkisine bak\u0131\u015f\u0131n\u0131 anlatt\u0131. CHP lideri, &#8220;Askerli\u011fin k\u0131salt\u0131lmas\u0131na Genelkurmay itiraz ederse &#8216;AB&#8217;ye bak\u0131n&#8217; derim&#8221; dedi. <\/p>\n","protected":false},"author":1,"featured_media":0,"comment_status":"open","ping_status":"closed","sticky":false,"template":"","format":"standard","meta":{"footnotes":""},"categories":[105],"tags":[],"class_list":["post-29745","post","type-post","status-publish","format-standard","hentry","category-gundem","odd"],"_links":{"self":[{"href":"http:\/\/www.korhanyilmaz.com\/index.php?rest_route=\/wp\/v2\/posts\/29745","targetHints":{"allow":["GET"]}}],"collection":[{"href":"http:\/\/www.korhanyilmaz.com\/index.php?rest_route=\/wp\/v2\/posts"}],"about":[{"href":"http:\/\/www.korhanyilmaz.com\/index.php?rest_route=\/wp\/v2\/types\/post"}],"author":[{"embeddable":true,"href":"http:\/\/www.korhanyilmaz.com\/index.php?rest_route=\/wp\/v2\/users\/1"}],"replies":[{"embeddable":true,"href":"http:\/\/www.korhanyilmaz.com\/index.php?rest_route=%2Fwp%2Fv2%2Fcomments&post=29745"}],"version-history":[{"count":0,"href":"http:\/\/www.korhanyilmaz.com\/index.php?rest_route=\/wp\/v2\/posts\/29745\/revisions"}],"wp:attachment":[{"href":"http:\/\/www.korhanyilmaz.com\/index.php?rest_route=%2Fwp%2Fv2%2Fmedia&parent=29745"}],"wp:term":[{"taxonomy":"category","embeddable":true,"href":"http:\/\/www.korhanyilmaz.com\/index.php?rest_route=%2Fwp%2Fv2%2Fcategories&post=29745"},{"taxonomy":"post_tag","embeddable":true,"href":"http:\/\/www.korhanyilmaz.com\/index.php?rest_route=%2Fwp%2Fv2%2Ftags&post=29745"}],"curies":[{"name":"wp","href":"https:\/\/api.w.org\/{rel}","templated":true}]}}