{"id":29741,"date":"2011-03-26T17:35:30","date_gmt":"2011-03-26T15:35:30","guid":{"rendered":"http:\/\/www.korhanyilmaz.com\/?p=29741"},"modified":"2011-03-26T17:35:30","modified_gmt":"2011-03-26T15:35:30","slug":"izmirliler-vatanseverlere-ozgurluk-icin-yurudu","status":"publish","type":"post","link":"http:\/\/www.korhanyilmaz.com\/?p=29741","title":{"rendered":"\u0130zmirliler &#8220;Vatanseverlere \u00d6zg\u00fcrl\u00fck&#8221; i\u00e7in y\u00fcr\u00fcd\u00fc"},"content":{"rendered":"<p style=\"text-align: center;\"><a href=\"http:\/\/www.korhanyilmaz.com\/wp-content\/uploads\/2011\/03\/313.jpg\"  class=\"lightview\"><img loading=\"lazy\" decoding=\"async\" class=\"aligncenter size-full wp-image-29749\" src=\"http:\/\/www.korhanyilmaz.com\/wp-content\/uploads\/2011\/03\/313.jpg\" alt=\"\" width=\"420\" height=\"210\" \/><\/a><\/p>\n<p style=\"text-align: justify;\">\u0130zmir&#8217;de, Cumhuriyet \u0130\u00e7in G\u00fc\u00e7birli\u011fi Platformu ve tutuklu bulunan subay ve astsubaylar\u0131n aileleri taraf\u0131ndan olu\u015fturulan Vardiya Bizde Platformu &#8220;Vatanseverlere \u00d6zg\u00fcrl\u00fck&#8221; y\u00fcr\u00fcy\u00fc\u015f\u00fc d\u00fczenlendi. <!--more--><\/p>\n<p style=\"text-align: justify;\">Baz\u0131 sivil toplum \u00f6rg\u00fctlerinin de destek verdi\u011fi y\u00fcr\u00fcy\u00fc\u015fte grup, K\u0131br\u0131s \u015eehitleri Caddesi&#8217;nden Cumhuriyet Meydan\u0131&#8217;na kadar &#8220;Mustafa Kemal&#8217;in askerleriyiz&#8221;, &#8220;Cumhuriyet Devrimi kazanacak&#8221;, &#8220;Susma, sustuk\u00e7a s\u0131ra sana gelecek&#8221; sloganlar\u0131 atarak, Cumhuriyet Meydan\u0131&#8217;na kadar y\u00fcr\u00fcd\u00fc.<\/p>\n<p style=\"text-align: justify;\">Vardiya Bizde Platformu S\u00f6zc\u00fcs\u00fc, &#8220;Balyoz Plan\u0131&#8221; davas\u0131 san\u0131klar\u0131ndan eski 1. Ordu Komutan\u0131 ve emekli Orgeneral \u00c7etin Do\u011fan&#8217;\u0131n e\u015fi Nilg\u00fcl Do\u011fan, sayg\u0131 duru\u015funda bulunulmas\u0131 ve \u0130stiklal Mar\u015f\u0131&#8217;n\u0131n okunmas\u0131n\u0131n ard\u0131ndan yapt\u0131\u011f\u0131 konu\u015fmada, e\u015flerinin hi\u00e7bir hukuk devletinde ciddiye al\u0131nmayacak, &#8220;sahte oldu\u011fu bariz bir CD&#8217;nin i\u00e7inden \u00e7\u0131kan belgeler nedeniyle Hasdal ve Silivri Cezaevlerinde tutsak oldu\u011funu&#8221; ileri s\u00fcrd\u00fc.<\/p>\n<p style=\"text-align: justify;\">&#8220;Balyoz Plan\u0131&#8221; davas\u0131n\u0131n temelini, kimin haz\u0131rlad\u0131\u011f\u0131 belli olmayan bir CD&#8217;nin olu\u015fturdu\u011funu vurgulayan Do\u011fan, \u015funlar\u0131 ifade etti:<\/p>\n<p style=\"text-align: justify;\">&#8220;2003&#8217;te haz\u0131rland\u0131\u011f\u0131 iddia edilen o 50 kuru\u015fluk CD&#8217;den, \u00e7ok sonraki y\u0131llar isim de\u011fi\u015ftiren dernekler, hastaneler, yeni isimleriyle \u00e7\u0131kt\u0131. Biz adalete g\u00fcvenmi\u015ftik. Balyoz bavulu savc\u0131lara verilince ger\u00e7ekler ortaya \u00e7\u0131kacak diye sevinmi\u015ftik. &#8216;Bu soru\u015fturma 3 g\u00fcnde bitecek, sahte belge \u00fcreten \u00e7etenin bulunmas\u0131 i\u00e7in yeni soru\u015fturma ba\u015flayacak&#8217; demi\u015ftik. Peki ne oldu? Soru\u015fturmay\u0131 y\u00fcr\u00fctenler Balyoz CD&#8217;sinin sahte oldu\u011funu g\u00f6steren b\u00fct\u00fcn resmi yaz\u0131\u015fmalar\u0131 adli emanete saklad\u0131lar, &#8216;Balyoz CD&#8217;si 2003&#8217;te haz\u0131rlanm\u0131\u015ft\u0131r&#8217; diye iddianame yazd\u0131lar. Sahtecili\u011fin izleri, neredeyse bir y\u0131l boyunca adli emanette g\u00f6m\u00fcl\u00fc kald\u0131. Daha buraya gelmeden yeni \u00f6\u011frendik ki belgelerin 1. Ordu bilgisayarlar\u0131nda haz\u0131rlanmad\u0131\u011f\u0131n\u0131 g\u00f6steren ve soru\u015fturman\u0131n en ba\u015f\u0131nda savc\u0131lara ula\u015ft\u0131r\u0131lan bilirki\u015fi raporu, adliyede buhar olmu\u015f. Ne iddianamede ne de ekinde yok, hi\u00e7bir yerde yok. Ger\u00e7ekleri ortaya \u00e7\u0131karmakla g\u00f6revli ki\u015filer, ger\u00e7ekleri nas\u0131l saklar, raporlar\u0131 nas\u0131l yok eder? Biri bize anlats\u0131n, izah etsin. Adalete art\u0131k nas\u0131l g\u00fcvenece\u011fiz?&#8221;<\/p>\n<p style=\"text-align: justify;\">Do\u011fan, &#8220;\u00fclkenin gelece\u011fini karartmak isteyen, say\u0131s\u0131z hayat karartan sahte belge \u00e7etesi&#8221; bulundu\u011funu iddia ederek, &#8220;Kim bu g\u00fcc\u00fcn\u00fc mutlak bilip, ars\u0131zca kullanan \u00e7ete? D\u00fcn rekt\u00f6rler, bilim insanlar\u0131, siyaset\u00e7iler, ordu mensuplar\u0131, bug\u00fcn gazeteciler. Peki yar\u0131n s\u0131ra kimde?&#8221; diye konu\u015ftu.<\/p>\n<p style=\"text-align: justify;\">Haks\u0131zl\u0131k ve hukuksuzluk kar\u015f\u0131s\u0131nda sessiz durmamak i\u00e7in Vardiya Bizde Platformu&#8217;nu kurduklar\u0131n\u0131 dile getiren Do\u011fan, &#8220;Laik demokratik Cumhuriyetimizin gelece\u011fi i\u00e7in vardiya bizde, vardiya hepimizde&#8221; dedi.<\/p>\n<p style=\"text-align: justify;\">&#8220;Balyoz Plan\u0131&#8221; davas\u0131 san\u0131klar\u0131ndan emekli T\u00fcmamiral Ali Deniz Kutlu&#8217;nun e\u015fi \u0130rem Kutlu ise d\u00f6nemin Genelkurmay Ba\u015fkan\u0131 emekli Orgeneral Hilmi \u00d6zk\u00f6k&#8217;e hitaben \u015funlar\u0131 s\u00f6yledi:<\/p>\n<p style=\"text-align: justify;\">&#8220;Silivri ve Hasdal&#8217;daki tutsaklar\u0131n yak\u0131nlar\u0131 olarak Hilmi \u00d6zk\u00f6k Pa\u015faya diyorum ki, bu davada tan\u0131k olmak istedi\u011finizi bildirin. \u0130\u015fleri h\u0131zland\u0131rabilirsiniz. Bunu yapt\u0131\u011f\u0131n\u0131z zaman sizin uykular\u0131n\u0131z rahatlayacak, kamuoyunun da vicdan\u0131 rahatlayacak, b\u00f6ylece d\u00fc\u011f\u00fcm \u00e7\u00f6z\u00fclecek.&#8221;<\/p>\n<p style=\"text-align: justify;\">T\u00fcrkiye Gen\u00e7lik Birli\u011fi \u0130zmir \u015eube Ba\u015fkan\u0131 \u00d6zg\u00fcr Senger de &#8220;Yurtseverlere sald\u0131r\u0131yorlar. Vatanseverlere \u00f6zg\u00fcrl\u00fck istiyoruz. Sesimiz cezaevi duvarlar\u0131n\u0131 y\u0131k\u0131p ge\u00e7ecek, cezaevlerinde hi\u00e7bir vatansever kalmayacak&#8221; diye konu\u015ftu.<\/p>\n<p style=\"text-align: justify;\">Konu\u015fmalar\u0131n ard\u0131ndan grup da\u011f\u0131ld\u0131.<\/p>\n<p style=\"text-align: justify;\"><a href=\"http:\/\/www.cnnturk.com\/2011\/turkiye\/03\/26\/izmirliler.vatanseverlere.ozgurluk.icin.yurudu\/611228.0\/index.html\" target=\"_blank\">Kaynak : CNN T\u00dcRK<\/a><\/p>\n","protected":false},"excerpt":{"rendered":"<p style=\"text-align: center;\">\n<p style=\"text-align: justify;\">\u0130zmir&#8217;de, Cumhuriyet \u0130\u00e7in G\u00fc\u00e7birli\u011fi Platformu ve tutuklu bulunan subay ve astsubaylar\u0131n aileleri taraf\u0131ndan olu\u015fturulan Vardiya Bizde Platformu &#8220;Vatanseverlere \u00d6zg\u00fcrl\u00fck&#8221; y\u00fcr\u00fcy\u00fc\u015f\u00fc d\u00fczenlendi. <\/p>\n","protected":false},"author":1,"featured_media":0,"comment_status":"open","ping_status":"closed","sticky":false,"template":"","format":"standard","meta":{"footnotes":""},"categories":[105],"tags":[],"class_list":["post-29741","post","type-post","status-publish","format-standard","hentry","category-gundem","odd"],"_links":{"self":[{"href":"http:\/\/www.korhanyilmaz.com\/index.php?rest_route=\/wp\/v2\/posts\/29741","targetHints":{"allow":["GET"]}}],"collection":[{"href":"http:\/\/www.korhanyilmaz.com\/index.php?rest_route=\/wp\/v2\/posts"}],"about":[{"href":"http:\/\/www.korhanyilmaz.com\/index.php?rest_route=\/wp\/v2\/types\/post"}],"author":[{"embeddable":true,"href":"http:\/\/www.korhanyilmaz.com\/index.php?rest_route=\/wp\/v2\/users\/1"}],"replies":[{"embeddable":true,"href":"http:\/\/www.korhanyilmaz.com\/index.php?rest_route=%2Fwp%2Fv2%2Fcomments&post=29741"}],"version-history":[{"count":0,"href":"http:\/\/www.korhanyilmaz.com\/index.php?rest_route=\/wp\/v2\/posts\/29741\/revisions"}],"wp:attachment":[{"href":"http:\/\/www.korhanyilmaz.com\/index.php?rest_route=%2Fwp%2Fv2%2Fmedia&parent=29741"}],"wp:term":[{"taxonomy":"category","embeddable":true,"href":"http:\/\/www.korhanyilmaz.com\/index.php?rest_route=%2Fwp%2Fv2%2Fcategories&post=29741"},{"taxonomy":"post_tag","embeddable":true,"href":"http:\/\/www.korhanyilmaz.com\/index.php?rest_route=%2Fwp%2Fv2%2Ftags&post=29741"}],"curies":[{"name":"wp","href":"https:\/\/api.w.org\/{rel}","templated":true}]}}