{"id":29737,"date":"2011-03-26T09:04:43","date_gmt":"2011-03-26T07:04:43","guid":{"rendered":"http:\/\/www.korhanyilmaz.com\/?p=29737"},"modified":"2011-03-26T09:04:43","modified_gmt":"2011-03-26T07:04:43","slug":"silivride-kitap-baskini","status":"publish","type":"post","link":"http:\/\/www.korhanyilmaz.com\/?p=29737","title":{"rendered":"Silivri&#8217;de kitap bask\u0131n\u0131&#8230;"},"content":{"rendered":"<p style=\"text-align: justify;\"><a href=\"http:\/\/www.korhanyilmaz.com\/wp-content\/uploads\/2011\/03\/3101.jpg\"  class=\"lightview\"><img loading=\"lazy\" decoding=\"async\" class=\"aligncenter size-full wp-image-29738\" src=\"http:\/\/www.korhanyilmaz.com\/wp-content\/uploads\/2011\/03\/3101.jpg\" alt=\"\" width=\"343\" height=\"257\" \/><\/a><\/p>\n<p style=\"text-align: justify;\">&#8216;\u0130mam\u0131n Ordusu&#8217; adl\u0131 kitab\u0131n kopyalar\u0131n\u0131 imha etme operasyonu Silivri Cezaevi&#8217;ne uzand\u0131. D\u00fcn Ahmet \u015e\u0131k, Nedim \u015eener ve Do\u011fan Yurdakul&#8217;un ko\u011fu\u015fu da arand\u0131.<\/p>\n<p style=\"text-align: justify;\">Ergenekon soru\u015fturmas\u0131 kapsam\u0131nda tutuklanan Ahmet \u015e\u0131k\u2019\u0131n tamamlayamad\u0131\u011f\u0131 &#8216;\u0130mam\u0131n Ordusu&#8217; adl\u0131 kitab\u0131n tasla\u011f\u0131n\u0131n, Silivri Cezaevi\u2019ndeki h\u00fccresinde de arand\u0131\u011f\u0131 ortaya \u00e7\u0131kt\u0131. <!--more--><\/p>\n<p style=\"text-align: justify;\">\u015e\u0131k\u2019\u0131n piyasa \u00e7\u0131kmayan kitab\u0131 i\u00e7in \u0130stanbul 12. A\u011f\u0131r Ceza Mahkemesi\u2019nin verdi\u011fi karara ili\u015fkin tart\u0131\u015fmalar s\u00fcrerken, \u015e\u0131k\u2019\u0131n yay\u0131nevine, e\u015fine, arkada\u015flar\u0131na ve avukatlar\u0131na tebligat imzalatan \u0130stanbul Cumhuriyet Ba\u015fsavc\u0131l\u0131\u011f\u0131\u2019n\u0131n, Silivri Cezaevi\u2019ne de ayn\u0131 tebligat\u0131 g\u00f6nderdi\u011fi anla\u015f\u0131ld\u0131.<\/p>\n<p style=\"text-align: justify;\">Savc\u0131l\u0131\u011f\u0131n talimat\u0131 do\u011frultusunda, Silivri 2 No\u2019lu Cezaevi 8 \u00dcst 9 No\u2019lu odada kalan \u015e\u0131k, Milliyet muhabiri Nedim \u015eener ve OdaTv temsilcisi Do\u011fan Yurdakul\u2019un odas\u0131nda ve ortak ya\u015fam alanlar\u0131nda arama yap\u0131ld\u0131\u011f\u0131 \u00f6\u011frenildi.<\/p>\n<p style=\"text-align: justify;\">\u015e\u0131k, \u015eener ve Yurdakul\u2019a da &#8220;kitab\u0131n n\u00fcshas\u0131n\u0131 bulunduranlar\u0131n su\u00e7 i\u015fleyece\u011fi\u201dne y\u00f6nelik tebligat\u0131n yap\u0131ld\u0131\u011f\u0131, bu duruma tutuklu gazetecilerin \u201cElinde n\u00fcsha olmadan, kitapla su\u00e7lanan \u015e\u0131k nas\u0131l savunma yapacak?&#8221; \u015feklinde tepki g\u00f6sterdi\u011fi bildirildi. Arama sonunda, 3 gazetecinin tutuldu\u011fu odada kitap n\u00fcshas\u0131n\u0131n bulunmad\u0131\u011f\u0131 anla\u015f\u0131ld\u0131.<\/p>\n<p style=\"text-align: justify;\">Al\u0131nan bilgiye g\u00f6re, \u0130stanbul Ba\u015fsavc\u0131l\u0131\u011f\u0131, \u0130stanbul 12. A\u011f\u0131r Ceza Mahkemesi\u2019nin &#8220;\u0130mam\u0131n Ordusu&#8221; adl\u0131 kitap i\u00e7in verdi\u011fi el koyma karar\u0131ndan sonra \u015e\u0131k\u2019\u0131n e\u015fine, yay\u0131nevine, arkada\u015flar\u0131na ve avukatlar\u0131na imzalatt\u0131\u011f\u0131 tebligat\u0131n bir \u00f6rne\u011fini Silivri Cezaevi\u2019ne g\u00f6nderdi.<\/p>\n<p style=\"text-align: justify;\">Cezaevi y\u00f6netimi, sabah 10.00\u2019da tebligat\u0131 imzalatmak ve kitap n\u00fcshas\u0131n\u0131n bulunup bulunmad\u0131\u011f\u0131n\u0131 aramak i\u00e7in harekete ge\u00e7ti. \u015e\u0131k, \u015eener ve Yurdakul\u2019un kald\u0131klar\u0131 odaya saat 10.00\u2019da arama amac\u0131yla girildi.<\/p>\n<p style=\"text-align: justify;\">Cezaevi m\u00fcd\u00fcr\u00fc ve gardiyanlar; \u015e\u0131k, \u015eener ve Yurdakul\u2019un kald\u0131klar\u0131 odada ve ortak kulland\u0131klar\u0131 alanda arama yapt\u0131. 3 gazeteciye, savc\u0131l\u0131\u011f\u0131n, kitab\u0131n n\u00fcshas\u0131n\u0131 bulunduranlar\u0131n su\u00e7 i\u015fleyece\u011fine y\u00f6nelik tebligat\u0131 da imzalat\u0131ld\u0131. Arama sonunda, odada ve ortak ya\u015fam alan\u0131nda kitap n\u00fcshas\u0131 ya da kitab\u0131n i\u00e7inde yer alan materyaller bulunamad\u0131. Aramaya \u015e\u0131k, \u015eener ve Yurdakul\u2019un tepki g\u00f6sterdi\u011fi \u00f6\u011frenildi.<\/p>\n<p style=\"text-align: justify;\"><strong>Nas\u0131l savunma yaps\u0131n? <\/strong><\/p>\n<p style=\"text-align: justify;\">Yap\u0131lan aramay\u0131, d\u00fcn cezaevine gelen avukatlar\u0131yla ayr\u0131 ayr\u0131 payla\u015fan 3 gazeteci, kendilerine de tebligat yap\u0131ld\u0131\u011f\u0131 bilgisini verdi.<\/p>\n<p style=\"text-align: justify;\">\u015eener, \u015e\u0131k\u2019\u0131n, tutuklanmas\u0131na gerek\u00e7e g\u00f6sterilen kitab\u0131n\u0131n n\u00fcshas\u0131 olmadan nas\u0131l savunma yapaca\u011f\u0131n\u0131 sordu. Arama s\u0131ras\u0131nda kaba bir davran\u0131\u015fla kar\u015f\u0131la\u015fmad\u0131klar\u0131n\u0131 s\u00f6yleyen gazeteciler, buna kar\u015f\u0131l\u0131k ko\u015fullar\u0131n\u0131n a\u011f\u0131rla\u015fmas\u0131ndan ve savunma haklar\u0131n\u0131n k\u0131s\u0131tlanmas\u0131ndan endi\u015fe duyduklar\u0131n\u0131 kaydetti.<\/p>\n<p style=\"text-align: justify;\">\u0130mzalad\u0131\u011f\u0131 tebligata g\u00f6re; \u015e\u0131k, savunma amac\u0131yla bile olsa, piyasaya \u00e7\u0131kmayan kitab\u0131yla ilgili bir materyali bile elinde bulunduramayacak. Bulundurursa, mevcut su\u00e7lamalara ek olarak, Ergenekon\u2019a yard\u0131m gerek\u00e7esiyle de su\u00e7lanacak.<\/p>\n<p style=\"text-align: justify;\"><a href=\"http:\/\/www.cnnturk.com\/2011\/yazarlar\/03\/26\/silivride.kitap.baskini\/611175.0\/index.html\" target=\"_blank\">CNN T\u00dcRK<\/a><\/p>\n","protected":false},"excerpt":{"rendered":"<p style=\"text-align: justify;\">\n<p style=\"text-align: justify;\">&#8216;\u0130mam\u0131n Ordusu&#8217; adl\u0131 kitab\u0131n kopyalar\u0131n\u0131 imha etme operasyonu Silivri Cezaevi&#8217;ne uzand\u0131. D\u00fcn Ahmet \u015e\u0131k, Nedim \u015eener ve Do\u011fan Yurdakul&#8217;un ko\u011fu\u015fu da arand\u0131.<\/p>\n<p style=\"text-align: justify;\">Ergenekon soru\u015fturmas\u0131 kapsam\u0131nda tutuklanan Ahmet \u015e\u0131k\u2019\u0131n tamamlayamad\u0131\u011f\u0131 &#8216;\u0130mam\u0131n Ordusu&#8217; adl\u0131 kitab\u0131n tasla\u011f\u0131n\u0131n, Silivri Cezaevi\u2019ndeki h\u00fccresinde de arand\u0131\u011f\u0131 ortaya \u00e7\u0131kt\u0131. <\/p>\n","protected":false},"author":1,"featured_media":0,"comment_status":"open","ping_status":"closed","sticky":false,"template":"","format":"standard","meta":{"footnotes":""},"categories":[105],"tags":[],"class_list":["post-29737","post","type-post","status-publish","format-standard","hentry","category-gundem","odd"],"_links":{"self":[{"href":"http:\/\/www.korhanyilmaz.com\/index.php?rest_route=\/wp\/v2\/posts\/29737","targetHints":{"allow":["GET"]}}],"collection":[{"href":"http:\/\/www.korhanyilmaz.com\/index.php?rest_route=\/wp\/v2\/posts"}],"about":[{"href":"http:\/\/www.korhanyilmaz.com\/index.php?rest_route=\/wp\/v2\/types\/post"}],"author":[{"embeddable":true,"href":"http:\/\/www.korhanyilmaz.com\/index.php?rest_route=\/wp\/v2\/users\/1"}],"replies":[{"embeddable":true,"href":"http:\/\/www.korhanyilmaz.com\/index.php?rest_route=%2Fwp%2Fv2%2Fcomments&post=29737"}],"version-history":[{"count":0,"href":"http:\/\/www.korhanyilmaz.com\/index.php?rest_route=\/wp\/v2\/posts\/29737\/revisions"}],"wp:attachment":[{"href":"http:\/\/www.korhanyilmaz.com\/index.php?rest_route=%2Fwp%2Fv2%2Fmedia&parent=29737"}],"wp:term":[{"taxonomy":"category","embeddable":true,"href":"http:\/\/www.korhanyilmaz.com\/index.php?rest_route=%2Fwp%2Fv2%2Fcategories&post=29737"},{"taxonomy":"post_tag","embeddable":true,"href":"http:\/\/www.korhanyilmaz.com\/index.php?rest_route=%2Fwp%2Fv2%2Ftags&post=29737"}],"curies":[{"name":"wp","href":"https:\/\/api.w.org\/{rel}","templated":true}]}}