{"id":29726,"date":"2011-03-26T15:18:59","date_gmt":"2011-03-26T13:18:59","guid":{"rendered":"http:\/\/www.korhanyilmaz.com\/?p=29726"},"modified":"2011-03-26T15:18:59","modified_gmt":"2011-03-26T13:18:59","slug":"erdoganin-katilacagi-acilis-reklamina-suc-duyurusu","status":"publish","type":"post","link":"http:\/\/www.korhanyilmaz.com\/?p=29726","title":{"rendered":"Erdo\u011fan&#8217;\u0131n kat\u0131laca\u011f\u0131 &#8216;a\u00e7\u0131l\u0131\u015f&#8217; reklam\u0131na su\u00e7 duyurusu"},"content":{"rendered":"<p style=\"text-align: justify;\"><a href=\"http:\/\/www.korhanyilmaz.com\/wp-content\/uploads\/2011\/03\/3062.jpg\"  class=\"lightview\"><img loading=\"lazy\" decoding=\"async\" class=\"size-full wp-image-29727 aligncenter\" src=\"http:\/\/www.korhanyilmaz.com\/wp-content\/uploads\/2011\/03\/3062.jpg\" alt=\"\" width=\"373\" height=\"246\" \/><\/a><\/p>\n<p style=\"text-align: justify;\">CHP Adana \u0130l Ba\u015fkan\u0131 Zeydan Karalar, Ba\u015fbakan Recep Tayyip Erdo\u011fan&#8217;\u0131n U\u011fur Mumcu Meydan\u0131&#8217;nda yapaca\u011f\u0131 toplu a\u00e7\u0131l\u0131\u015fla ilgili haz\u0131rlanan afi\u015flerin B\u00fcy\u00fck\u015fehir Belediyesi otob\u00fcsleri ve havaalan\u0131ndaki reklam panolar\u0131na as\u0131ld\u0131\u011f\u0131 i\u00e7in Cumhuriyet Savc\u0131\u011f\u0131&#8217;na su\u00e7 duyurusunda bulundu. <!--more--><\/p>\n<p style=\"text-align: justify;\">CHP il binas\u0131nda a\u00e7\u0131klama yapan Ba\u015fkan Zeydan Karalar, AK Parti&#8217;nin kamu alan\u0131nda siyasi reklam yapt\u0131\u011f\u0131n\u0131, bunun kabul edilemez oldu\u011funu s\u00f6yledi.<\/p>\n<p style=\"text-align: justify;\">CHP&#8217;nin iktidara y\u00fcr\u00fcy\u00fc\u015f co\u015fkusunu ya\u015famaya ba\u015flad\u0131\u011f\u0131n\u0131 belirten Karalar, \u015f\u00f6yle dedi:<\/p>\n<p style=\"text-align: justify;\">&#8220;Ba\u015fbakan\u0131n geli\u015fini ve toplu a\u00e7\u0131l\u0131\u015flar\u0131 belediye otob\u00fcslerinde, havaalan\u0131nda rekl\u0192m yap\u0131yorlar. Bu su\u00e7tur. Cumhuriyet Savc\u0131l\u0131\u011f\u0131&#8217;na su\u00e7 duyurusunda bulunduk. Yap\u0131lanlar\u0131n hepsinin hesab\u0131n\u0131 soraca\u011f\u0131z.&#8221;<\/p>\n<p style=\"text-align: justify;\">CHP&#8217;lilere se\u00e7men k\u00fct\u00fcklerindeki isimlerini kontrol etmeleri konusunda da uyaran Karalar, oy vermenin \u00e7ok \u00f6nemli yurtta\u015fl\u0131k g\u00f6revi oldu\u011funu vurgulad\u0131.<\/p>\n<p style=\"text-align: justify;\">A\u00e7\u0131klama ard\u0131ndan davul- zurna e\u015fli\u011finde Mehmet Sal\u0131c\u0131, Ahmet T\u00fcrkmen, Orhan B\u00fcy\u00fckkarda\u015f, H\u00fcseyin Karabulut, Okay Sang\u00fcn, Hasan Aslan, Mehmet \u00d6zalevli, milletvekili aday adayl\u0131klar\u0131n\u0131 a\u00e7\u0131klad\u0131.<\/p>\n<p style=\"text-align: justify;\"><a href=\"http:\/\/www.cnnturk.com\/2011\/turkiye\/03\/26\/erdoganin.katilacagi.acilis.reklamina.suc.duyurusu\/611218.0\/index.html\" target=\"_blank\">CNN T\u00dcRK<\/a><\/p>\n","protected":false},"excerpt":{"rendered":"<p style=\"text-align: justify;\">\n<p style=\"text-align: justify;\">CHP Adana \u0130l Ba\u015fkan\u0131 Zeydan Karalar, Ba\u015fbakan Recep Tayyip Erdo\u011fan&#8217;\u0131n U\u011fur Mumcu Meydan\u0131&#8217;nda yapaca\u011f\u0131 toplu a\u00e7\u0131l\u0131\u015fla ilgili haz\u0131rlanan afi\u015flerin B\u00fcy\u00fck\u015fehir Belediyesi otob\u00fcsleri ve havaalan\u0131ndaki reklam panolar\u0131na as\u0131ld\u0131\u011f\u0131 i\u00e7in Cumhuriyet Savc\u0131\u011f\u0131&#8217;na su\u00e7 duyurusunda bulundu. <\/p>\n","protected":false},"author":1,"featured_media":0,"comment_status":"open","ping_status":"closed","sticky":false,"template":"","format":"standard","meta":{"footnotes":""},"categories":[105],"tags":[],"class_list":["post-29726","post","type-post","status-publish","format-standard","hentry","category-gundem","odd"],"_links":{"self":[{"href":"http:\/\/www.korhanyilmaz.com\/index.php?rest_route=\/wp\/v2\/posts\/29726","targetHints":{"allow":["GET"]}}],"collection":[{"href":"http:\/\/www.korhanyilmaz.com\/index.php?rest_route=\/wp\/v2\/posts"}],"about":[{"href":"http:\/\/www.korhanyilmaz.com\/index.php?rest_route=\/wp\/v2\/types\/post"}],"author":[{"embeddable":true,"href":"http:\/\/www.korhanyilmaz.com\/index.php?rest_route=\/wp\/v2\/users\/1"}],"replies":[{"embeddable":true,"href":"http:\/\/www.korhanyilmaz.com\/index.php?rest_route=%2Fwp%2Fv2%2Fcomments&post=29726"}],"version-history":[{"count":0,"href":"http:\/\/www.korhanyilmaz.com\/index.php?rest_route=\/wp\/v2\/posts\/29726\/revisions"}],"wp:attachment":[{"href":"http:\/\/www.korhanyilmaz.com\/index.php?rest_route=%2Fwp%2Fv2%2Fmedia&parent=29726"}],"wp:term":[{"taxonomy":"category","embeddable":true,"href":"http:\/\/www.korhanyilmaz.com\/index.php?rest_route=%2Fwp%2Fv2%2Fcategories&post=29726"},{"taxonomy":"post_tag","embeddable":true,"href":"http:\/\/www.korhanyilmaz.com\/index.php?rest_route=%2Fwp%2Fv2%2Ftags&post=29726"}],"curies":[{"name":"wp","href":"https:\/\/api.w.org\/{rel}","templated":true}]}}