{"id":29717,"date":"2011-03-25T19:29:05","date_gmt":"2011-03-25T17:29:05","guid":{"rendered":"http:\/\/www.korhanyilmaz.com\/?p=29717"},"modified":"2011-03-25T19:29:05","modified_gmt":"2011-03-25T17:29:05","slug":"%e2%80%98evlenip-toprak-alabileyim%e2%80%99-diye-annem-yasimi-4-yas-buyuttu","status":"publish","type":"post","link":"http:\/\/www.korhanyilmaz.com\/?p=29717","title":{"rendered":"\u2018Evlenip toprak alabileyim\u2019 diye annem ya\u015f\u0131m\u0131 4 ya\u015f b\u00fcy\u00fctt\u00fc"},"content":{"rendered":"<p><a href=\"http:\/\/www.korhanyilmaz.com\/wp-content\/uploads\/2011\/03\/3041.jpg\"  class=\"lightview\"><img loading=\"lazy\" decoding=\"async\" class=\"aligncenter size-full wp-image-29718\" src=\"http:\/\/www.korhanyilmaz.com\/wp-content\/uploads\/2011\/03\/3041.jpg\" alt=\"\" width=\"320\" height=\"100\" \/><\/a><\/p>\n<p style=\"text-align: justify;\"><strong>Y\u0131lmaz, bug\u00fcne kadar s\u0131r gibi saklad\u0131\u011f\u0131 \u201chikayesini\u201d anlatt\u0131.<\/strong><\/p>\n<p style=\"text-align: justify;\">ANKARA &#8211; Merkez Bankas\u0131 Ba\u015fkan\u0131 Durmu\u015f Y\u0131lmaz, bug\u00fcne kadar s\u0131r gibi saklad\u0131\u011f\u0131 ve g\u00f6revini b\u0131rakaca\u011f\u0131 18 Nisan sabah\u0131na kadar a\u00e7\u0131klamayaca\u011f\u0131n\u0131 s\u00f6yledi\u011fi \u201chikayesini\u201d d\u00fcn a\u00e7\u0131klad\u0131. Ba\u015fkan Y\u0131lmaz\u2019\u0131n 18 Nisan\u2019da bitecek olan g\u00f6rev s\u00fcresinin ard\u0131ndan yeniden atanmayacak olmas\u0131, \u201c65 ya\u015f\u0131ndan g\u00fcn almas\u0131na\u201d ba\u011flanm\u0131\u015ft\u0131. Ancak Ba\u015fkan\u2019\u0131n ya\u015f\u0131 b\u00fcy\u00fct\u00fclmemi\u015f olsayd\u0131, yeniden atanmamas\u0131 i\u00e7in b\u00f6yle bir gerek\u00e7e olamayacakt\u0131. <!--more--><\/p>\n<p style=\"text-align: justify;\">ASO\u2019nun toplant\u0131s\u0131na kat\u0131lan Y\u0131lmaz, 23 Mart\u2019ta 65 ya\u015f\u0131na girdi\u011finin hat\u0131rlat\u0131lmas\u0131 ve g\u00f6rev s\u00fcresinin bitmesine k\u0131sa zaman kald\u0131\u011f\u0131n\u0131n vurgulanmas\u0131 \u00fczerine \u00f6nce sustu, ard\u0131ndan da \u201cYa\u015f\u0131mla ilgili \u00e7ok tart\u0131\u015fma yap\u0131ld\u0131. Ben bunu g\u00f6revimin bitece\u011fi 18 Nisan sabah\u0131 anlataca\u011f\u0131ma s\u00f6z vermi\u015ftim. Ama anlatmam\u0131n zaman\u0131 geldi\u201d dedi. Ard\u0131ndan da salonu \u015fa\u015f\u0131rtan s\u0131r hikayesini \u015f\u00f6yle anlatt\u0131:<\/p>\n<p style=\"text-align: justify;\">&#8211; N\u00fcfustaki kayd\u0131m 23 Mart 1951\u2019di. \u0130lkokulu 1959\u2019da bitirdim. K\u00f6ydeki meran\u0131n topraks\u0131z k\u00f6yl\u00fcye da\u011f\u0131t\u0131lac\u011f\u0131 haberi yay\u0131ld\u0131. Bunun \u00fczerine annem muhtara gidiyor. Muhtar anneme demi\u015f ki, \u2018Sen dulsun, aile say\u0131lmazs\u0131n. Toprak alamazs\u0131n\u2019. Bunun \u00fczerine anneme diyorlar ki \u2018o\u011flan\u0131n ya\u015f\u0131n\u0131 b\u00fcy\u00fct ve onu evlendir. O bir aile olsun. Topra\u011f\u0131 o als\u0131n.\u2019<\/p>\n<p style=\"text-align: justify;\">&#8211; Annem de, toprak alabilelim diye, ya\u015f\u0131m\u0131 b\u00fcy\u00fctmek i\u00e7in mahkemeye m\u00fcracat ediyor. Ya\u015f\u0131m\u0131 b\u00fcy\u00fctecek, sonra da beni 8 ya\u015f b\u00fcy\u00fck bir k\u0131zla beni evlendirecek. Benden k\u00fc\u00e7\u00fck karde\u015fim var. O Hollanda\u2019da i\u015f\u00e7i. O da 1942 do\u011fumlu g\u00f6r\u00fcn\u00fcyor. D\u00fc\u015f\u00fcn\u00fcn benden k\u00fc\u00e7\u00fck ama askerlik yoklamas\u0131na geliyorlar. Neyse, annem beni mahkemeye g\u00f6t\u00fcrd\u00fc. Hakimin kar\u015f\u0131s\u0131na \u00e7\u0131kt\u0131k. \u0130ki de \u015fahit bulmu\u015f annem. Birisi amcam\u0131n o\u011flu, di\u011feri de kar\u015f\u0131 k\u00f6yde ya\u015fayan bir kom\u015fu.<\/p>\n<p style=\"text-align: justify;\"><strong>Palamut davas\u0131! <\/strong><\/p>\n<p style=\"text-align: justify;\">&#8211; Hakim kar\u015f\u0131 k\u00f6yde ya\u015fayan kom\u015fuya sordu: \u201cSen ne biliyorsun?\u201d O da ba\u015flad\u0131 anlatmaya: \u201cBu \u00e7ocu\u011fun babas\u0131n\u0131n ilk han\u0131m\u0131ndan 9-10 tane do\u011fum oldu, hepsi k\u0131z. Bu adamca\u011f\u0131z da \u2018o\u011flan, o\u011flan\u2019 diye tutturdu. Sonra bu \u00e7ocu\u011fun annesiyle evlendi. Bu han\u0131mdan do\u011fanlar da hep k\u0131z oldu. Sonra nihayet bu \u00e7ocuk d\u00fcnyaya geldi. \u00c7ocuk do\u011fdu\u011funda babas\u0131 k\u00f6ydeydi, palamut al\u0131p satard\u0131. Bir g\u00fcn birisi ko\u015ftu geldi. Dedi ki \u201cMahmut A\u011fa, m\u00fcjde o\u011flun oldu!\u201d Sonra hakim ona sordu, \u201cPalamut ne zaman al\u0131n\u0131r sat\u0131l\u0131r?\u201d Kom\u015fu, \u201cSonbaharda\u201d dedi. Hakim de \u201cO\u011flum burada 23 Mart yaz\u0131yor, demek ki ilkbahar. Demek ki sen yanl\u0131\u015f s\u00f6yledin, mahkemenin reddine&#8230;\u201d<\/p>\n<p style=\"text-align: justify;\">&#8211; Bu dava reddedildi ama annem pes etmedi. 2-3 ay sonra tekrar dava a\u00e7t\u0131. Bu kez Osmanl\u0131ca n\u00fcfus k\u00fct\u00fcklerini latin harflerine \u00e7eviren, n\u00fcfus idaresinde \u00e7al\u0131\u015fan birisine 5 lira vererek onu \u015fahit g\u00f6sterdi. O da davada ya\u015f\u0131m\u0131z\u0131 d\u00fczelttirdi. Dolay\u0131s\u0131yla 23 Mart 1951\u2019den 23 Mart 1947\u2019ye tashih edildi, d\u00fczeltildi.<\/p>\n<p style=\"text-align: justify;\">&#8211; Bu arada k\u00f6ye urganc\u0131 gelecek. O zaman kadastrocunun ad\u0131 urganc\u0131. Urganla \u00f6l\u00e7\u00fcp bi\u00e7ti\u011fi i\u00e7in. O zaman 14-15 ya\u015f\u0131ndaki \u00e7ocuk anne babas\u0131n\u0131n r\u0131zas\u0131yla evlenebiliyor. Benim de ya\u015f\u0131m b\u00fcy\u00fct\u00fclm\u00fc\u015f. Beni 8 ya\u015f b\u00fcy\u00fck bir k\u0131z \u00e7ocu\u011fuyla evlendirmeye haz\u0131rlan\u0131yorlar. B\u00f6ylece toprak sahibi olaca\u011f\u0131m. O s\u0131rada, 1960 devrimi oldu. Devrim gelince, urganc\u0131 da toprak da gitti. Ben de evlenmedim, okula ba\u015flad\u0131m. \u0130\u015fte ya\u015f hikayesi budur arkada\u015flar.\u201d<\/p>\n<p style=\"text-align: justify;\"><a href=\"http:\/\/haber.gazetevatan.com\/evlenip-toprak-alabileyim-diye-annem-yasimi-4-yas-buyuttu\/367319\/2\/Ekonomi\" target=\"_blank\">Kaynak : VATAN Gazetesi<\/a><\/p>\n","protected":false},"excerpt":{"rendered":"<\/p>\n<p style=\"text-align: justify;\">Y\u0131lmaz, bug\u00fcne kadar s\u0131r gibi saklad\u0131\u011f\u0131 \u201chikayesini\u201d anlatt\u0131.<\/p>\n<p style=\"text-align: justify;\">ANKARA &#8211; Merkez Bankas\u0131 Ba\u015fkan\u0131 Durmu\u015f Y\u0131lmaz, bug\u00fcne kadar s\u0131r gibi saklad\u0131\u011f\u0131 ve g\u00f6revini b\u0131rakaca\u011f\u0131 18 Nisan sabah\u0131na kadar a\u00e7\u0131klamayaca\u011f\u0131n\u0131 s\u00f6yledi\u011fi \u201chikayesini\u201d d\u00fcn a\u00e7\u0131klad\u0131. Ba\u015fkan Y\u0131lmaz\u2019\u0131n 18 Nisan\u2019da bitecek olan g\u00f6rev s\u00fcresinin ard\u0131ndan yeniden atanmayacak olmas\u0131, \u201c65 ya\u015f\u0131ndan g\u00fcn almas\u0131na\u201d ba\u011flanm\u0131\u015ft\u0131. Ancak <\/p>\n","protected":false},"author":1,"featured_media":0,"comment_status":"open","ping_status":"closed","sticky":false,"template":"","format":"standard","meta":{"footnotes":""},"categories":[105],"tags":[],"class_list":["post-29717","post","type-post","status-publish","format-standard","hentry","category-gundem","odd"],"_links":{"self":[{"href":"http:\/\/www.korhanyilmaz.com\/index.php?rest_route=\/wp\/v2\/posts\/29717","targetHints":{"allow":["GET"]}}],"collection":[{"href":"http:\/\/www.korhanyilmaz.com\/index.php?rest_route=\/wp\/v2\/posts"}],"about":[{"href":"http:\/\/www.korhanyilmaz.com\/index.php?rest_route=\/wp\/v2\/types\/post"}],"author":[{"embeddable":true,"href":"http:\/\/www.korhanyilmaz.com\/index.php?rest_route=\/wp\/v2\/users\/1"}],"replies":[{"embeddable":true,"href":"http:\/\/www.korhanyilmaz.com\/index.php?rest_route=%2Fwp%2Fv2%2Fcomments&post=29717"}],"version-history":[{"count":0,"href":"http:\/\/www.korhanyilmaz.com\/index.php?rest_route=\/wp\/v2\/posts\/29717\/revisions"}],"wp:attachment":[{"href":"http:\/\/www.korhanyilmaz.com\/index.php?rest_route=%2Fwp%2Fv2%2Fmedia&parent=29717"}],"wp:term":[{"taxonomy":"category","embeddable":true,"href":"http:\/\/www.korhanyilmaz.com\/index.php?rest_route=%2Fwp%2Fv2%2Fcategories&post=29717"},{"taxonomy":"post_tag","embeddable":true,"href":"http:\/\/www.korhanyilmaz.com\/index.php?rest_route=%2Fwp%2Fv2%2Ftags&post=29717"}],"curies":[{"name":"wp","href":"https:\/\/api.w.org\/{rel}","templated":true}]}}