{"id":29705,"date":"2011-03-25T15:47:49","date_gmt":"2011-03-25T13:47:49","guid":{"rendered":"http:\/\/www.korhanyilmaz.com\/?p=29705"},"modified":"2011-03-25T15:47:49","modified_gmt":"2011-03-25T13:47:49","slug":"sivil-itaasizligin-onundeki-bariyer-kalkti","status":"publish","type":"post","link":"http:\/\/www.korhanyilmaz.com\/?p=29705","title":{"rendered":"Sivil itaasizli\u011fin \u00f6n\u00fcndeki bariyer kalkt\u0131"},"content":{"rendered":"<p style=\"text-align: center;\"><a href=\"http:\/\/www.korhanyilmaz.com\/wp-content\/uploads\/2011\/03\/3011.jpg\"  class=\"lightview\"><img loading=\"lazy\" decoding=\"async\" class=\"aligncenter size-full wp-image-29706\" src=\"http:\/\/www.korhanyilmaz.com\/wp-content\/uploads\/2011\/03\/3011.jpg\" alt=\"\" width=\"336\" height=\"223\" \/><\/a><\/p>\n<p style=\"text-align: justify;\">Polis B\u00fcy\u00fck\u015fehir Belediye Ba\u015fkan\u0131 Osman Baydemir ile yap\u0131lan g\u00f6r\u00fc\u015fmelerde oturma eyleminin s\u00fcrd\u00fc\u011f\u00fc konukevi \u00e7evresindeki bariyerleri kald\u0131rd\u0131.<\/p>\n<p style=\"text-align: justify;\">D\u0130YARBAKIR &#8211; BDP ve Demokratik Toplum Kongresi\u2019nin (DTK) d\u00fcn ba\u015flatt\u0131\u011f\u0131 ve gerginli\u011fe neden olan \u2019sivil itaatsizlik\u2019 eylemi bug\u00fcn de s\u00fcrd\u00fc. Polis B\u00fcy\u00fck\u015fehir Belediye Ba\u015fkan\u0131 Osman Baydemir ile yap\u0131lan g\u00f6r\u00fc\u015fmelerde oturma eyleminin s\u00fcrd\u00fc\u011f\u00fc konukevi \u00e7evresindeki bariyerleri kald\u0131rd\u0131. Bariyerlerin kald\u0131r\u0131lmas\u0131 ile \u00e7evrede bulunan BDP\u2019liler de oturma eyleminin yap\u0131ld\u0131\u011f\u0131 alana girdi. Bir taraftan oturma eylemi yap\u0131ld\u0131, di\u011fer yandan battaniyelerin \u00fczerinde cuma namaz\u0131 k\u0131l\u0131nd\u0131. <!--more--><\/p>\n<p style=\"text-align: justify;\">BDP ve DTK\u2019n\u0131n Diyarbak\u0131r\u2019da B\u00fcy\u00fck\u015fehir Belediyesi Konukevi \u00f6n\u00fcnde d\u00fcn \u2019sivil itaatsizlik\u2019 ad\u0131 alt\u0131nda ba\u015flatt\u0131\u011f\u0131 ve gerginli\u011fi neden olan oturma eylemi bug\u00fcn de s\u00fcrd\u00fc. Geceyi Ko\u015fuyolu Park\u0131\u2019nda kurulan \u00e7ad\u0131rlarda ge\u00e7iren BDP Genel Ba\u015fkan\u0131 Selehattin Demirta\u015f, yard\u0131mc\u0131s\u0131 G\u00fclten K\u0131\u015fanak, DTK Genel Ba\u015fkan Yard\u0131mc\u0131s\u0131 Aysel Tu\u011fluk, Diyarbak\u0131r B\u00fcy\u00fck\u015fehir Belediye Ba\u015fkan\u0131 Osman Baydemir, belediye ba\u015fkanlar\u0131 ve BDP\u2019li y\u00f6neticiler, bu sabah konukevi \u00f6n\u00fcne geldi.<\/p>\n<p style=\"text-align: justify;\">Diyarbak\u0131r B\u00fcy\u00fck\u015fehir Belediye Ba\u015fkan\u0131 Osman Baydemir, Diyarbak\u0131r Emniyet M\u00fcd\u00fcr Yard\u0131mc\u0131s\u0131 \u0130lyas Burunak ile g\u00f6r\u00fc\u015ferek, konukevi \u00f6n\u00fcndeki bariyerleri kald\u0131rmalar\u0131n\u0131 istedi. Baydemir, Burunak ile g\u00f6r\u00fc\u015fmesinde \u015funlar\u0131 s\u00f6yledi:<\/p>\n<p style=\"text-align: justify;\">&#8220;D\u00fcn ba\u015flayan eylemden \u015fimdiye kadar yapt\u0131\u011f\u0131m\u0131z g\u00f6r\u00fc\u015fmeler neticisinde ve sa\u011fduyulu yakla\u015f\u0131mdan dolay\u0131 her hangi bir olay ya\u015fanmad\u0131. Sizden bu bariyerleri kald\u0131rman\u0131z\u0131 istiyoruz. Daha \u00f6nce ba\u015fka ama\u00e7 i\u00e7in burada bulunan \u00e7ad\u0131r\u0131m\u0131z\u0131 vermenizi ve bu \u00e7ad\u0131r\u0131 burada kurmak istiyoruz. Biz de cuma namaz\u0131ndan sonra e\u015f genel ba\u015fkanlar\u0131m\u0131z\u0131n yapaca\u011f\u0131 bir a\u00e7\u0131klama ile buradan ayr\u0131laca\u011f\u0131z. Hassasiyetleri dikkate almal\u0131y\u0131z. Bu nedenle bir olumsuzlu\u011fun \u00e7\u0131kmamas\u0131 i\u00e7in bariyerleri kald\u0131rman\u0131z\u0131 istiyoruz. Bu konuda sorun \u00e7\u0131kmayaca\u011f\u0131 konusunda bana g\u00fcvenmenizi istiyoruz.&#8221;<\/p>\n<p style=\"text-align: justify;\">Emniyet M\u00fcd\u00fcr Yard\u0131mc\u0131s\u0131 \u0130lyas Burunak ise Baydemir\u2019e, &#8220;Say\u0131n ba\u015fkan d\u00fcnden bu yana sa\u011fduyulu yakla\u015f\u0131m\u0131m\u0131z ile ciddi anlamda bir sorun ya\u015famad\u0131k. Buraya yeniden \u00e7ad\u0131r kurulmas\u0131 i\u00e7in say\u0131n valimizle g\u00f6r\u00fc\u015fmeniz gerekiyor. Biz size g\u00fcveniyoruz. Hafta sonu \u00fcniversite s\u0131nav\u0131 var. \u00c7ad\u0131r konusunda say\u0131n valimizin talimat\u0131 var onunla g\u00f6r\u00fc\u015fseniz daha iyi olur&#8221; dedi.<\/p>\n<p style=\"text-align: justify;\">Yap\u0131lan g\u00f6r\u00fc\u015fmelerden sonra polis, Konuk evi \u00e7evresindeki polis bariyelerleri kald\u0131rd\u0131 ve vatanda\u015flar Konuk evinin \u00f6n\u00fcne ge\u00e7ti. Bir grup burada davul zurna e\u015fli\u011finde halaylar \u00e7ekti.<\/p>\n<p style=\"text-align: justify;\"><strong>HEM EYLEM, HEM \u0130BADET <\/strong><\/p>\n<p style=\"text-align: justify;\">Cuma namaz\u0131 nedeniyle oturma eylemine kat\u0131lan baz\u0131 vatanda\u015flar konukevi \u00f6n\u00fcnde serdikleri batteniyelerin \u00fczerinde cuma namaz\u0131 k\u0131larken, cuma namaz\u0131na kat\u0131lmayanlar ise oturma eylemeni devam etti. Hem oturma eylemi hem de cuma namaz\u0131 i\u00e7in saf tutan BDP\u2019liler ilgin\u00e7 bir g\u00f6r\u00fcnt\u00fc olu\u015fturdu.<\/p>\n<p style=\"text-align: justify;\"><a href=\"http:\/\/www.radikal.com.tr\/Radikal.aspx?aType=RadikalDetayV3&amp;ArticleID=1044070&amp;Date=25.03.2011&amp;CategoryID=77\" target=\"_blank\">Kaynak : Radikal<\/a><\/p>\n","protected":false},"excerpt":{"rendered":"<p style=\"text-align: center;\">\n<p style=\"text-align: justify;\">Polis B\u00fcy\u00fck\u015fehir Belediye Ba\u015fkan\u0131 Osman Baydemir ile yap\u0131lan g\u00f6r\u00fc\u015fmelerde oturma eyleminin s\u00fcrd\u00fc\u011f\u00fc konukevi \u00e7evresindeki bariyerleri kald\u0131rd\u0131.<\/p>\n<p style=\"text-align: justify;\">D\u0130YARBAKIR &#8211; BDP ve Demokratik Toplum Kongresi\u2019nin (DTK) d\u00fcn ba\u015flatt\u0131\u011f\u0131 ve gerginli\u011fe neden olan \u2019sivil itaatsizlik\u2019 eylemi bug\u00fcn de s\u00fcrd\u00fc. Polis B\u00fcy\u00fck\u015fehir Belediye Ba\u015fkan\u0131 Osman Baydemir ile yap\u0131lan g\u00f6r\u00fc\u015fmelerde oturma eyleminin s\u00fcrd\u00fc\u011f\u00fc <\/p>\n","protected":false},"author":1,"featured_media":0,"comment_status":"open","ping_status":"closed","sticky":false,"template":"","format":"standard","meta":{"footnotes":""},"categories":[105],"tags":[],"class_list":["post-29705","post","type-post","status-publish","format-standard","hentry","category-gundem","odd"],"_links":{"self":[{"href":"http:\/\/www.korhanyilmaz.com\/index.php?rest_route=\/wp\/v2\/posts\/29705","targetHints":{"allow":["GET"]}}],"collection":[{"href":"http:\/\/www.korhanyilmaz.com\/index.php?rest_route=\/wp\/v2\/posts"}],"about":[{"href":"http:\/\/www.korhanyilmaz.com\/index.php?rest_route=\/wp\/v2\/types\/post"}],"author":[{"embeddable":true,"href":"http:\/\/www.korhanyilmaz.com\/index.php?rest_route=\/wp\/v2\/users\/1"}],"replies":[{"embeddable":true,"href":"http:\/\/www.korhanyilmaz.com\/index.php?rest_route=%2Fwp%2Fv2%2Fcomments&post=29705"}],"version-history":[{"count":0,"href":"http:\/\/www.korhanyilmaz.com\/index.php?rest_route=\/wp\/v2\/posts\/29705\/revisions"}],"wp:attachment":[{"href":"http:\/\/www.korhanyilmaz.com\/index.php?rest_route=%2Fwp%2Fv2%2Fmedia&parent=29705"}],"wp:term":[{"taxonomy":"category","embeddable":true,"href":"http:\/\/www.korhanyilmaz.com\/index.php?rest_route=%2Fwp%2Fv2%2Fcategories&post=29705"},{"taxonomy":"post_tag","embeddable":true,"href":"http:\/\/www.korhanyilmaz.com\/index.php?rest_route=%2Fwp%2Fv2%2Ftags&post=29705"}],"curies":[{"name":"wp","href":"https:\/\/api.w.org\/{rel}","templated":true}]}}