{"id":29701,"date":"2011-03-25T15:58:05","date_gmt":"2011-03-25T13:58:05","guid":{"rendered":"http:\/\/www.korhanyilmaz.com\/?p=29701"},"modified":"2011-03-25T15:58:05","modified_gmt":"2011-03-25T13:58:05","slug":"ayhan-carkin-emniyette","status":"publish","type":"post","link":"http:\/\/www.korhanyilmaz.com\/?p=29701","title":{"rendered":"Ayhan \u00c7ark\u0131n Emniyet&#8217;te"},"content":{"rendered":"<p style=\"text-align: justify;\"><a href=\"http:\/\/www.korhanyilmaz.com\/wp-content\/uploads\/2011\/03\/3001.jpg\"  class=\"lightview\"><img loading=\"lazy\" decoding=\"async\" class=\"aligncenter size-full wp-image-29702\" src=\"http:\/\/www.korhanyilmaz.com\/wp-content\/uploads\/2011\/03\/3001.jpg\" alt=\"\" width=\"320\" height=\"214\" \/><\/a><\/p>\n<p style=\"text-align: justify;\">Susurluk konusunda Radikal&#8217;e yapt\u0131\u011f\u0131 a\u00e7\u0131klamalarla g\u00fcndeme gelen Ayhan \u00c7ark\u0131n organize \u015fue ekipleri saat 12.00 s\u0131ralar\u0131nda Ayhan \u00c7ark\u0131n&#8217;\u0131n Bak\u0131rk\u00f6y&#8217;de bulunan evine geldi. Polisler savc\u0131l\u0131k karar\u0131yla \u00c7ark\u0131n&#8217;\u0131n g\u00f6zalt\u0131nda tutulaca\u011f\u0131n\u0131 bildirdi.<!--more--><\/p>\n<p style=\"text-align: justify;\">\u00d6zel Harekat polisi Ayhan \u00c7ark\u0131n, Susurluk konusunda Radikal Gazetesi\u2019ne yapt\u0131\u011f\u0131 a\u00e7\u0131klamalar\u0131 nedeniyle g\u00f6zalt\u0131na al\u0131nd\u0131.<\/p>\n<p style=\"text-align: justify;\">\u0130stanbul \u00d6zel Yetkili Cumhuriyet Savc\u0131l\u0131\u011f\u0131\u2019n\u0131n talimat\u0131 \u00fczerine Organize Su\u00e7larla M\u00fccadele \u015eube M\u00fcd\u00fcrl\u00fc\u011f\u00fc harekete ge\u00e7ti. Ekipler, eski \u00f6zel harekat polisi Ayhan \u00c7ark\u0131n\u2019\u0131 g\u00f6zalt\u0131na ald\u0131. Vatan Caddesi\u2019ndeki \u0130stanbul Emniyet M\u00fcd\u00fcrl\u00fc\u011f\u00fc\u2019ne g\u00f6t\u00fcr\u00fclen \u00c7apk\u0131n\u2019\u0131n Susurluk ba\u015fta olmak \u00fczere bir\u00e7ok konuda Radikal Gazetesi\u2019ne yapt\u0131\u011f\u0131 a\u00e7\u0131klamalarla ilgili olarak g\u00f6zalt\u0131na al\u0131nd\u0131\u011f\u0131 belirtildi. Soru\u015fturmaya d\u00f6n\u00fc\u015ft\u00fcren Savc\u0131 Karaali\u2019nin, \u00c7ark\u0131n\u2019\u0131n &#8220;\u015f\u00fcpheli&#8221; s\u0131fat\u0131yla ifadesine ba\u015fvuraca\u011f\u0131 \u00f6\u011frenildi.  \u00c7ark\u0131n, kendisiyle yap\u0131lan r\u00f6portajda g\u00f6rev yapt\u0131\u011f\u0131 d\u00f6nemle ilgili itiraflarda bulunmu\u015ftu. \u00c7ark\u0131n Radikal&#8217;den Din\u00e7er G\u00f6k\u00e7e ve Enis Tayman&#8217;a yapt\u0131\u011f\u0131 a\u00e7\u0131klamada \u015f\u00f6yle konu\u015fmu\u015ftu:<\/p>\n<p style=\"text-align: justify;\"><strong>Bu ate\u015f hepimizi yakacak <\/strong><\/p>\n<p style=\"text-align: justify;\">&#8220;Ben 1986\u2019da G\u00fcneydo\u011fu\u2019ya ilk g\u00f6nderilen 320 ki\u015filik \u00d6zel Harek\u00e2t grubu i\u00e7indeydim. 1990\u2019a kadar b\u00f6lgede kald\u0131m. Hepimiz kana bula\u015fm\u0131\u015ft\u0131k. \u00d6yle korkun\u00e7 \u015feyler yap\u0131ld\u0131 ki o halka. Gitti\u011fimizde bakt\u0131k adam\u0131n biri gelmi\u015f, \u00e7olu\u011fun \u00e7ocu\u011fun i\u00e7inde adam\u0131n birini \u00e7\u0131r\u0131l\u00e7\u0131plak soymu\u015f. Milleti k\u00f6y ortas\u0131nda toplam\u0131\u015f dayak at\u0131yor. Bir K\u00fcrt\u2019\u00fc PKK\u2019l\u0131 diye \u00e7\u0131r\u0131l\u00e7\u0131plak soyan bir zihniyet nedir? Bunlar Atat\u00fcrk\u2019\u00fcn askeri olamaz. Bunun ad\u0131 ter\u00f6rle m\u00fccadele de\u011fildi, bunun ad\u0131 ihanetti. Ben bu halka (K\u00fcrtler) u\u00e7ak kullan\u0131ld\u0131\u011f\u0131n\u0131 g\u00f6rd\u00fcm. Top kullan\u0131yorsun, tank kullan\u0131yorsun, may\u0131nlar kullan\u0131yorsun halk\u0131na kar\u015f\u0131. Bu ate\u015f hepimizi yakacak. B.. yedirdik bu millete. T\u0131rnaklar\u0131n\u0131 s\u00f6kt\u00fck, dilini yasaklad\u0131k, biz bunu yapt\u0131k. Ama K\u00fcrt halk\u0131ndan rica ediyorum bizim bayra\u011f\u0131m\u0131za sayg\u0131s\u0131zl\u0131k yapmay\u0131n, bu bayra\u011fa en az\u0131ndan siz sahip \u00e7\u0131k\u0131n. Bu bayra\u011f\u0131n en \u00e7ok K\u00fcrtlere ihtiyac\u0131 var. K\u00fcrt halk\u0131 bizim onurumuz, omurgam\u0131z, gururumuz. Bir \u00f6z\u00fcr dilememiz laz\u0131m K\u00fcrtlerden&#8230; \u015eimdi her tarafta toplu mezarlar \u00e7\u0131k\u0131yor. \u0130ster gerilla de ister ter\u00f6rist. Bu toplu mezarlar bu \u00fclkenin ay\u0131b\u0131d\u0131r.<\/p>\n<p style=\"text-align: justify;\"><strong>\u00d6calan\u2019a sayg\u0131 duyuyorum <\/strong><\/p>\n<p style=\"text-align: justify;\">Adam ba\u011f\u0131r\u0131yor y\u0131llard\u0131r \u0130mral\u0131\u2019da. Ben de buradan ba\u011f\u0131r\u0131yorum \u015fu anda. \u00d6calan\u2019a sayg\u0131 duyuyorum. Ben onun liderlik vasf\u0131na sayg\u0131 duydum. Kan dursun istiyor. \u00d6calan \u015fimdiye kadar T\u00fcrk bayra\u011f\u0131na, T\u00fcrk halk\u0131na sayg\u0131s\u0131zl\u0131k ettirmedi. Ben iki Abdullah sevdim bu hayatta. Biri Abdullah \u00d6calan, di\u011feri Abdullah \u00c7atl\u0131. Bunlar lider vas\u0131fl\u0131 insanlard\u0131. Ne olur bu \u00fclkeye yard\u0131m etsin K\u00fcrtler. Abdullah \u00d6calan\u2019a sesleniyorum: T\u00fcrkiye\u2019ye sahip \u00e7\u0131k, yard\u0131m et.<\/p>\n<p style=\"text-align: justify;\"><strong>\u00c7eteler katliam yapt\u0131 <\/strong><\/p>\n<p style=\"text-align: justify;\">Deh\u015fet \u015feyler ya\u015fand\u0131 o b\u00f6lgede. 1986\u2019da gittik oraya. Bir y\u0131l sonra Mardin \u00d6merli\u2019ye ba\u011fl\u0131 P\u0131narc\u0131k K\u00f6y\u00fc\u2019nde bir katliam ya\u015fand\u0131. 16\u2019s\u0131 \u00e7ocuk 30 ki\u015fi katledilmi\u015fti. O k\u00f6ye gittim, kan barut kokusu vard\u0131 her tarafta. P\u0131narc\u0131k katliam\u0131n\u0131 provokasyon ama\u00e7l\u0131 J\u0130TEM\u2019in olu\u015fturdu\u011fu gruplar yapt\u0131. \u00c7o\u011fu \u00e7ocuk 30 insan. Bir \u00e7ocu\u011fun cans\u0131z bedeni kollar\u0131mdayd\u0131 (a\u011fl\u0131yor)\u2026 O insanlar\u0131 \u00f6rg\u00fct \u00f6ld\u00fcrmedi. Bu kan\u0131 d\u00f6ken ba\u015fkas\u0131yd\u0131. Ba\u015fba\u011flar katliam\u0131, Bilan kazas\u0131 olay\u0131, Jave k\u00f6yleri\u2026Ayn\u0131 ekip yapt\u0131 bunlar\u0131. Ba\u015fba\u011flar katliam\u0131 kesinlikle Ergenekon zihniyeti \u00fcr\u00fcn\u00fcd\u00fcr.<\/p>\n<p style=\"text-align: justify;\">Benim girdi\u011fim t\u00fcm silahl\u0131 \u00e7at\u0131\u015fmalarda imzam vard\u0131r. Bu i\u015fte bir adalet varsa ben o i\u015fte var\u0131m. Kimlerle \u00e7al\u0131\u015fm\u0131\u015fsam onlara da her \u015feyi sormaya hakk\u0131 vard\u0131r insanlar\u0131n. Hi\u00e7bir yere ka\u00e7mayaca\u011f\u0131m. \u00d6calan\u2019\u0131n \u00f6nerdi\u011fi hakikatleri ara\u015ft\u0131rma komisyonu a\u00e7\u0131ls\u0131n, namusum ve \u015ferefim \u00fczerine yemin ediyorum gider her \u015feyi anlat\u0131r\u0131m. Benimle birlikte olanlar\u0131, bu \u00fclkeye ihanet edenleri s\u00f6yleyece\u011fime yemin ediyorum. Ama o komisyona ba\u015fkalar\u0131 da gelmeli. Mehmet A\u011far, \u0130brahim \u015eahin ve daha ba\u015fkalar\u0131 da gelmeli.<\/p>\n<p style=\"text-align: justify;\"><strong>\u015eahin beni kand\u0131ramaz <\/strong><\/p>\n<p style=\"text-align: justify;\">Ben \u0130stanbul\u2019daki her bask\u0131nda vard\u0131m. Perpa bask\u0131n\u0131nda bir k\u0131z \u00f6ld\u00fc, infaz edildi. Ben silahl\u0131 \u00e7at\u0131\u015fmadayd\u0131m o esnada. Orada ba\u015fka bir Ayhan vard\u0131, o vurdu k\u0131z\u0131. Sabahat Karata\u015f olay\u0131nda (\u00c7iftehavuzlar) ben vard\u0131m. \u0130brahim \u015eahin\u2019in yan\u0131ndayd\u0131m. Bah\u00e7elievler\u2019deki \u00e7at\u0131\u015fmada imzam\u0131 att\u0131m. 15 ki\u015fi \u00f6lm\u00fc\u015ft\u00fc orada. Hata yapt\u0131ysam bedelini \u00f6demeye haz\u0131r\u0131m. Ama emri kim veriyorsa katil odur. Ben tiksindim bu olanlardan.<\/p>\n<p style=\"text-align: justify;\">\u015eimdi o d\u00f6nem bize ba\u015fkanl\u0131k yapan \u0130brahim \u015eahin\u2019in \u015fu anki halini g\u00f6r\u00fcyorum da \u00e7\u0131ld\u0131r\u0131yorum. Adli T\u0131p\u2019ta rapor pe\u015finde. Haf\u0131za kayb\u0131 ya\u015f\u0131yormu\u015f. Biz onun odas\u0131na girmeden \u00f6nce salavat getirirdik. \u015eimdi d\u00fc\u015ft\u00fc\u011f\u00fc duruma bak\u0131n! Beni kand\u0131ramazs\u0131n \u0130brahim \u015eahin. O alaca\u011f\u0131n deli raporunun arkas\u0131na s\u0131\u011f\u0131namazs\u0131n. \u00c7\u00fcnk\u00fc t\u00fcm cevaplar onda. Mehmet A\u011far da \u00e7\u0131ks\u0131n hesab\u0131n\u0131 versin.<\/p>\n<p style=\"text-align: justify;\"><strong>Ergenekon d\u0131\u015far\u0131da<\/strong><\/p>\n<p style=\"text-align: justify;\">Ergenekon bizim hepimizin \u00e7\u0131k\u0131\u015f noktas\u0131. Bizim \u00e7\u0131k\u0131\u015f noktam\u0131zd\u0131r. Ergenekon\u2019dan \u015fu anda kimse i\u00e7eride de\u011fil. Hepsi d\u0131\u015far\u0131da. Veli K\u00fc\u00e7\u00fck\u2019\u00fcn Da\u011fl\u0131k Karaba\u011f\u2019la da alakas\u0131 var. Orada da bir Ergenekon var.<\/p>\n<p style=\"text-align: justify;\"><strong>Kamyonla ihaneti anlad\u0131m <\/strong><\/p>\n<p style=\"text-align: justify;\">Herkesin bir d\u00f6n\u00fcm noktas\u0131 vard\u0131r. Benim hayat\u0131m\u0131n k\u0131r\u0131lma noktas\u0131 Susurluk kazas\u0131 sonras\u0131 oldu. Kamyon \u00e7arpt\u0131 kendime geldim. Olay yerine gittim arkada\u015f\u0131m\u0131 (Abdullah \u00c7atl\u0131) ald\u0131m ambulansa koydum. \u00c7\u0131plak bedenini \u00f6pe koklaya Nev\u015fehir\u2019e kadar g\u00f6t\u00fcrd\u00fcm. Sonra da ellerimle topra\u011fa verdim. \u00c7atl\u0131 ve di\u011ferleri o arabada \u00f6ld\u00fcr\u00fcld\u00fc\u2026 O kazadan sonra ihanete u\u011frad\u0131\u011f\u0131m\u0131z\u0131 anlad\u0131m.<\/p>\n<p style=\"text-align: justify;\"><strong>Arkada\u015flar konu\u015fsun <\/strong><\/p>\n<p style=\"text-align: justify;\">Ben Nevruz\u2019a e\u015fimle, \u00e7ocuklar\u0131mla, arkada\u015flar\u0131mla gittim. Ben oraya T\u00fcrk olarak gittim, \u2018katil\u2019 olarak gittim. Ta k\u00fcrs\u00fcye kadar gittim. \u2018Beni konu\u015fturacaks\u0131n\u0131z\u2019 dedim. Beni bug\u00fcn burada konu\u015fturan vicdand\u0131r. Kendi i\u00e7imdeki karanl\u0131ktan kurtulmak istiyorum. \u015eimdi o beraber g\u00f6rev yapt\u0131\u011f\u0131m\u0131z arkada\u015flar\u0131ma sesleniyorum. Siz de \u00e7\u0131k\u0131n anlat\u0131n t\u00fcm bildiklerinizi. Art\u0131k konu\u015fmak laz\u0131m.<\/p>\n<p style=\"text-align: justify;\"><strong>2002\u2019de \u2018\u00e7ete yoktur\u2019 dedi \u015fimdi \u2018anlatmaya\u2019 haz\u0131r <\/strong><\/p>\n<p style=\"text-align: justify;\">Ayhan \u00c7ark\u0131n\u2019\u0131n Radikal\u2019e anlatt\u0131klar\u0131 ile 10 \u015eubat 2002 g\u00fcn\u00fc H\u00fcrriyet\u2019te \u00e7\u0131kan r\u00f6portaj\u0131 aras\u0131nda \u00f6nemli farklar olu\u015ftu.<\/p>\n<p style=\"text-align: justify;\">9 y\u0131l \u00f6nce Ay\u015fe Arman\u2019a konu\u015fan \u00c7ark\u0131n, \u2018tetik\u00e7ilik\u2019, \u2018Susurluk\u2019, \u2018k\u00f6y bask\u0131nlar\u0131\u2019 gibi konularda bug\u00fcnk\u00fcnden farkl\u0131 a\u00e7\u0131klamalar yapm\u0131\u015ft\u0131. \u00d6nemli konularda 2 ayr\u0131 \u00c7ark\u0131n a\u00e7\u0131klamalar\u0131 \u015f\u00f6yle:<\/p>\n<p style=\"text-align: justify;\"><strong>91 cinayet su\u00e7lamas\u0131 <\/strong><\/p>\n<p style=\"text-align: justify;\">10 \u015eubat 2002: 91 cinayetle su\u00e7lanan \u00c7ark\u0131n o zaman \u2018katil\u2019 de\u011fil devlet g\u00f6revlisi oldu\u011funu vurguluyor, mesle\u011fini, \u2018\u00f6lmemek i\u00e7in bertaraf etmek\u2019 diye tan\u0131ml\u0131yordu: \u201cCinayet i\u015flemedik. \u0130\u015fleseydik ka\u00e7ard\u0131k. Cinayet, masum, kendini savunamayan insanlar\u0131 \u00f6ld\u00fcrmektir. Bizim G\u00fcneydo\u011fu\u2019da i\u015flediklerimiz cinayet de\u011fil. \u015eartlar e\u015fit. Kar\u015f\u0131 tarafta devlete hainlik yapanlar&#8230; Ve tabii biz de kendi savunma mekanizmam\u0131z\u0131 olu\u015fturduk. T\u00fcrkiye Cumhuriyeti bize bu yetkiyi veriyordu. \u00d6ld\u00fcrd\u00fc\u011f\u00fcm insanlar\u0131n \u00e7etelesini tutmad\u0131m.<\/p>\n<p style=\"text-align: justify;\">22 Mart 2011: G\u00fcneydo\u011fu\u2019da ilk g\u00f6nderilen 320 ki\u015filik \u00d6zel Harekat grubundayd\u0131m. Korkun\u00e7 \u015feyler ya\u015fand\u0131 o b\u00f6lgede. Hepimiz kana bula\u015fm\u0131\u015ft\u0131k. Bir k\u00f6ye gitti\u011fimizde bakt\u0131k adam\u0131n biri gelmi\u015f, \u00e7olu\u011funun \u00e7ocu\u011funun i\u00e7inde bir adam\u0131 \u00e7\u0131r\u0131l\u00e7\u0131plak soyuyor, toplam\u0131\u015f dayak at\u0131yor. Atat\u00fcrk\u2019\u00fcn askerleri bunu nas\u0131l yapar?<\/p>\n<p style=\"text-align: justify;\"><strong>Susurluk \u00e7etesi <\/strong><\/p>\n<p style=\"text-align: justify;\">10 \u015eubat 2002: Susurluk \u00e7etesi diye bir \u00e7ete oldu\u011funa inanm\u0131yorum. Devletten \u00e7ete olmaz. As\u0131l \u00e7ete, bunu rapor haline getirip benim devletimde \u00e7ete vard\u0131r diyenler. Kim onlar? Siyasiler. Susurluk raporunun alt\u0131na kimler imza atm\u0131\u015fsa, onlar. Bu rapor sayesinde b\u00fct\u00fcn ter\u00f6rist \u00f6rg\u00fctler Avrupa \u00fclkelerinden s\u0131\u011f\u0131nma hakk\u0131 talep edecek. Diyecekler ki, T\u00fcrkiye Cumhuriyeti Devleti denilen bir \u015fey yok karde\u015fim, orada \u00e7ete var. Sa\u00e7ma! Varsa bile, o \u00e7eteyi bu \u015fekilde ortaya \u00e7\u0131kartamazs\u0131n. O \u00e7ete biz de\u011filiz!.<\/p>\n<p style=\"text-align: justify;\">22 Mart 2011: Bize ba\u015fkanl\u0131k yapan \u0130brahim \u015eahin \u015fimdi deli raporu pe\u015finde. Beni kand\u0131ramazs\u0131n \u015eahin. Mehmet A\u011far da \u00e7\u0131ks\u0131n hesab\u0131n\u0131 versin. \u015eimdi onu koruyanlar, arkas\u0131nda katiller var. As\u0131l Ergenekon d\u0131\u015far\u0131da. Susurluk kazas\u0131yla ihanete u\u011frad\u0131\u011f\u0131m\u0131z\u0131 anlad\u0131m. \u00c7atl\u0131 ve di\u011ferleri o arabada \u00f6ld\u00fcr\u00fcld\u00fc.<\/p>\n<p style=\"text-align: justify;\"><strong>K\u00f6y katliamlar\u0131 <\/strong><\/p>\n<p style=\"text-align: justify;\">10 \u015eubat 2002: Bir bu\u00e7uk ayl\u0131k \u00e7ocu\u011fun cesedini elleriyle toplam\u0131\u015f adam\u0131m ben. Kimse bana ter\u00f6r\u00fcn hakl\u0131l\u0131\u011f\u0131n\u0131 ispat edemez. Mavi \u00c7ar\u015f\u0131 katliam\u0131nda tencere tava \u00e7alanlar niye \u00e7\u0131kmad\u0131? Ya P\u0131narc\u0131 katliam\u0131 ya Milan Mezras\u0131 katliam\u0131? 33 asker \u015fehit edilirken, ekip otolar\u0131 kur\u015funlan\u0131rken, gazeteciler \u00f6l\u00fcrken bu temiz toplum havarileri neredeydiler?\u201d<\/p>\n<p style=\"text-align: justify;\">22 Mart 2011: Mardin\u2019in P\u0131narc\u0131k K\u00f6y\u00fc\u2019nde bir katliam ya\u015fand\u0131. Katliam\u0131 provokasyon ama\u00e7l\u0131, J\u0130TEM\u2019in olu\u015fturdu\u011fu gruplar yapt\u0131. \u00c7o\u011fu \u00e7ocuk 30 insan (a\u011fl\u0131yor). O insanlar\u0131 \u00f6rg\u00fct \u00f6ld\u00fcrmedi. Ba\u015fba\u011flar katliam\u0131, Bilan kazas\u0131 olay\u0131, Jave k\u00f6yleri, hepsini ayn\u0131 ekip yapt\u0131. Ba\u015fba\u011flar, Ergenekon zihniyeti \u00fcr\u00fcn\u00fcd\u00fcr.<\/p>\n<p style=\"text-align: justify;\"><strong>Hizmetle gurur <\/strong><\/p>\n<p style=\"text-align: justify;\">10 \u015eubat 2002: Ben yapm\u0131\u015f oldu\u011fum hizmetlerle gurur duyuyorum. Tamam, polislikten ihra\u00e7 oldum, att\u0131lar ama umursam\u0131yorum. Neticede Memoli de\u011filiz!<\/p>\n<p style=\"text-align: justify;\">22 Mart 2011: Bu millete b.. yedirdiler. K\u00fcrtlerden \u00f6z\u00fcr dilenmeli. Hakikatleri ara\u015ft\u0131rma komisyonu a\u00e7\u0131ls\u0131n gider her \u015feyi anlat\u0131r\u0131m. Benimle birlikte olanlar\u0131 bu \u00fclkeye ihanet edenleri s\u00f6yleyece\u011fime yemin ediyorum.<\/p>\n<p style=\"text-align: justify;\"><strong>\u00c7ok operasyonda \u2018imzas\u0131\u2019 var <\/strong><\/p>\n<p style=\"text-align: justify;\">Erzurum\u2019lu olan 49 ya\u015f\u0131ndaki Ayhan \u00c7ark\u0131n kendi ifadesiyle en \u00e7ok operasyona \u2018imzas\u0131n\u0131\u2019 atan \u00d6zel Tim\u2019ci olarak biliniyor. \u00c7ark\u0131n\u2019\u0131n \u00d6zel Tim\u2019e se\u00e7imini ise Yarbay Korkut Eken yapt\u0131. Emniyetteki \u2018mesai\u2019si 19 y\u0131l s\u00fcrd\u00fc. 1986\u2019da, G\u00fcneydo\u011fu\u2019ya ilk giden 320 ki\u015filik \u00d6zel Harekat ekibi i\u00e7inde yer ald\u0131. B\u00f6lgede 5 y\u0131la yak\u0131n kadar da\u011f-bay\u0131r insan av\u0131nda olan \u00c7ark\u0131n\u2019\u0131n i\u00e7inde bulundu\u011fu ev bask\u0131nlar\u0131nda kimsenin sa\u011f \u00e7\u0131kamad\u0131\u011f\u0131 s\u00f6yleniyordu. 1990\u2019l\u0131 y\u0131llar\u0131n ba\u015f\u0131nda \u0130stanbul Ter\u00f6rle M\u00fccadele \u015eube M\u00fcd\u00fcrl\u00fc\u011f\u00fc\u2019nde \u00e7al\u0131\u015fmaya ba\u015flad\u0131. \u00c7iftehavuzlar, Perpa ve Bah\u00e7elievler\u2019de sol gruplara y\u00f6nelik operasyonlar\u0131n hepsinde yer ald\u0131. \u00c7ark\u0131n, ka\u00e7 ki\u015fi \u00f6ld\u00fcrd\u00fc\u011f\u00fc y\u00f6n\u00fcndeki soruya \u201c\u00d6ld\u00fcrd\u00fc\u011f\u00fcm insanlar\u0131n \u00e7etelesini tutmad\u0131m\u201d diyor.<\/p>\n<p style=\"text-align: justify;\">Kumarhaneler kral\u0131 \u00d6mer L\u00fctfi Topal cinayetinde yer ald\u0131\u011f\u0131 gerek\u00e7esiyle g\u00f6zalt\u0131na al\u0131nan \u00c7ark\u0131n, Susurluk kazas\u0131nda yaral\u0131 kurtulan DYP\u2019li Milletvekili Sedat Bucak\u2019\u0131n alt\u0131 korumas\u0131ndan biriydi. \u00c7ark\u0131n Susurluk davas\u0131nda \u0130stanbul DGM taraf\u0131ndan Ocak 1997\u2019de tutukland\u0131. 4 y\u0131l ceza ald\u0131, 291 g\u00fcn hapis yatt\u0131.&#8221;<\/p>\n<p style=\"text-align: justify;\"><a href=\"http:\/\/www.radikal.com.tr\/Radikal.aspx?aType=RadikalDetayV3&amp;ArticleID=1044071&amp;Date=25.03.2011&amp;CategoryID=77\" target=\"_blank\"><span style=\"color: #888888;\">Kaynak : Radikal<\/span><\/a><\/p>\n","protected":false},"excerpt":{"rendered":"<p style=\"text-align: justify;\">\n<p style=\"text-align: justify;\">Susurluk konusunda Radikal&#8217;e yapt\u0131\u011f\u0131 a\u00e7\u0131klamalarla g\u00fcndeme gelen Ayhan \u00c7ark\u0131n organize \u015fue ekipleri saat 12.00 s\u0131ralar\u0131nda Ayhan \u00c7ark\u0131n&#8217;\u0131n Bak\u0131rk\u00f6y&#8217;de bulunan evine geldi. Polisler savc\u0131l\u0131k karar\u0131yla \u00c7ark\u0131n&#8217;\u0131n g\u00f6zalt\u0131nda tutulaca\u011f\u0131n\u0131 bildirdi.<\/p>\n","protected":false},"author":1,"featured_media":0,"comment_status":"open","ping_status":"closed","sticky":false,"template":"","format":"standard","meta":{"footnotes":""},"categories":[105],"tags":[],"class_list":["post-29701","post","type-post","status-publish","format-standard","hentry","category-gundem","odd"],"_links":{"self":[{"href":"http:\/\/www.korhanyilmaz.com\/index.php?rest_route=\/wp\/v2\/posts\/29701","targetHints":{"allow":["GET"]}}],"collection":[{"href":"http:\/\/www.korhanyilmaz.com\/index.php?rest_route=\/wp\/v2\/posts"}],"about":[{"href":"http:\/\/www.korhanyilmaz.com\/index.php?rest_route=\/wp\/v2\/types\/post"}],"author":[{"embeddable":true,"href":"http:\/\/www.korhanyilmaz.com\/index.php?rest_route=\/wp\/v2\/users\/1"}],"replies":[{"embeddable":true,"href":"http:\/\/www.korhanyilmaz.com\/index.php?rest_route=%2Fwp%2Fv2%2Fcomments&post=29701"}],"version-history":[{"count":0,"href":"http:\/\/www.korhanyilmaz.com\/index.php?rest_route=\/wp\/v2\/posts\/29701\/revisions"}],"wp:attachment":[{"href":"http:\/\/www.korhanyilmaz.com\/index.php?rest_route=%2Fwp%2Fv2%2Fmedia&parent=29701"}],"wp:term":[{"taxonomy":"category","embeddable":true,"href":"http:\/\/www.korhanyilmaz.com\/index.php?rest_route=%2Fwp%2Fv2%2Fcategories&post=29701"},{"taxonomy":"post_tag","embeddable":true,"href":"http:\/\/www.korhanyilmaz.com\/index.php?rest_route=%2Fwp%2Fv2%2Ftags&post=29701"}],"curies":[{"name":"wp","href":"https:\/\/api.w.org\/{rel}","templated":true}]}}