{"id":29697,"date":"2011-03-25T17:22:51","date_gmt":"2011-03-25T15:22:51","guid":{"rendered":"http:\/\/www.korhanyilmaz.com\/?p=29697"},"modified":"2011-03-25T17:22:51","modified_gmt":"2011-03-25T15:22:51","slug":"ahmet-sikin-kitabi-icin-talip-cikti","status":"publish","type":"post","link":"http:\/\/www.korhanyilmaz.com\/?p=29697","title":{"rendered":"Ahmet \u015e\u0131k&#8217;\u0131n kitab\u0131 i\u00e7in talip \u00e7\u0131kt\u0131"},"content":{"rendered":"<p style=\"text-align: justify;\"><a href=\"http:\/\/www.korhanyilmaz.com\/wp-content\/uploads\/2011\/03\/370.jpg\"  class=\"lightview\"><img loading=\"lazy\" decoding=\"async\" class=\"aligncenter size-full wp-image-29698\" src=\"http:\/\/www.korhanyilmaz.com\/wp-content\/uploads\/2011\/03\/370.jpg\" alt=\"\" width=\"292\" height=\"192\" \/><\/a><\/p>\n<p style=\"text-align: justify;\">T\u00fcrkiye Kom\u00fcnist Partisi (TKP), &#8220;Ergenekon&#8221; soru\u015fturmas\u0131 kapsam\u0131nda tutuklanan Gazeteci Ahmet \u015e\u0131k&#8217;\u0131n mahkeme karar\u0131yla tasla\u011f\u0131n\u0131n dok\u00fcman ve t\u00fcm n\u00fcshalar\u0131na el konulan kitab\u0131n\u0131 basmaya ve da\u011f\u0131tmaya haz\u0131r olduklar\u0131n\u0131 bildirdi. <!--more--><\/p>\n<p style=\"text-align: justify;\">TKP&#8217;den yap\u0131lan yaz\u0131l\u0131 a\u00e7\u0131klamada, bu ortamda i\u00e7eri\u011fi hakk\u0131nda hi\u00e7bir fikirlerinin olmad\u0131\u011f\u0131 &#8220;\u0130mam\u0131n Ordusu&#8221; kitab\u0131n\u0131, e\u011fer yazar\u0131 Ahmet \u015e\u0131k&#8217;\u0131n onay\u0131 ve giri\u015fimi olursa basmaya ve da\u011f\u0131tmaya haz\u0131r olduklar\u0131 belirtilerek, &#8220;Partimiz bu t\u00fcrden bir \u00e7al\u0131\u015fmay\u0131 kendi ba\u015f\u0131na \u00fcstlenece\u011fi gibi, uygulamalardan benzer \u00f6l\u00e7\u00fclerde rahats\u0131z ba\u015fka siyasi partilerle ortakla\u015fa ger\u00e7ekle\u015ftirmeye de a\u00e7\u0131kt\u0131r&#8221; ifadeleri kullan\u0131ld\u0131.<\/p>\n<p style=\"text-align: justify;\">E\u015fitlik ve Demokrasi Partisi&#8217;nden (EDP) yap\u0131lan yaz\u0131l\u0131 a\u00e7\u0131klamada da &#8220;bas\u0131lmam\u0131\u015f bir kitab\u0131n imha edilmeye \u00e7al\u0131\u015f\u0131lmas\u0131n\u0131n, kopyas\u0131n\u0131 bulunduranlar\u0131n su\u00e7lu ilan edilmelerinin demokrasi ve evrensel hukuk ilkeleri a\u00e7\u0131s\u0131ndan kabul edilemez bir geli\u015fme oldu\u011fu&#8221; savunuldu.<\/p>\n<p style=\"text-align: justify;\">\u0130\u015f\u00e7i Partisi&#8217;nden yap\u0131lan yaz\u0131l\u0131 a\u00e7\u0131klamada ise &#8220;Ergenekon&#8221; davas\u0131na bakan \u0130stanbul 13. A\u011f\u0131r Ceza Mahkemesinin tutuklu san\u0131k Do\u011fu Perin\u00e7ek&#8217;in 4 celse duru\u015fmalara al\u0131nmamas\u0131na karar verdi\u011fi hat\u0131rlat\u0131larak, &#8220;Hen\u00fcz bas\u0131lmam\u0131\u015f kitaplar\u0131 toplatan zihniyet, yap\u0131lacak savunmalar\u0131 \u00f6nlemek i\u00e7in duru\u015fmalardan men cezas\u0131 vermektedir&#8221; iddias\u0131na yer verildi.<\/p>\n<p style=\"text-align: justify;\"><a href=\"http:\/\/www.cnnturk.com\/2011\/turkiye\/03\/25\/ahmet.sikin.kitabi.icin.talip.cikti\/611153.0\/index.html\" target=\"_blank\">CNN T\u00dcRK<\/a><\/p>\n<p style=\"text-align: justify;\">&nbsp;<\/p>\n","protected":false},"excerpt":{"rendered":"<p style=\"text-align: justify;\">\n<p style=\"text-align: justify;\">T\u00fcrkiye Kom\u00fcnist Partisi (TKP), &#8220;Ergenekon&#8221; soru\u015fturmas\u0131 kapsam\u0131nda tutuklanan Gazeteci Ahmet \u015e\u0131k&#8217;\u0131n mahkeme karar\u0131yla tasla\u011f\u0131n\u0131n dok\u00fcman ve t\u00fcm n\u00fcshalar\u0131na el konulan kitab\u0131n\u0131 basmaya ve da\u011f\u0131tmaya haz\u0131r olduklar\u0131n\u0131 bildirdi. <\/p>\n","protected":false},"author":1,"featured_media":0,"comment_status":"open","ping_status":"closed","sticky":false,"template":"","format":"standard","meta":{"footnotes":""},"categories":[105],"tags":[],"class_list":["post-29697","post","type-post","status-publish","format-standard","hentry","category-gundem","odd"],"_links":{"self":[{"href":"http:\/\/www.korhanyilmaz.com\/index.php?rest_route=\/wp\/v2\/posts\/29697","targetHints":{"allow":["GET"]}}],"collection":[{"href":"http:\/\/www.korhanyilmaz.com\/index.php?rest_route=\/wp\/v2\/posts"}],"about":[{"href":"http:\/\/www.korhanyilmaz.com\/index.php?rest_route=\/wp\/v2\/types\/post"}],"author":[{"embeddable":true,"href":"http:\/\/www.korhanyilmaz.com\/index.php?rest_route=\/wp\/v2\/users\/1"}],"replies":[{"embeddable":true,"href":"http:\/\/www.korhanyilmaz.com\/index.php?rest_route=%2Fwp%2Fv2%2Fcomments&post=29697"}],"version-history":[{"count":0,"href":"http:\/\/www.korhanyilmaz.com\/index.php?rest_route=\/wp\/v2\/posts\/29697\/revisions"}],"wp:attachment":[{"href":"http:\/\/www.korhanyilmaz.com\/index.php?rest_route=%2Fwp%2Fv2%2Fmedia&parent=29697"}],"wp:term":[{"taxonomy":"category","embeddable":true,"href":"http:\/\/www.korhanyilmaz.com\/index.php?rest_route=%2Fwp%2Fv2%2Fcategories&post=29697"},{"taxonomy":"post_tag","embeddable":true,"href":"http:\/\/www.korhanyilmaz.com\/index.php?rest_route=%2Fwp%2Fv2%2Ftags&post=29697"}],"curies":[{"name":"wp","href":"https:\/\/api.w.org\/{rel}","templated":true}]}}