{"id":29693,"date":"2011-03-25T16:17:24","date_gmt":"2011-03-25T14:17:24","guid":{"rendered":"http:\/\/www.korhanyilmaz.com\/?p=29693"},"modified":"2011-03-25T16:17:24","modified_gmt":"2011-03-25T14:17:24","slug":"kilicdaroglunun-kayinpederi-kalp-krizi-gecirmis","status":"publish","type":"post","link":"http:\/\/www.korhanyilmaz.com\/?p=29693","title":{"rendered":"K\u0131l\u0131\u00e7daro\u011flu&#8217;nun kay\u0131npederi kalp krizi ge\u00e7irmi\u015f"},"content":{"rendered":"<p style=\"text-align: justify;\"><a href=\"http:\/\/www.korhanyilmaz.com\/wp-content\/uploads\/2011\/03\/369.jpg\"  class=\"lightview\"><img loading=\"lazy\" decoding=\"async\" class=\"aligncenter size-full wp-image-29694\" src=\"http:\/\/www.korhanyilmaz.com\/wp-content\/uploads\/2011\/03\/369.jpg\" alt=\"\" width=\"292\" height=\"253\" \/><\/a><\/p>\n<p style=\"text-align: justify;\">CHP lideri Kemal K\u0131l\u0131\u00e7daro\u011flu&#8217;nun kay\u0131npederi Ali H\u0131d\u0131r \u00d6zda\u011f, d\u00fcn gece Tunceli&#8217;de misafirli\u011fe gitti\u011fi K\u0131l\u0131\u00e7daro\u011flu&#8217;nun a\u011fabeyine ait evin penceresinden d\u00fc\u015ferek hayat\u0131n\u0131 kaybetti. 82 ya\u015f\u0131ndaki \u00d6zda\u011f&#8217;\u0131n \u00f6l\u00fcm nedeni &#8220;kalp krizine ba\u011fl\u0131 y\u00fcksekten d\u00fc\u015fme&#8221; olarak a\u00e7\u0131kland\u0131.<!--more--><\/p>\n<p style=\"text-align: justify;\">\u0130zmit&#8217;te oturan Ali H\u0131d\u0131r \u00d6zda\u011f, d\u00fcn damad\u0131 CHP lideri Kemal K\u0131l\u0131\u00e7daro\u011flu&#8217;nun Tunceli&#8217;de ya\u015fayan a\u011fabeyi Yusuf Ziya K\u0131l\u0131\u00e7daro\u011flu&#8217;nun, evine misafirli\u011fe gitti.<\/p>\n<p style=\"text-align: justify;\">Odas\u0131na uyamak i\u00e7in \u00e7\u0131kan \u00d6zda\u011f, \u00fc\u00e7\u00fcnc\u00fc kat\u0131n penceresinden yere d\u00fc\u015ft\u00fc. Hastaneye kald\u0131r\u0131lan \u00d6zda\u011f hayat\u0131n\u0131 kaybetti.<\/p>\n<p style=\"text-align: justify;\">\u0130lk olarak \u00d6zda\u011f&#8217;\u0131n intihar etti\u011fi san\u0131l\u0131rken savc\u0131l\u0131k inceleme ba\u015flatt\u0131.<\/p>\n<p style=\"text-align: justify;\">Yap\u0131lan ilk otopside \u00f6l\u00fcm nedeni; &#8216;kalp krizine ba\u011fl\u0131 olarak y\u00fcksekten d\u00fc\u015fmek suretiyle \u00f6l\u00fcm&#8217; olarak ge\u00e7ti.<\/p>\n<p style=\"text-align: justify;\"><strong>&#8220;Hava alma ihtiyac\u0131 hissetti herhalde&#8221; <\/strong><\/p>\n<p style=\"text-align: justify;\">F\u0131rat \u00dcniversitesi Hastanesindeki Elaz\u0131\u011f Adli T\u0131p Kurumunda yap\u0131lan otopsiye kat\u0131lan Cumhuriyet Savc\u0131s\u0131 Hakan Oktay, gazetecilere konuyla ilgili a\u00e7\u0131klama yapt\u0131.<\/p>\n<p style=\"text-align: justify;\">\u00d6zda\u011f&#8217;\u0131n kalp krizi sonucu darald\u0131\u011f\u0131n\u0131 d\u00fc\u015f\u00fcnd\u00fcklerini ifade eden Savc\u0131 Oktay, &#8220;Bir hava alma ihtiyac\u0131 hissetti herhalde. O panikle cam a\u00e7\u0131l\u0131nca d\u00fc\u015fm\u00fc\u015f oldu\u011funu d\u00fc\u015f\u00fcn\u00fcyoruz. \u00c7\u00fcnk\u00fc gelen ilk bilgiler intihar gerektirecek bir sorun olmad\u0131\u011f\u0131n\u0131 g\u00f6steriyor. Bulgular da kalp krizi ge\u00e7irdi\u011fi y\u00f6n\u00fcnde. Ona ba\u011fl\u0131 d\u00fc\u015fm\u00fc\u015f olaca\u011f\u0131n\u0131 d\u00fc\u015f\u00fcn\u00fcyoruz&#8221; diye konu\u015ftu.<\/p>\n<p style=\"text-align: justify;\">Otopsiyi yapan F\u0131rat \u00dcniversitesi T\u0131p Fak\u00fcltesi Adli T\u0131p Anabilim Dal\u0131 Ba\u015fkan\u0131 Prof. Dr. Mehmet Tokdemir ise cenazenin kendilerine, &#8220;medyaya d\u00fc\u015fen intihar vakas\u0131&#8221; olarak geldi\u011fini kaydetti. Tokdemir, &#8220;Bizim yapt\u0131\u011f\u0131m\u0131z otopside \u00f6l\u00fcm sebebi y\u00fcksekten d\u00fc\u015fmeye ba\u011fl\u0131, kafa kemiklerinde k\u0131r\u0131k, g\u00f6\u011f\u00fcs i\u00e7erisinde kanama ve akci\u011ferlerde yayg\u0131n hematom. Ancak ki\u015finin sol inen kalp damar\u0131n\u0131n da tam olarak t\u0131kal\u0131 oldu\u011fu ve kalp kas\u0131na yapt\u0131\u011f\u0131m\u0131z incelemede ise kalp krizini g\u00f6steren bir bulguyu tespit etti\u011fimizden dolay\u0131 muhtemeldir ki ki\u015fi, fenala\u015fmas\u0131 sonucunda cama \u00e7\u0131km\u0131\u015f, \u015fuurunu kaybetmesi ile a\u015fa\u011f\u0131 d\u00fc\u015fmesi sonucunda \u00f6lm\u00fc\u015f olabilece\u011fini d\u00fc\u015f\u00fcn\u00fcyoruz&#8221; dedi.<\/p>\n<p style=\"text-align: justify;\">82 ya\u015f\u0131ndaki \u00d6zda\u011f&#8217;\u0131n ilk belirlemelere g\u00f6re intihar etti\u011fi a\u00e7\u0131klanm\u0131\u015ft\u0131.<\/p>\n<p style=\"text-align: justify;\"><strong>K\u0131l\u0131\u00e7daro\u011flu cenazeye kat\u0131l\u0131yor <\/strong><\/p>\n<p style=\"text-align: justify;\">\u00d6zda\u011f&#8217;\u0131n k\u0131z\u0131 Kemal K\u0131l\u0131\u00e7ado\u011flu&#8217;nun e\u015fi Selvi K\u0131l\u0131\u00e7daro\u011flu, babas\u0131n\u0131n cenazesine kat\u0131lmak \u00fczere bug\u00fcn kente gidecek.<\/p>\n<p style=\"text-align: justify;\">\u00d6zda\u011f&#8217;\u0131n cenazesi yar\u0131n Tunceli&#8217;de topra\u011fa verilecek. CHP lideri K\u0131l\u0131\u00e7daro\u011flu&#8217;nun da yar\u0131n da kente gelerek cenazeye kat\u0131laca\u011f\u0131 a\u00e7\u0131kland\u0131.<\/p>\n<p style=\"text-align: justify;\">CHP lideri, bir ba\u015fka soru \u00fczerine kay\u0131npederinin \u00f6l\u00fcm\u00fcyle ilgili haberi telefonla ald\u0131\u011f\u0131n\u0131 s\u00f6ylemekle yetindi.<\/p>\n<p style=\"text-align: justify;\">Ba\u015fbakan Erdo\u011fan da, K\u0131l\u0131\u00e7daro\u011flu&#8217;nu telefonla arayarak, taziyede bulundu. Erdo\u011fan, g\u00f6r\u00fc\u015fmede, CHP Genel Ba\u015fkan\u0131 K\u0131l\u0131\u00e7daro\u011flu&#8217;na ba\u015fsa\u011fl\u0131\u011f\u0131 diledi.<\/p>\n<p style=\"text-align: justify;\">\u00d6zda\u011f, 2 ay \u00f6nce 62 ya\u015f\u0131ndaki o\u011flunu beyin kanamas\u0131 sonucu kaybetmi\u015fti.<\/p>\n<p style=\"text-align: justify;\"><strong>Erdo\u011fan&#8217;dan K\u0131l\u0131\u00e7daro\u011flu&#8217;na taziye <\/strong><\/p>\n<p style=\"text-align: justify;\">Bu arada Ba\u015fbakan Recep Tayyip Erdo\u011fan, CHP Genel Ba\u015fkan\u0131 Kemal K\u0131l\u0131\u00e7daro\u011flu&#8217;nu arayarak, ba\u015fsa\u011fl\u0131\u011f\u0131 diledi.<\/p>\n<p style=\"text-align: justify;\">CHP yetkililerinden al\u0131nan bilgiye g\u00f6re, Ba\u015fbakan Erdo\u011fan&#8217;\u0131n \u0130stanbul&#8217;da bulunan K\u0131l\u0131\u00e7daro\u011flu&#8217;nu telefonla arayarak, kay\u0131npederi Ali H\u0131d\u0131r \u00d6zda\u011f&#8217;\u0131n vefat\u0131 nedeniyle ba\u015fsa\u011fl\u0131\u011f\u0131 diledi\u011fi belirtildi.<\/p>\n<p style=\"text-align: justify;\"><a href=\"http:\/\/www.cnnturk.com\/2011\/turkiye\/03\/25\/kilicdaroglunun.kayinpederi.kalp.krizi.gecirmis\/611059.0\/index.html\" target=\"_blank\">CNN T\u00dcRK<\/a><\/p>\n","protected":false},"excerpt":{"rendered":"<p style=\"text-align: justify;\">\n<p style=\"text-align: justify;\">CHP lideri Kemal K\u0131l\u0131\u00e7daro\u011flu&#8217;nun kay\u0131npederi Ali H\u0131d\u0131r \u00d6zda\u011f, d\u00fcn gece Tunceli&#8217;de misafirli\u011fe gitti\u011fi K\u0131l\u0131\u00e7daro\u011flu&#8217;nun a\u011fabeyine ait evin penceresinden d\u00fc\u015ferek hayat\u0131n\u0131 kaybetti. 82 ya\u015f\u0131ndaki \u00d6zda\u011f&#8217;\u0131n \u00f6l\u00fcm nedeni &#8220;kalp krizine ba\u011fl\u0131 y\u00fcksekten d\u00fc\u015fme&#8221; olarak a\u00e7\u0131kland\u0131.<\/p>\n","protected":false},"author":1,"featured_media":0,"comment_status":"open","ping_status":"closed","sticky":false,"template":"","format":"standard","meta":{"footnotes":""},"categories":[105],"tags":[],"class_list":["post-29693","post","type-post","status-publish","format-standard","hentry","category-gundem","odd"],"_links":{"self":[{"href":"http:\/\/www.korhanyilmaz.com\/index.php?rest_route=\/wp\/v2\/posts\/29693","targetHints":{"allow":["GET"]}}],"collection":[{"href":"http:\/\/www.korhanyilmaz.com\/index.php?rest_route=\/wp\/v2\/posts"}],"about":[{"href":"http:\/\/www.korhanyilmaz.com\/index.php?rest_route=\/wp\/v2\/types\/post"}],"author":[{"embeddable":true,"href":"http:\/\/www.korhanyilmaz.com\/index.php?rest_route=\/wp\/v2\/users\/1"}],"replies":[{"embeddable":true,"href":"http:\/\/www.korhanyilmaz.com\/index.php?rest_route=%2Fwp%2Fv2%2Fcomments&post=29693"}],"version-history":[{"count":0,"href":"http:\/\/www.korhanyilmaz.com\/index.php?rest_route=\/wp\/v2\/posts\/29693\/revisions"}],"wp:attachment":[{"href":"http:\/\/www.korhanyilmaz.com\/index.php?rest_route=%2Fwp%2Fv2%2Fmedia&parent=29693"}],"wp:term":[{"taxonomy":"category","embeddable":true,"href":"http:\/\/www.korhanyilmaz.com\/index.php?rest_route=%2Fwp%2Fv2%2Fcategories&post=29693"},{"taxonomy":"post_tag","embeddable":true,"href":"http:\/\/www.korhanyilmaz.com\/index.php?rest_route=%2Fwp%2Fv2%2Ftags&post=29693"}],"curies":[{"name":"wp","href":"https:\/\/api.w.org\/{rel}","templated":true}]}}