{"id":29689,"date":"2011-03-25T12:56:27","date_gmt":"2011-03-25T10:56:27","guid":{"rendered":"http:\/\/www.korhanyilmaz.com\/?p=29689"},"modified":"2011-03-25T12:56:27","modified_gmt":"2011-03-25T10:56:27","slug":"cihaner-de-chp-dedi","status":"publish","type":"post","link":"http:\/\/www.korhanyilmaz.com\/?p=29689","title":{"rendered":"Cihaner de CHP dedi"},"content":{"rendered":"<p style=\"text-align: center;\"><a href=\"http:\/\/www.korhanyilmaz.com\/wp-content\/uploads\/2011\/03\/368.jpg\"  class=\"lightview\"><img loading=\"lazy\" decoding=\"async\" class=\"aligncenter size-full wp-image-29690\" src=\"http:\/\/www.korhanyilmaz.com\/wp-content\/uploads\/2011\/03\/368.jpg\" alt=\"\" width=\"350\" height=\"253\" \/><\/a><\/p>\n<p style=\"text-align: justify;\">Erzincan Cumhuriyet Ba\u015fsavc\u0131s\u0131 iken Adana\u2019ya atanan ve infaz savc\u0131l\u0131\u011f\u0131 g\u00f6revini y\u00fcr\u00fct\u00fcrken bu g\u00f6revinden ayr\u0131lan \u0130lhan Cihaner, CHP\u2019den aday adayl\u0131\u011f\u0131 ba\u015fvurusunda bulundu.<\/p>\n<p style=\"text-align: justify;\">CHP\u2019de 19 Mart Cumartesi g\u00fcn\u00fc ba\u015flayan aday adayl\u0131\u011f\u0131 s\u00fcreci nedeniyle, genel merkezin giri\u015f kat\u0131nda bulunan bankolarda ba\u015fvurular kabul ediliyor.<\/p>\n<p style=\"text-align: justify;\">Ba\u015fvurular\u0131n son g\u00fcn\u00fcnde, Cihaner de CHP Genel Merkezi\u2019ne gelerek ba\u015fvuruda bulundu. <!--more--><\/p>\n<p style=\"text-align: justify;\">Ba\u015fvuru \u00f6ncesi a\u00e7\u0131klamalarda bulunan Cihaner, konu\u015fmas\u0131na kay\u0131npederi vefat eden CHP Genel Ba\u015fkan\u0131 Kemal K\u0131l\u0131\u00e7daro\u011flu\u2019na ba\u015fsa\u011fl\u0131\u011f\u0131 dileyerek ba\u015flad\u0131.<\/p>\n<p style=\"text-align: justify;\">&#8220;\u0130stifa ederek siyaset yolunda ilk ad\u0131m\u0131 atm\u0131\u015ft\u0131m, bu da ikinci ad\u0131m\u0131&#8221; diyen Cihaner, \u015f\u00f6yle konu\u015ftu: &#8220;Tabii ki bundan sonras\u0131 partinin yetkili organlar\u0131n\u0131n takdirinde olacak. Ben \u00f6zellikle CHP se\u00e7meninin, CHP\u2019ye destek verenlerin yo\u011fun talepleri ve davetleri \u00fczerine bu karar\u0131 verdim. \u00dcyelik ba\u015fvurumu da \u015fimdi yapaca\u011f\u0131m. Tabii ki herkesin sorusu \u2019neden siyaset?\u2019 olacakt\u0131r. Daha \u00f6zg\u00fcr, daha e\u015fitlik\u00e7i, daha ba\u011f\u0131ms\u0131z, daha demokratik bir T\u00fcrkiye\u2019ye, daha \u00f6zg\u00fcr bir bas\u0131n\u0131 g\u00f6rece\u011fimiz T\u00fcrkiye i\u00e7in bu yolda m\u00fccadele edenlere destek vermek i\u00e7in siyasetteyim.&#8221; K\u0131l\u0131\u00e7daro\u011flu ile bir g\u00f6r\u00fc\u015fmesi olmad\u0131\u011f\u0131n\u0131n alt\u0131n\u0131 \u00e7izen Cihaner, ba\u015fvurusunda \u0130stanbul, \u0130zmir, Ankara ve Adana\u2019y\u0131 yazd\u0131\u011f\u0131n\u0131 kaydetti.<\/p>\n<p style=\"text-align: justify;\">Cihaner, aday g\u00f6sterilmemesi durumunda bahsetti\u011fi m\u00fccadelesine hukuk\u00e7u olarak devam edece\u011fini de bildirdi. Bu arada Cihaner, partiye geli\u015fi s\u0131ras\u0131nda partili bir grup taraf\u0131ndan alk\u0131\u015flarla ve \u00e7e\u015fitli sloganlarla kar\u015f\u0131land\u0131.<\/p>\n<p style=\"text-align: justify;\">\u00d6te yandan \u015ei\u015fli Belediye Ba\u015fkan\u0131 Mustafa Sar\u0131g\u00fcl\u2019\u00fcn eski e\u015fi Aylin Kotil ve sanat\u00e7\u0131 Ali R\u0131za Binbo\u011fa \u0130stanbul i\u00e7in aday adayl\u0131\u011f\u0131 ba\u015fvurusunda bulundu.<\/p>\n<p style=\"text-align: justify;\">D\u0130SK\u2019in kurucusu olan ve bir suikast sonucu hayat\u0131n\u0131 kaybeden Kemal T\u00fcrkler\u2019in k\u0131z\u0131 Nilg\u00fcn T\u00fcrkler de aday adayl\u0131\u011f\u0131 ba\u015fvurusu yapt\u0131.<\/p>\n<p style=\"text-align: justify;\"><a href=\"http:\/\/www.milliyet.com.tr\/cihaner-de-chp-dedi\/siyaset\/sondakika\/25.03.2011\/1369016\/default.htm\" target=\"_blank\">Kaynak : Milliyet<\/a><\/p>\n","protected":false},"excerpt":{"rendered":"<p style=\"text-align: center;\">\n<p style=\"text-align: justify;\">Erzincan Cumhuriyet Ba\u015fsavc\u0131s\u0131 iken Adana\u2019ya atanan ve infaz savc\u0131l\u0131\u011f\u0131 g\u00f6revini y\u00fcr\u00fct\u00fcrken bu g\u00f6revinden ayr\u0131lan \u0130lhan Cihaner, CHP\u2019den aday adayl\u0131\u011f\u0131 ba\u015fvurusunda bulundu.<\/p>\n<p style=\"text-align: justify;\">CHP\u2019de 19 Mart Cumartesi g\u00fcn\u00fc ba\u015flayan aday adayl\u0131\u011f\u0131 s\u00fcreci nedeniyle, genel merkezin giri\u015f kat\u0131nda bulunan bankolarda ba\u015fvurular kabul ediliyor.<\/p>\n<p style=\"text-align: justify;\">Ba\u015fvurular\u0131n son g\u00fcn\u00fcnde, Cihaner de CHP <\/p>\n","protected":false},"author":1,"featured_media":0,"comment_status":"open","ping_status":"closed","sticky":false,"template":"","format":"standard","meta":{"footnotes":""},"categories":[105],"tags":[],"class_list":["post-29689","post","type-post","status-publish","format-standard","hentry","category-gundem","odd"],"_links":{"self":[{"href":"http:\/\/www.korhanyilmaz.com\/index.php?rest_route=\/wp\/v2\/posts\/29689","targetHints":{"allow":["GET"]}}],"collection":[{"href":"http:\/\/www.korhanyilmaz.com\/index.php?rest_route=\/wp\/v2\/posts"}],"about":[{"href":"http:\/\/www.korhanyilmaz.com\/index.php?rest_route=\/wp\/v2\/types\/post"}],"author":[{"embeddable":true,"href":"http:\/\/www.korhanyilmaz.com\/index.php?rest_route=\/wp\/v2\/users\/1"}],"replies":[{"embeddable":true,"href":"http:\/\/www.korhanyilmaz.com\/index.php?rest_route=%2Fwp%2Fv2%2Fcomments&post=29689"}],"version-history":[{"count":0,"href":"http:\/\/www.korhanyilmaz.com\/index.php?rest_route=\/wp\/v2\/posts\/29689\/revisions"}],"wp:attachment":[{"href":"http:\/\/www.korhanyilmaz.com\/index.php?rest_route=%2Fwp%2Fv2%2Fmedia&parent=29689"}],"wp:term":[{"taxonomy":"category","embeddable":true,"href":"http:\/\/www.korhanyilmaz.com\/index.php?rest_route=%2Fwp%2Fv2%2Fcategories&post=29689"},{"taxonomy":"post_tag","embeddable":true,"href":"http:\/\/www.korhanyilmaz.com\/index.php?rest_route=%2Fwp%2Fv2%2Ftags&post=29689"}],"curies":[{"name":"wp","href":"https:\/\/api.w.org\/{rel}","templated":true}]}}