{"id":29684,"date":"2011-03-25T14:25:29","date_gmt":"2011-03-25T12:25:29","guid":{"rendered":"http:\/\/www.korhanyilmaz.com\/?p=29684"},"modified":"2011-03-25T14:25:29","modified_gmt":"2011-03-25T12:25:29","slug":"basbakan-tatlisesin-basvurusunu-aldi","status":"publish","type":"post","link":"http:\/\/www.korhanyilmaz.com\/?p=29684","title":{"rendered":"Ba\u015fbakan Tatl\u0131ses&#8217;in ba\u015fvurusunu ald\u0131"},"content":{"rendered":"<p style=\"text-align: center;\"><a href=\"http:\/\/www.korhanyilmaz.com\/wp-content\/uploads\/2011\/03\/366.jpg\"  class=\"lightview\"><img loading=\"lazy\" decoding=\"async\" class=\"aligncenter size-full wp-image-29685\" src=\"http:\/\/www.korhanyilmaz.com\/wp-content\/uploads\/2011\/03\/366.jpg\" alt=\"\" width=\"360\" height=\"249\" \/><\/a><\/p>\n<p style=\"text-align: justify;\">Ba\u015fbakan Recep Tayyip Erdo\u011fan, hastanede ziyaret etti\u011fi sanat\u00e7\u0131 \u0130brahim Tatl\u0131ses\u2019i \u00e7ok iyi g\u00f6rd\u00fc\u011f\u00fcn\u00fc belirtirken, milletvekili adayl\u0131\u011f\u0131 ile ilgili olarak, &#8220;Ben \u015fimdi m\u00fcracaat\u0131n\u0131 ald\u0131m&#8221; dedi.<\/p>\n<p style=\"text-align: justify;\">Erdo\u011fan, Tatl\u0131ses\u2019i, u\u011frad\u0131\u011f\u0131 silahl\u0131 sald\u0131r\u0131n\u0131n ard\u0131ndan tedavi g\u00f6rd\u00fc\u011f\u00fc Ac\u0131badem Maslak Hastanesinde ziyaret etti. <!--more--><\/p>\n<p style=\"text-align: justify;\">Yakla\u015f\u0131k 20 dakika s\u00fcren ziyaretin ard\u0131ndan Ba\u015fbakan Erdo\u011fan, gazetecilere yapt\u0131\u011f\u0131 a\u00e7\u0131klamada \u015funlar\u0131 ifade etti: &#8220;\u0130brahim beyi, do\u011frusu \u00e7ok \u00e7ok iyi g\u00f6rd\u00fcm. \u0130yi bir muhabbetimiz oldu.<\/p>\n<p style=\"text-align: justify;\">Yar\u0131n Adana\u2019ya gidece\u011fimi s\u00f6yleyince Adana konu\u015fmam\u0131 da istedi. Bug\u00fcn de zaten bulundu\u011fu yo\u011fun bak\u0131mdan bir \u00fcst odaya ge\u00e7ecek. Bu da tabii doktorlar\u0131m\u0131z\u0131n, daha iyiye gitti\u011fi tespitiyle yukar\u0131daki odaya \u00e7\u0131karmalar\u0131 anlam\u0131na geliyor.<\/p>\n<p style=\"text-align: justify;\"><a href=\"http:\/\/www.korhanyilmaz.com\/wp-content\/uploads\/2011\/03\/367.jpg\"  class=\"lightview\"><img loading=\"lazy\" decoding=\"async\" class=\"aligncenter size-full wp-image-29686\" src=\"http:\/\/www.korhanyilmaz.com\/wp-content\/uploads\/2011\/03\/367.jpg\" alt=\"\" width=\"450\" height=\"326\" \/><\/a><\/p>\n<p style=\"text-align: justify;\">Dolay\u0131s\u0131yla, \u00f6yle zannediyorum ki \u00e7ok k\u0131sa bir s\u00fcre i\u00e7erisinde de her halde fizyoterapi tedavileri de netice verecek. Zaten sa\u011f taraf\u0131nda herhangi bir \u015fey yok. Birazc\u0131k solda var. Bunu da a\u015faca\u011f\u0131 kanaatindeyim. Yani konu\u015fmas\u0131nda, \u015funda, bunda filan herhangi bir \u015fey yok. Ben, haf\u0131zas\u0131n\u0131 gayet iyi g\u00f6rd\u00fcm.&#8221; Erdo\u011fan, gazetecilerin &#8220;Neler konu\u015ftunuz?&#8221; sorusu \u00fczerine, &#8220;\u0130\u015fte diyorum ya aram\u0131zdaki muhabbeti&#8230;&#8221; diye yan\u0131tlad\u0131.<\/p>\n<p style=\"text-align: justify;\">Ba\u015fbakan Erdo\u011fan, &#8220;\u0130brahim Tatl\u0131ses\u2019in AK Parti\u2019den aday g\u00f6sterecek misiniz?&#8221; sorusunu ise &#8220;Ben \u015fimdi m\u00fcracaat\u0131n\u0131 ald\u0131m&#8221; diye yan\u0131tlad\u0131.<\/p>\n<p style=\"text-align: justify;\">Gazetecilerin &#8220;Aday\u0131n\u0131z olacak diyebilir miyiz&#8221; sorusu \u00fczerine de Erdo\u011fan, &#8220;M\u00fcracaat\u0131n\u0131 ald\u0131m&#8221; s\u00f6z\u00fcn\u00fc tekrarlad\u0131.<\/p>\n<p style=\"text-align: justify;\">Ba\u015fbakan Erdo\u011fan\u2019\u0131 hastaneden, \u0130brahim Tatl\u0131ses\u2019in b\u00fcy\u00fck o\u011flu Ahmet Tatl\u0131 ile k\u00fc\u00e7\u00fck o\u011flu \u0130brahim Tatl\u0131ses elini \u00f6perek u\u011furlad\u0131.<\/p>\n<p style=\"text-align: justify;\"><strong>-&#8220;BUNLAR DURUP DURURKEN OLAN \u015eEYLER DE\u011e\u0130L&#8221;- <\/strong><\/p>\n<p style=\"text-align: justify;\">Erdo\u011fan, gazeteci Ahmet \u015e\u0131k\u2019\u0131n \u2019\u0130mam\u0131n Ordusu\u2019 adl\u0131 kitab\u0131n\u0131n tasla\u011f\u0131n\u0131n toplat\u0131lmas\u0131n\u0131 da de\u011ferlendiren Erdo\u011fan, &#8220;Bunlar benim konum de\u011fil. Bunlar\u0131n tamam\u0131 yarg\u0131n\u0131n konusudur&#8221; diye konu\u015ftu. Erdo\u011fan, \u015f\u00f6yle devam etti:<\/p>\n<p style=\"text-align: justify;\">&#8220;Yarg\u0131 bu s\u00fcreci devam ettirdikleri sorgulama s\u00fcreci i\u00e7erisinde ellerindeki bulgular belgeler sebebiyle devaml\u0131 ne \u00e7\u0131k\u0131yorsa bunun \u00fczerine \u00fczerine gidiyorlar. Bunlar durup dururken olan \u015feyler de\u011fil. Demek ki her ara\u015ft\u0131rma yeni bir ara\u015ft\u0131rmay\u0131 yeni bir m\u00fcdahaleyi herhalde getiriyor. Yarg\u0131da buna g\u00f6re herhalde ad\u0131mlar\u0131n\u0131 at\u0131yor. Yani y\u00fcr\u00fctme olarak bizlerle ilgili bir yan\u0131 yok. Bunlar\u0131 biz \u00e7\u0131karm\u0131yoruz bunlar\u0131 yarg\u0131 \u00e7\u0131kar\u0131yor. L\u00fctfen bu konuda da olay\u0131 bu \u015fekilde de\u011ferlendirmekte fayda var. Yani neler oluyormu\u015f bu \u00fclkede bu soruyu bir de kendimize soracak olursak, \u00e7ok daha isabetli olur diye d\u00fc\u015f\u00fcn\u00fcyorum.&#8221;<\/p>\n<p style=\"text-align: justify;\"><strong>-&#8220;IRAK VE AFGAN\u0130STAN\u2019DAK\u0130 YANLI\u015e L\u0130BYA\u2019DA YA\u015eANMASIN&#8221;- <\/strong><\/p>\n<p style=\"text-align: justify;\">Ba\u015fbakan Erdo\u011fan, Libya\u2019ya y\u00f6nelik operasyonu NATO\u2019nun devralmas\u0131 konusunda yapt\u0131\u011f\u0131 de\u011ferlendirmede ise NATO\u2019nun devreye girmesi ile belli yerlerde bir rahatlama oldu\u011funu kaydetti. Paris\u2019in art\u0131k devre d\u0131\u015f\u0131 kald\u0131\u011f\u0131n\u0131 ifade eden Erdo\u011fan &#8220;Ben Paris\u2019in devre d\u0131\u015f\u0131 kalmas\u0131n\u0131 \u00f6zellikle Libya\u2019daki bu s\u00fcre\u00e7 i\u00e7in \u00e7ok olumlu g\u00f6r\u00fcyorum. En az\u0131ndan T\u00fcrkiye olarak bizim karde\u015f Libya\u2019da yapaca\u011f\u0131m\u0131z \u00e7ok \u015fey var. Bizim arzumuz \u015fuydu. NATO bununla tek ba\u015f\u0131na m\u00fcdahil olmas\u0131n, yan\u0131na Arap birli\u011fini als\u0131n. Afrika Birli\u011fi\u2019ni als\u0131n m\u00fc\u015fterek olarak bunu yapal\u0131m. \u00c7\u00fcnk\u00fc Afganistan\u2019da bu yanl\u0131\u015f g\u00f6r\u00fcld\u00fc. Irak\u2019ta de\u011fi\u015fik \u015fekilde bu yanl\u0131\u015f g\u00f6r\u00fcld\u00fc. Ayn\u0131 yanl\u0131\u015f Libya\u2019da ya\u015fanmas\u0131n istedik. Bu NATO da kabul g\u00f6rd\u00fc. \u015eu anda yani 1970 ve 1973 say\u0131l\u0131 kararla ilgili olarak at\u0131lan bu ad\u0131mlar bu hassasiyetler g\u00f6z \u00f6n\u00fcnde bulundurularak yap\u0131l\u0131yor. Biz bu gece de yine Libya Ba\u015fbakan\u0131 ile iki bu\u00e7u\u011fa kadar s\u00fcrekli telefonlarla g\u00f6r\u00fc\u015fmeler yapt\u0131k. \u00d6zellikle insani yard\u0131m konusunda neler yapabilece\u011fimizi d\u0131\u015fi\u015fleri bakan\u0131m Ahmet bey ile s\u00fcrekli burada telefon diplomasisini s\u00fcrd\u00fcrd\u00fck. \u0130nsani yard\u0131m konusunda T\u00fcrkiye olarak hassasiyetlerimizi s\u00f6yleyece\u011fiz. Bu konuda Libya\u2019y\u0131 kendi ba\u015f\u0131na b\u0131rakmayaca\u011f\u0131z. Libya\u2019n\u0131n birli\u011fini b\u00fct\u00fcnl\u00fc\u011f\u00fcn\u00fc esas alan tavr\u0131m\u0131z\u0131 sonuna kadar s\u00fcrd\u00fcrece\u011fiz&#8221; diye konu\u015ftu.<\/p>\n<p style=\"text-align: justify;\">Erdo\u011fan NATO\u2019nun hava \u00fcss\u00fcn\u00fcn \u0130zmir olaca\u011f\u0131 y\u00f6n\u00fcndeki haberlerin hat\u0131rlat\u0131lmas\u0131 \u00fczerine ise &#8220;\u015eu anda \u00e7ok daha farkl\u0131 yerlerde de olabilir. B\u00f6yle bir kesinle\u015fen bilgi bana ula\u015fm\u0131\u015f de\u011fil&#8221; a\u00e7\u0131klamas\u0131n\u0131 yapt\u0131.<\/p>\n<p style=\"text-align: justify;\"><a href=\"http:\/\/www.milliyet.com.tr\/basbakan-tatlises-in-basvurusunu-aldi\/siyaset\/sondakika\/25.03.2011\/1369040\/default.htm\" target=\"_blank\">Kaynak : Milliyet<\/a><\/p>\n","protected":false},"excerpt":{"rendered":"<p style=\"text-align: center;\">\n<p style=\"text-align: justify;\">Ba\u015fbakan Recep Tayyip Erdo\u011fan, hastanede ziyaret etti\u011fi sanat\u00e7\u0131 \u0130brahim Tatl\u0131ses\u2019i \u00e7ok iyi g\u00f6rd\u00fc\u011f\u00fcn\u00fc belirtirken, milletvekili adayl\u0131\u011f\u0131 ile ilgili olarak, &#8220;Ben \u015fimdi m\u00fcracaat\u0131n\u0131 ald\u0131m&#8221; dedi.<\/p>\n<p style=\"text-align: justify;\">Erdo\u011fan, Tatl\u0131ses\u2019i, u\u011frad\u0131\u011f\u0131 silahl\u0131 sald\u0131r\u0131n\u0131n ard\u0131ndan tedavi g\u00f6rd\u00fc\u011f\u00fc Ac\u0131badem Maslak Hastanesinde ziyaret etti. <\/p>\n","protected":false},"author":1,"featured_media":0,"comment_status":"open","ping_status":"closed","sticky":false,"template":"","format":"standard","meta":{"footnotes":""},"categories":[105],"tags":[],"class_list":["post-29684","post","type-post","status-publish","format-standard","hentry","category-gundem","odd"],"_links":{"self":[{"href":"http:\/\/www.korhanyilmaz.com\/index.php?rest_route=\/wp\/v2\/posts\/29684","targetHints":{"allow":["GET"]}}],"collection":[{"href":"http:\/\/www.korhanyilmaz.com\/index.php?rest_route=\/wp\/v2\/posts"}],"about":[{"href":"http:\/\/www.korhanyilmaz.com\/index.php?rest_route=\/wp\/v2\/types\/post"}],"author":[{"embeddable":true,"href":"http:\/\/www.korhanyilmaz.com\/index.php?rest_route=\/wp\/v2\/users\/1"}],"replies":[{"embeddable":true,"href":"http:\/\/www.korhanyilmaz.com\/index.php?rest_route=%2Fwp%2Fv2%2Fcomments&post=29684"}],"version-history":[{"count":0,"href":"http:\/\/www.korhanyilmaz.com\/index.php?rest_route=\/wp\/v2\/posts\/29684\/revisions"}],"wp:attachment":[{"href":"http:\/\/www.korhanyilmaz.com\/index.php?rest_route=%2Fwp%2Fv2%2Fmedia&parent=29684"}],"wp:term":[{"taxonomy":"category","embeddable":true,"href":"http:\/\/www.korhanyilmaz.com\/index.php?rest_route=%2Fwp%2Fv2%2Fcategories&post=29684"},{"taxonomy":"post_tag","embeddable":true,"href":"http:\/\/www.korhanyilmaz.com\/index.php?rest_route=%2Fwp%2Fv2%2Ftags&post=29684"}],"curies":[{"name":"wp","href":"https:\/\/api.w.org\/{rel}","templated":true}]}}