{"id":29680,"date":"2011-03-24T13:25:44","date_gmt":"2011-03-24T11:25:44","guid":{"rendered":"http:\/\/www.korhanyilmaz.com\/?p=29680"},"modified":"2011-03-24T13:25:44","modified_gmt":"2011-03-24T11:25:44","slug":"turkiye-gercekleri-ile-uyusmayan-vaatler-yapiliyor","status":"publish","type":"post","link":"http:\/\/www.korhanyilmaz.com\/?p=29680","title":{"rendered":"&#8220;T\u00fcrkiye ger\u00e7ekleri ile uyu\u015fmayan vaatler yap\u0131l\u0131yor&#8221;"},"content":{"rendered":"<p style=\"text-align: justify;\"><a href=\"http:\/\/www.korhanyilmaz.com\/wp-content\/uploads\/2011\/03\/365.jpg\"  class=\"lightview\"><img loading=\"lazy\" decoding=\"async\" class=\"aligncenter size-full wp-image-29681\" src=\"http:\/\/www.korhanyilmaz.com\/wp-content\/uploads\/2011\/03\/365.jpg\" alt=\"\" width=\"414\" height=\"221\" \/><\/a><\/p>\n<p style=\"text-align: justify;\">Ba\u015fbakan Recep Tayyip Erdo\u011fan, se\u00e7ime \u00fc\u00e7 aydan k\u0131sa bir s\u00fcre kala, u\u00e7uk, ger\u00e7ekle\u015fmesi m\u00fcmk\u00fcn olmayan, T\u00fcrkiye&#8217;nin ger\u00e7ekleriyle \u00f6rt\u00fc\u015fmeyen vaatlerin ard\u0131 ard\u0131na s\u0131ralanmaya ba\u015fland\u0131\u011f\u0131n\u0131 belirterek, &#8221;Siyasi tarihleri boyunca, asker \u00fczerinden siyaset yapanlar, m\u00fcdahalelere alk\u0131\u015f tutanlar, orduyu g\u00f6reve \u00e7a\u011f\u0131ranlar, demokrasinin geli\u015fmesi ve vesayetin ortadan kalkmas\u0131yla umutlar\u0131n\u0131 yitirmi\u015fler; ama bu sefer de askerlik s\u00fcresi \u00fczerinden, yani yine ordu \u00fczerinden siyaset y\u00fcr\u00fctme yoluna tevess\u00fcl etmi\u015flerdir&#8221; dedi.<!--more--><\/p>\n<p style=\"text-align: justify;\">Erdo\u011fan, &#8221;2023 T\u00fcrkiye \u0130hracat Stratejisinin Uygulamaya Aktar\u0131lmas\u0131 ve Performans Y\u00f6netimi Projesi&#8221;nin tan\u0131t\u0131ld\u0131\u011f\u0131 toplant\u0131da yapt\u0131\u011f\u0131 konu\u015fmada, 2023 y\u0131l\u0131na ili\u015fkin vizyonlar\u0131n\u0131 telaffuz etmeye ba\u015flad\u0131klar\u0131nda, bunun bir hayal oldu\u011fu, bu hedeflerin ula\u015f\u0131lamaz oldu\u011fu ya da altlar\u0131n\u0131n dolu olmad\u0131\u011f\u0131 gibi ele\u015ftiriler yap\u0131ld\u0131\u011f\u0131n\u0131 belirterek, 2023&#8217;e ili\u015fkin \u015fu ana kadar a\u00e7\u0131klad\u0131klar\u0131 t\u00fcm hedeflerin, \u00fczerinde detayl\u0131 \u015fekilde \u00e7al\u0131\u015f\u0131lan, her t\u00fcrl\u00fc hesaplamas\u0131 yap\u0131lan tamamen ger\u00e7ek\u00e7i hedefler oldu\u011funu s\u00f6yledi.<\/p>\n<p style=\"text-align: justify;\">Yapamayacaklar\u0131, ger\u00e7ekle\u015fmesi m\u00fcmk\u00fcn olmayan, ak\u0131lc\u0131 olmayan hi\u00e7 bir hedefin, 2023 projesi i\u00e7in telaffuz edilmedi\u011fini ifade eden Erdo\u011fan, millet ile do\u011frudan, \u015feffaf ve kar\u015f\u0131l\u0131kl\u0131 g\u00fcven esas\u0131na dayal\u0131 bir ileti\u015fim kurma konusunda hassasiyetlerini dile getirdi.<\/p>\n<p style=\"text-align: justify;\">&#8221;\u0130nan\u00e7 \u00f6yle bir g\u00fc\u00e7t\u00fcr ki tekeden bile s\u00fct \u00e7\u0131kart\u0131r&#8221; diyen Erdo\u011fan, insan\u0131n inanmad\u0131\u011f\u0131 i\u015fte ba\u015far\u0131l\u0131 olamayaca\u011f\u0131n\u0131, &#8221;Ben bunu ba\u015faraca\u011f\u0131m&#8221; dedi\u011finde ba\u015far\u0131ya ula\u015faca\u011f\u0131n\u0131 kaydetti. Erdo\u011fan, &#8221;Biz bu yola \u00e7\u0131karken 8 y\u0131l \u00f6nce neyin karar\u0131n\u0131 verdiysek, hamdolsun bunlar ba\u015far\u0131ld\u0131&#8221; dedi.<\/p>\n<p style=\"text-align: justify;\">Siyasetlerinde pop\u00fclizme yer vermediklerini, umut tacirli\u011fi, hayal tacirli\u011fi yapmad\u0131klar\u0131n\u0131 s\u00f6yleyen Erdo\u011fan, &#8221;Hi\u00e7 bir zaman tutamayaca\u011f\u0131m\u0131z s\u00f6zler vermedik. Verdi\u011fimiz s\u00f6zlerin de her zaman arkas\u0131nda olduk&#8221; dedi.<\/p>\n<p style=\"text-align: justify;\">Ba\u015fbakan Erdo\u011fan, siyasetteki bu tav\u0131rlar\u0131n\u0131n, siyaset kurumu ile vatanda\u015f aras\u0131ndaki g\u00fcvenin de yeniden tesis edilmesini sa\u011flad\u0131\u011f\u0131n\u0131 ve anketlerde en az g\u00fcvenilir kurum olarak \u00e7\u0131kan siyaset kurumunun, kendi d\u00f6nemlerinde adeta itibar\u0131n\u0131 yeniden kazand\u0131\u011f\u0131n\u0131 anlatt\u0131.<\/p>\n<p style=\"text-align: justify;\">T\u00fcrkiye&#8217;de siyasetin bir d\u00f6nem sadece pop\u00fclizm ve bo\u015f vaatlerle yap\u0131ld\u0131\u011f\u0131na i\u015faret eden Erdo\u011fan, se\u00e7im \u00f6ncesinde siyasi partilerin, milletin ihtiya\u00e7lar\u0131n\u0131 kampanyalar\u0131na abart\u0131l\u0131 bi\u00e7imde yans\u0131tt\u0131\u011f\u0131n\u0131 ancak vaatlerin tutulmad\u0131\u011f\u0131n\u0131 ve b\u00fcy\u00fck hayalk\u0131r\u0131kl\u0131klar\u0131 yaratt\u0131\u011f\u0131n\u0131 kaydetti.<\/p>\n<p style=\"text-align: justify;\"><strong>&#8221;OFSAYTIN KALDIRILMASI G\u0130B\u0130 VAATLER S\u0130YAS\u0130 TAR\u0130H\u0130M\u0130ZDE YER\u0130N\u0130 ALMI\u015eTIR&#8221;<\/strong><\/p>\n<p style=\"text-align: justify;\">Erdo\u011fan, &#8221;Bir ara, vaatler o kadar u\u00e7uk noktalara ula\u015ft\u0131 ki, &#8216;bo\u011faz k\u00f6pr\u00fcs\u00fcne otob\u00fcs dura\u011f\u0131&#8217;, &#8216;ofsayt\u0131n kald\u0131r\u0131lmas\u0131&#8217;, &#8216;her eve gazoz \u015febekesi kurulmas\u0131&#8217; benzeri se\u00e7im vaatleri siyasi tarihimizde yerini alm\u0131\u015ft\u0131r&#8221; diyerek, bu al\u0131\u015fkanl\u0131\u011f\u0131n bir devam\u0131 olarak, bug\u00fcnlerde muhalefetin benzer vaatleri dile getirdi\u011fini s\u00f6yledi.<\/p>\n<p style=\"text-align: justify;\">Ba\u015fbakan Erdo\u011fan, s\u00f6zlerini \u015f\u00f6yle s\u00fcrd\u00fcrd\u00fc:<\/p>\n<p style=\"text-align: justify;\">&#8221;Se\u00e7ime \u00fc\u00e7 aydan k\u0131sa bir s\u00fcre kala, son derece u\u00e7uk, ger\u00e7ekle\u015fmesi m\u00fcmk\u00fcn olmayan, T\u00fcrkiye&#8217;nin ger\u00e7ekleriyle \u00f6rt\u00fc\u015fmeyen vaatler ard\u0131 ard\u0131na s\u0131ralanmaya ba\u015flanm\u0131\u015ft\u0131r. Dikkatinizi \u00e7ekiyorum&#8230; Siyasi tarihleri boyunca, asker \u00fczerinden, ordu \u00fczerinden siyaset yapanlar, m\u00fcdahalelere alk\u0131\u015f tutanlar, orduyu g\u00f6reve \u00e7a\u011f\u0131ranlar, m\u00fcdahale sonras\u0131nda n\u00f6bet\u00e7i h\u00fck\u00fcmet olanlar, demokrasinin geli\u015fmesi ve vesayetin ortadan kalkmas\u0131yla umutlar\u0131n\u0131 yitirmi\u015fler; ama bu sefer de askerlik s\u00fcresi \u00fczerinden, yani yine ordu \u00fczerinden siyaset y\u00fcr\u00fctme yoluna tevess\u00fcl etmi\u015flerdir. B\u00f6yle ciddi bir meselenin, se\u00e7ime \u00e7ok az bir s\u00fcre kala, gen\u00e7lerin umutlar\u0131n\u0131 istismar edecek \u015fekilde kamuoyunun g\u00fcndemine ta\u015f\u0131nmas\u0131, as\u0131l niyetin pop\u00fclizm oldu\u011funu zaten ortaya koymaktad\u0131r.&#8221;<\/p>\n<p style=\"text-align: justify;\"><strong>&#8220;2023 HEDEFLER\u0130N\u0130 ESAS ALAN B\u0130R \u0130\u00c7ER\u0130KLE HAZIRLANIYOR&#8221;<\/strong><\/p>\n<p style=\"text-align: justify;\">Ba\u015fbakan Recep Tayyip Erdo\u011fan, \u015fu anda se\u00e7im beyannamelerinin, 2023 hedeflerini esas alan bir i\u00e7erikle haz\u0131rland\u0131\u011f\u0131n\u0131 belirterek, &#8221;\u00c7al\u0131\u015fmalar\u0131m\u0131z devam ediyor ve \u00e7ok daha fazla hedefi, in\u015fallah geni\u015f kat\u0131l\u0131ml\u0131 bir bas\u0131n toplant\u0131s\u0131yla kamuoyuna a\u00e7\u0131klayaca\u011f\u0131z. B\u00fcy\u00fck ihtimalle aday listesi a\u00e7\u0131kland\u0131ktan hemen sonra biz se\u00e7im beyannamemizi a\u00e7\u0131klayaca\u011f\u0131z, 2023&#8230;&#8221; dedi.<\/p>\n<p style=\"text-align: justify;\">Erdo\u011fan, Dolmabah\u00e7e Ofisi&#8217;nde, &#8221;2023 T\u00fcrkiye \u0130hracat Stratejisinin Uygulamaya Aktar\u0131lmas\u0131 ve Performans Y\u00f6netimi Projesi&#8221;nin tan\u0131t\u0131ld\u0131\u011f\u0131 toplant\u0131da yapt\u0131\u011f\u0131 konu\u015fmada, T\u00fcrkiye&#8217;de birilerinin maalesef milleti her f\u0131rsatta k\u00fc\u00e7\u00fcmsedi\u011fini, &#8221;bidon kafal\u0131&#8221;, &#8221;g\u00f6be\u011fini ka\u015f\u0131yan adam&#8221;, &#8221;y\u00fczde 60&#8217;\u0131 aptal&#8221; diyerek, milletin tercihini, takdirini a\u015fa\u011f\u0131lad\u0131\u011f\u0131n\u0131 anlatt\u0131.<\/p>\n<p style=\"text-align: justify;\">Se\u00e7ime k\u0131sa s\u00fcre kala, ger\u00e7ekle\u015fmeyecek vaadlerin ardarda s\u0131ralanmas\u0131n\u0131n da millete y\u00f6nelik bu nazar\u0131n bir yans\u0131mas\u0131 oldu\u011funu belirten Ba\u015fbakan Erdo\u011fan, \u015f\u00f6yle konu\u015ftu:<\/p>\n<p style=\"text-align: justify;\">&#8221;Muhalefet partileri, milleti anlamaz yerine, gayri m\u00fcmeyyiz yerine koyarak, u\u00e7uk vaadlerinin prim toplayaca\u011f\u0131 zann\u0131na kap\u0131lmaktad\u0131r. Milletimiz, bu vaadlerin hesaps\u0131z, kitaps\u0131z oldu\u011funu, ger\u00e7ekle\u015fme \u015fans\u0131n\u0131n olmad\u0131\u011f\u0131n\u0131 \u00e7ok iyi biliyor. Hele sizler giri\u015fimciler, yat\u0131r\u0131mc\u0131lar olarak bu i\u015fi \u00e7ok daha iyi biliyorsunuz. Dahas\u0131, ge\u00e7mi\u015fte ya\u015fad\u0131\u011f\u0131 ac\u0131 tecr\u00fcbelerle, bol keseden da\u011f\u0131tanlara da asla tevess\u00fcl etmiyor. Hele hele \u015fu ifadeler de anlaml\u0131; Biz &#8216;mevcut h\u00fck\u00fcmet neyi da\u011f\u0131t\u0131yorsa zaten onu verece\u011fiz&#8217; diyor. Bizim da\u011f\u0131tt\u0131klar\u0131m\u0131zla onlar\u0131n verdiklerinin mukayesesi kabil de\u011fil. Bak\u0131n, biz bu alanda \u00e7ok enteresan i\u015fler yapt\u0131k. \u015eimdi valiliklerimiz, kaymakaml\u0131klar\u0131m\u0131z vas\u0131tas\u0131yla fakir fukaraya k\u00f6m\u00fcr da\u011f\u0131tt\u0131k de\u011fil mi? Biz bu k\u00f6m\u00fcr\u00fc da\u011f\u0131t\u0131rken \u00f6zellikle bizim k\u00f6m\u00fcr ocaklar\u0131m\u0131z durmu\u015ftu. K\u00f6m\u00fcr madenlerinin oldu\u011fu b\u00f6lgelerde kamyon \u015fof\u00f6rlerimiz tamamen \u00e7al\u0131\u015famaz hale gelmi\u015fti. Manisa&#8217;da t\u00fcm kamyon \u015fof\u00f6rleri a\u011fl\u0131yordu. \u015e\u0131rnak, Cizre adeta kamyon mezarl\u0131\u011f\u0131 haline d\u00f6nm\u00fc\u015ft\u00fc. \u015e\u0131rnak k\u00f6m\u00fcr ocaklar\u0131 \u00e7al\u0131\u015fm\u0131yordu. Biz bunu \u00e7al\u0131\u015ft\u0131rmaya ba\u015flay\u0131nca hem k\u00f6m\u00fcr ocaklar\u0131 \u00e7al\u0131\u015fmaya ba\u015flad\u0131 hem de oradaki kamyonlar\u0131 devreye sokmak suretiyle b\u00fct\u00fcn o b\u00f6lgelerde art\u0131k kamyon \u015fof\u00f6r\u00fc ekmek sahibi olmaya ba\u015flad\u0131. Bir de tabii ki \u00e7ok \u00e7ok ucuz maliyetle biz fakir fukaraya o k\u00f6m\u00fcr\u00fc ula\u015ft\u0131rd\u0131k. Yani biz mevcut imkanlar\u0131m\u0131za de\u011fer kazand\u0131rd\u0131k. Ama \u015fu anda muhalefet bu i\u015fin nas\u0131l yap\u0131ld\u0131\u011f\u0131n\u0131n fark\u0131nda bile de\u011fil. Bir taraftan da biz oradaki b\u00fct\u00fcn o kamyon \u015fof\u00f6rlerinin, onlar\u0131n evine, i\u015f meydana getirmek suretiyle a\u015f g\u00f6t\u00fcrmesini sa\u011flad\u0131k. Ayn\u0131 \u015fekilde pirincinden tutun makarnas\u0131na, ya\u011f\u0131na, \u015fekerine var\u0131ncaya kadar bunlar\u0131 \u00e7ok y\u00fckl\u00fc miktarda sat\u0131n alan Sosyal Dayan\u0131\u015fma Yard\u0131mla\u015fma, \u00e7ok \u00e7ok ucuza sat\u0131n alm\u0131\u015f. dolay\u0131s\u0131yla bunlar\u0131 da ucuza fakir fukaraya ula\u015ft\u0131rm\u0131\u015ft\u0131r. \u015eimdi &#8216;Bunlar\u0131 vermeyece\u011fiz, biz paray\u0131 verece\u011fiz&#8217; diyor. Yahu sen bunun maliyetini y\u00fczde 100 art\u0131r\u0131yorsun karde\u015fim. Sen bunun da fark\u0131nda de\u011filsin. Senin o verece\u011fin para, sat\u0131n alma g\u00fcc\u00fc itibariyle yar\u0131 yar\u0131ya d\u00fc\u015fer. Bunun bile fark\u0131nda de\u011filsin. Ama biz bunu tam manas\u0131yla \u00e7ok daha farkl\u0131 hale getirdik. \u00dcstelik de senin \u015fu anda &#8216;\u015eu kadar verece\u011fim&#8217; dedi\u011fin rakamlar\u0131&#8230; Ba\u015fbakan Yard\u0131mc\u0131m a\u00e7\u0131klamalar\u0131n\u0131 yapt\u0131 ve sizin ifade etti\u011finiz rakamlar, 13 milyar\u0131n ifadesini kullan\u0131yor. Biz hesab\u0131n\u0131 yap\u0131yoruz, 24, bir di\u011fer hesapla 36 milyar gibi bir rakam ortaya \u00e7\u0131k\u0131yor. B\u00fct\u00e7ede bunun yeri nas\u0131l?, Hesab\u0131n\u0131 yapt\u0131n m\u0131? Ama b\u00f6yle bir hesap olmad\u0131\u011f\u0131 i\u00e7in de Kayseri&#8217;ye deniz getirme vaadinde bulunanlar gibi bunlar da \u015fimdi bu vaadleri yap\u0131yor.&#8221;<\/p>\n<p style=\"text-align: justify;\"><strong>SE\u00c7\u0130M BEYANNAMES\u0130<\/strong><\/p>\n<p style=\"text-align: justify;\">Ba\u015fbakan Erdo\u011fan, 2023 hedeflerinin pop\u00fclizmden, hayalcilikten tamamen uzak, ayaklar\u0131 yere basan hedefler oldu\u011funu kaydederek, hedeflerin, 3-4 ayl\u0131k, 4-8 y\u0131ll\u0131k de\u011fil 4 4 4, toplamda 12 y\u0131ll\u0131k bir hedef olarak belirlediklerini, bu konudaki samimiyet ve kararl\u0131l\u0131klar\u0131n\u0131n da g\u00f6stergesi olarak bunu a\u00e7\u0131klad\u0131klar\u0131n\u0131 kaydetti.<\/p>\n<p style=\"text-align: justify;\">\u015eu ana kadar 2023&#8217;e y\u00f6nelik milli gelir, ihracat, e\u011fitim, ula\u015ft\u0131rma, enerji, i\u015fsizlik gibi baz\u0131 temel g\u00f6stergeleri payla\u015ft\u0131klar\u0131n\u0131 belirten Erdo\u011fan, &#8221;\u015eu anda se\u00e7im beyannamemiz, 2023 hedeflerini esas alan bir i\u00e7erikle haz\u0131rlan\u0131yor. \u00c7al\u0131\u015fmalar\u0131m\u0131z devam ediyor ve \u00e7ok daha fazla hedefi, in\u015fallah geni\u015f kat\u0131l\u0131ml\u0131 bir bas\u0131n toplant\u0131s\u0131yla kamuoyuna a\u00e7\u0131klayaca\u011f\u0131z ki bu b\u00fcy\u00fck ihtimalle aday listesi a\u00e7\u0131kland\u0131ktan hemen sonra biz se\u00e7im beyannamemizi a\u00e7\u0131klayaca\u011f\u0131z, 2023&#8230;&#8221; diye konu\u015ftu.<\/p>\n<p style=\"text-align: justify;\">Baz\u0131 muhalefet partilerinin, 2023 hedeflerine sahip \u00e7\u0131kmas\u0131, kendi projeleri oldu\u011funu iddia etmesinin kendilerini sevindirece\u011fini dile getiren Ba\u015fbakan Erdo\u011fan, 2023 vizyonunun muhalefet taraf\u0131ndan da payla\u015f\u0131lmas\u0131n\u0131n demokrasinin kalitesi ad\u0131na sevindirici oldu\u011funu ancak, &#8221;iktidarlar\u0131 d\u00f6neminde T\u00fcrkiye&#8217;ye \u00e7ok a\u011f\u0131r bedeller \u00f6detenlerin, ekonominin t\u00fcm dengelerini alt \u00fcst edip bir gecede T\u00fcrkiye&#8217;yi ciddi \u015fekilde yoksulla\u015ft\u0131ranlar\u0131n, bug\u00fcn 2023 hedeflerine sahip \u00e7\u0131kmas\u0131n\u0131n tam bir tezat&#8221; oldu\u011funu vurgulad\u0131.<\/p>\n<p style=\"text-align: justify;\">Erdo\u011fan, &#8221;O g\u00fcnleri herhalde unutmuyoruz. Yani y\u00fczde 7 bin 500 faizlerin \u00f6dendi\u011fi o g\u00fcnleri unutmuyoruz. Yine muhalefetleri d\u00f6neminde, T\u00fcrkiye&#8217;nin \u00f6n\u00fcne hi\u00e7bir hedef, hi\u00e7 bir vizyon koyamayanlar\u0131n, milletin derdine derman olacak hi\u00e7bir proje a\u00e7\u0131klamayanlar\u0131n, bizim ortaya koydu\u011fumuz hedeflere sahip \u00e7\u0131kmas\u0131, kolayc\u0131l\u0131kt\u0131r, f\u0131rsat\u00e7\u0131l\u0131kt\u0131r&#8221; dedi.<\/p>\n<p style=\"text-align: justify;\">Ba\u015fbakan Erdo\u011fan, 2023 hedeflerinin patentiyle de\u011fil, i\u00e7eri\u011fiyle, 2023 hedeflerinin ger\u00e7ekle\u015fmesiyle, T\u00fcrkiye&#8217;nin bu vizyonla ilerlemesiyle ilgili olduklar\u0131n\u0131 belirterek, T\u0130M&#8217;in, 2023 hedefleri aras\u0131nda yer alan 500 milyar dolar ihracat hedefiyle ilgili g\u00fczel bir proje haz\u0131rlad\u0131\u011f\u0131n\u0131, bu projenin, Ocak ay\u0131nda Ekonomi Koordinasyon Kurulu&#8217;na sunuldu\u011funu, s\u00f6z konusu toplant\u0131da, projenin D\u0131\u015f Ticaret M\u00fcste\u015farl\u0131\u011f\u0131, Devlet Planlama Te\u015fkilat\u0131 ve T\u0130M taraf\u0131ndan ayr\u0131nt\u0131l\u0131 bir \u015fekilde \u00e7al\u0131\u015f\u0131lmas\u0131n\u0131 kararla\u015ft\u0131rd\u0131klar\u0131n\u0131 anlatt\u0131.<\/p>\n<p style=\"text-align: justify;\">Erdo\u011fan, &#8221;Hedefimiz, bu \u00e7al\u0131\u015fman\u0131n t\u00fcm kamu kurulu\u015flar\u0131 i\u00e7in y\u00f6n g\u00f6sterici bir strateji belgesi haline gelmesiydi&#8221; dedi.<\/p>\n<p style=\"text-align: justify;\"><strong>&#8221;6 YILDA 3,5 KAT ARTAN \u0130HRACAT, \u00d6N\u00dcM\u00dcZDEK\u0130 12 YILDA PEKALA 4 KAT ARTAB\u0130L\u0130R&#8221;<\/strong><\/p>\n<p style=\"text-align: justify;\">Ba\u015fbakan Recep Tayyip Erdo\u011fan, &#8221;6 y\u0131lda 3,5 kat artan ihracat, \u00f6n\u00fcm\u00fczdeki 12 y\u0131lda pekala 4 kat artabilir. Bu da, b\u0131rak\u0131n\u0131z 500 milyar dolar\u0131, onun da \u00fczerinde bir rakama tekab\u00fcl eder&#8221; dedi.<\/p>\n<p style=\"text-align: justify;\">Ba\u015fbakan Erdo\u011fan, Dolmabah\u00e7e Ofisi&#8217;nde, &#8221;2023 T\u00fcrkiye \u0130hracat Stratejisinin Uygulamaya Aktar\u0131lmas\u0131 ve Performans Y\u00f6netimi Projesi&#8221;nin a\u00e7\u0131kland\u0131\u011f\u0131 toplant\u0131daki konu\u015fmas\u0131nda, 2023 ihracat stratejisinin gerisinde, 2009 y\u0131l\u0131ndan bu yana sekt\u00f6r temsilcilerinin de kat\u0131l\u0131m\u0131yla ger\u00e7ekle\u015ftirilen \u00e7al\u0131\u015fmalar, stratejinin oda\u011f\u0131nda ise, Cumhuriyetin 100. kurulu\u015f y\u0131l d\u00f6n\u00fcm\u00fc olan 2023 y\u0131l\u0131nda 500 milyar dolar ihracata ula\u015fma hedefi bulundu\u011funu belirtti.<\/p>\n<p style=\"text-align: justify;\">T\u00fcrkiye \u0130hracat\u00e7\u0131lar Meclisi&#8217;nin (T\u0130M), haz\u0131rlad\u0131\u011f\u0131 projede, \u00f6n\u00fcm\u00fczdeki 12 y\u0131l\u0131 kapsayan makro ve sekt\u00f6rel \u00f6ng\u00f6r\u00fcler belirledi\u011fine de\u011finen Recep Tayyip Erdo\u011fan, \u015f\u00f6yle devam etti:<\/p>\n<p style=\"text-align: justify;\">&#8221;\u0130hracat\u0131m\u0131za, gelecek d\u00f6nemlerin ihtiya\u00e7lar\u0131na ve taleplerine uygun, esnek bir yap\u0131 kazand\u0131rmak istiyoruz. \u00dcretim yap\u0131m\u0131z\u0131, ihracat hedeflerimize uygun bir \u015fekilde geli\u015ftirecek, baz\u0131 alanlarda yeniden olu\u015fturaca\u011f\u0131z. Stratejimizin kamu b\u00f6l\u00fcm\u00fcn\u00fcn uygulay\u0131c\u0131lar\u0131 olan kurum ve kurulu\u015flar, D\u0131\u015f Ticaret M\u00fcste\u015farl\u0131\u011f\u0131m\u0131z ve Devlet Planlama Te\u015fkilat\u0131m\u0131zla i\u015fbirli\u011fi i\u00e7inde \u00fczerlerine d\u00fc\u015fen sorumluluklar\u0131 yerine getirecekler. Kalk\u0131nma planlar\u0131 ve y\u0131ll\u0131k programlar, bu stratejide yer alan hedeflere uygun \u015fekilde olu\u015fturulacak.<\/p>\n<p style=\"text-align: justify;\">Bu \u00e7er\u00e7evede ula\u015f\u0131m ve lojistikten ba\u015flay\u0131p AR-GE ve inovasyona, ucuz ve kaliteli girdi ihtiyac\u0131n\u0131n kar\u015f\u0131lanmas\u0131ndan finansmana, e\u011fitimden nitelikli i\u015f g\u00fcc\u00fc yeti\u015ftirilmesine kadar uzanan \u00e7e\u015fitli projeler geli\u015ftirilecek, faaliyetler icra edilecek. \u00dclkemizin d\u00fcnya ticaretinden ald\u0131\u011f\u0131 pay\u0131 art\u0131rabilmek i\u00e7in a\u015famal\u0131 bir plan ortaya koymak ve bunu da hayata ge\u00e7irmek durumunday\u0131z.&#8221;<\/p>\n<p style=\"text-align: justify;\"><strong>L\u0130BYA<\/strong><\/p>\n<p style=\"text-align: justify;\">Ba\u015fbakan Recep Tayyip Erdo\u011fan, son haftalarda Kuzey Afrika&#8217;da ve b\u00f6lgede ya\u015fanan olaylar\u0131n olumsuz bir etki meydana getirdi\u011fini ancak bu t\u00fcr olaylar\u0131n, karamsarl\u0131k do\u011furmamas\u0131 gerekti\u011fini dile getirerek, bu olaylar\u0131n farkl\u0131 \u00f6rne\u011finin Irak&#8217;ta ya\u015fand\u0131\u011f\u0131n\u0131, Irak&#8217;\u0131n T\u00fcrkiye i\u00e7in \u00e7ok olumsuz neticeler verece\u011finin s\u00f6ylenmesine ra\u011fmen T\u00fcrkiye&#8217;nin lehine neticeler verdi\u011fini anlatt\u0131. Erdo\u011fan, bunun T\u00fcrk i\u015fadamlar\u0131n\u0131n cesaretinden geldi\u011fini, risk payla\u015f\u0131m\u0131 olmasa b\u00f6yle bir sonu\u00e7 alman\u0131n m\u00fcmk\u00fcn olmad\u0131\u011f\u0131n\u0131 belirtti.<\/p>\n<p style=\"text-align: justify;\">T\u00fcrkiye&#8217;nin ihracat\u0131n\u0131n d\u00fcnya ticaretinden ald\u0131\u011f\u0131 pay\u0131n 2013 y\u0131l\u0131nda y\u00fczde 0,91&#8217;e, 2018 y\u0131l\u0131nda y\u00fczde 1,14&#8217;e, 2023 y\u0131l\u0131nda y\u00fczde 1,46&#8217;ya ula\u015ft\u0131r\u0131lmas\u0131, bunun i\u00e7inde de y\u0131ll\u0131k ihracatta ortalama y\u00fczde 13 art\u0131\u015f sa\u011flamak gerekti\u011fine i\u015faret eden Erdo\u011fan, &#8221;Herhangi bir y\u0131lda eksik kalan art\u0131\u015f oran\u0131n\u0131, daha sonraki y\u0131llarda telafi etmeyi planl\u0131yoruz. Daha fazla \u00e7al\u0131\u015faca\u011f\u0131z. Daha farkl\u0131 \u00fclkeler bulaca\u011f\u0131z ama bunu art\u0131raca\u011f\u0131z. Elbette \u00f6n\u00fcm\u00fczdeki d\u00f6nemde finansman imkanlar\u0131ndaki geli\u015fmeleri, geli\u015fmekte olan \u00fclkelerin d\u00fcnya ticaretindeki a\u011f\u0131rl\u0131klar\u0131n\u0131n art\u0131\u015f\u0131, s\u00f6z konusu \u00fclkeler aras\u0131ndaki rekabetin yo\u011funla\u015fmas\u0131 gibi hususlar\u0131 da g\u00f6z \u00f6n\u00fcnde bulunduruyoruz&#8221; diye konu\u015ftu.<\/p>\n<p style=\"text-align: justify;\">T\u0130M&#8217;in spesifik eylem \u00f6nerilerini de de\u011ferlendirerek, ilgili kamu kurulu\u015flar\u0131yla g\u00f6r\u00fc\u015fmeleri tamamlay\u0131p, strateji belgesinin nihai halini \u00f6n\u00fcm\u00fczdeki ay vermeyi planlad\u0131klar\u0131n\u0131 ifade eden Ba\u015fbakan Erdo\u011fan, \u015f\u00f6yle dedi:<\/p>\n<p style=\"text-align: justify;\">&#8221;2023&#8217;de 500 milyar dolar ihracat hedefinin hayal olmad\u0131\u011f\u0131n\u0131 bilmeliyiz, buna inanmal\u0131y\u0131z. Bunun ula\u015f\u0131labilir bir hedef oldu\u011fu, esasen son 8 y\u0131lda ortaya koydu\u011fumuz performansla k\u0131yasland\u0131\u011f\u0131nda, daha net anla\u015f\u0131lacakt\u0131r. 2002 y\u0131l\u0131 sonunda T\u00fcrkiye 36 milyar dolar ihracat ger\u00e7ekle\u015ftirmi\u015fti. 2008 y\u0131l\u0131nda, yani 6 y\u0131lda ihracat\u0131 \u00fc\u00e7 kattan fazla art\u0131rarak 136 milyar dolara y\u00fckselttik. K\u00fcresel finans krizi nedeniyle, t\u00fcm d\u00fcnyada oldu\u011fu gibi T\u00fcrkiye&#8217;de de ihracat bir miktar geriledi. 114&#8217;e d\u00fc\u015ft\u00fck. 114, 2010 y\u0131l\u0131 rakam\u0131 oldu. Rakamlar\u0131na bakt\u0131\u011f\u0131m\u0131zda, bu y\u0131l ihracat\u0131m\u0131z\u0131n kriz \u00f6ncesi d\u00f6nemi yakalayaca\u011f\u0131n\u0131, yeniden 130 milyar dolar\u0131n \u00fczerine \u00e7\u0131kaca\u011f\u0131n\u0131 g\u00f6r\u00fcyoruz. 6 y\u0131lda 3,5 kat artan ihracat, \u00f6n\u00fcm\u00fczdeki 12 y\u0131lda pekala 4 kat artabilir. Bu da, b\u0131rak\u0131n\u0131z 500 milyar dolar\u0131, onun da \u00fczerinde bir rakama tekab\u00fcl eder.&#8221;<\/p>\n<p style=\"text-align: justify;\"><strong>&#8221;GALATAPORT&#8217;U ENGELLED\u0130LER. N\u0130YE? YAHUD\u0130YE G\u0130D\u0130YOR D\u0130YE&#8230;&#8221;<\/strong><\/p>\n<p style=\"text-align: justify;\">Ba\u015fbakan Recep Tayyip Erdo\u011fan, &#8221;230 milyar dolardan ald\u0131\u011f\u0131m\u0131z milli gelir, 6 y\u0131lda yine \u00fc\u00e7 kat\u0131n \u00fczerinde bir art\u0131\u015fla 730 milyar dolara ula\u015ft\u0131. 6 y\u0131lda 3 kat\u0131n \u00fczerinde artan milli gelir, 12 y\u0131lda pekala 3 kat artabilir ve 2 trilyon dolara ula\u015fabilir&#8221; dedi.<\/p>\n<p style=\"text-align: justify;\">Erdo\u011fan, Dolmabah\u00e7e Ofisi&#8217;nde, &#8221;2023 T\u00fcrkiye \u0130hracat Stratejisinin Uygulamaya Aktar\u0131lmas\u0131 ve Performans Y\u00f6netimi Projesi&#8221;nin a\u00e7\u0131kland\u0131\u011f\u0131 toplant\u0131daki konu\u015fmas\u0131nda, art\u0131k T\u00fcrkiye&#8217;nin g\u00fc\u00e7lendi\u011fini ve kar\u015f\u0131 tarafa g\u00fcven verdi\u011fini kaydederek, &#8221;G\u00fcven verdi\u011fimiz i\u00e7in biz, art\u0131k \u00e7ok daha farkl\u0131 \u00fclkelerin, g\u00fc\u00e7l\u00fc \u00fclkelerin talebiyle kar\u015f\u0131 kar\u015f\u0131ya kalaca\u011f\u0131z. \u015eunu da \u00f6zellikle s\u00f6yleyeyim, l\u00fctfen talebe arz meydana getirmeyelim. Talebi biz meydana getirelim. Art\u0131k d\u00fcnya bunun \u00fczerine kurulu. Biz kovalayaca\u011f\u0131z, m\u00fc\u015fteri beklemeyece\u011fiz&#8221; diye konu\u015ftu.<\/p>\n<p style=\"text-align: justify;\">Otomotivin ilk s\u0131rada yer al\u0131rken ikinci s\u0131raya demir \u00e7eli\u011fin \u00e7\u0131kt\u0131\u011f\u0131n\u0131, tekstilin \u00fc\u00e7\u00fcnc\u00fc s\u0131rada yer ald\u0131\u011f\u0131n\u0131 dile getiren Ba\u015fbakan Erdo\u011fan, &#8221;S\u00fcratle art\u0131yor. \u015eu anda demir \u00e7elikte yapt\u0131\u011f\u0131m\u0131z dev yat\u0131r\u0131mlarla inan\u0131yorum ki, hem i\u00e7 piyasada hem d\u0131\u015f piyasada \u00e7ok daha b\u00fcy\u00fck yer alacak g\u00fcce kavu\u015faca\u011f\u0131z. Ona do\u011fru gidiyor&#8221; dedi.<\/p>\n<p style=\"text-align: justify;\">Erdo\u011fan, milli gelir hedeflerinin de ger\u00e7ek\u00e7i oldu\u011funun g\u00f6r\u00fclece\u011fi bir rakama ula\u015ft\u0131\u011f\u0131na i\u015faret ederek, \u015f\u00f6yle devam etti:<\/p>\n<p style=\"text-align: justify;\">&#8221;230 milyar dolardan ald\u0131\u011f\u0131m\u0131z milli gelir, 6 y\u0131lda yine \u00fc\u00e7 kat\u0131n \u00fczerinde bir art\u0131\u015fla 730 milyar dolara ula\u015ft\u0131. 6 y\u0131lda 3 kat\u0131n \u00fczerinde artan milli gelir, 12 y\u0131lda pekala 3 kat artabilir ve 2 trilyon dolara ula\u015fabilir. Bunun i\u00e7in ula\u015fmamas\u0131 noktas\u0131nda herhangi bir \u015fey yok. Ula\u015ft\u0131rma da ayn\u0131 \u015fekilde&#8230; Cumhuriyet tarihi boyunca bu \u00fclkede 79 y\u0131lda, 6 bin 100 kilometre b\u00f6l\u00fcnm\u00fc\u015f yol yap\u0131ld\u0131. Ger\u00e7ek ortada. 8 y\u0131l bile de\u011fil ama ben 8 y\u0131l diyorum, 8 y\u0131lda 13 bin 600 kilometre b\u00f6l\u00fcnm\u00fc\u015f yol yapt\u0131k. Bunlara g\u00f6re hesab\u0131n\u0131 yapm\u0131\u015f olsak, ortaya ne \u00e7\u0131kar? Bunu 10&#8217;la \u00e7arpmam\u0131z laz\u0131m. 10&#8217;la \u00e7arpt\u0131\u011f\u0131n\u0131z zaman 130 bin kilometre b\u00f6l\u00fcnm\u00fc\u015f yol demektir. Mezralar\u0131, k\u00f6y yollar\u0131n\u0131 s\u00f6ylemiyorum, b\u00f6l\u00fcnm\u00fc\u015f yollar\u0131 s\u00f6yl\u00fcyorum. Ben art\u0131k ula\u015ft\u0131rma bakan\u0131na hep \u015funu s\u00f6yl\u00fcyorum; \u015fimdi art\u0131k duble yol de\u011fil, bunu art\u0131k a\u015f\u0131yoruz, \u015fimdi Hazine arazilerinin oldu\u011fu yerlerde veya kamula\u015ft\u0131rman\u0131n rahat oldu\u011fu yerlerde 3 art\u0131 3 yapaca\u011f\u0131z. Yani 3 gidi\u015f 3 geli\u015f. T\u00fcrkiye art\u0131k bunlar\u0131 yapabilir. Bunlar da zaten adeta otoyol kalitesinde yap\u0131lmakta olan yollar.<\/p>\n<p style=\"text-align: justify;\">Bir taraftan art\u0131k h\u0131zl\u0131 trene, \u00f6b\u00fcr taraftan havayoluyla&#8230; Zaten \u00fclkemizin d\u00f6rt bir yan\u0131na halk\u0131n yolu haline geldi havayolu. Bir yabanc\u0131 giri\u015fimci buraya geldi\u011fi zaman \u00fclkemizde gidemeyece\u011fi yer yok. \u015eimdi ikinci ad\u0131m\u0131 at\u0131yoruz. 15 bin kilometre vaadimiz vard\u0131, bizimle dalga ge\u00e7iyorlard\u0131, 15 bin kilometre \u015fimdi doluyor, ikinci 15 bin kilometreye ba\u015fl\u0131yoruz. 2023 vizyonumuzda bu da var.&#8221;<\/p>\n<p style=\"text-align: justify;\"><strong>&#8221;2011 12 HAZ\u0130RAN&#8217;INI B\u0130R M\u0130LAT OLARAK G\u00d6R\u00dcYORUM&#8221;<\/strong><\/p>\n<p style=\"text-align: justify;\">\u00d6nemli olan\u0131n \u00f6zg\u00fcven oldu\u011funu, T\u00fcrkiye&#8217;ye inand\u0131klar\u0131n\u0131, millete g\u00fcvendiklerini ve &#8221;Kaynak T\u00fcrkiye&#8221;dir diyerek son derece iddial\u0131 hedefler belirlediklerini anlatan Erdo\u011fan, 8 y\u0131l\u0131n sonunda da belirledikleri iddial\u0131 hedeflerin hemen hemen tamam\u0131n\u0131 tutturduklar\u0131n\u0131 ve yeniden iddial\u0131 hedeflerle milletin huzuruna \u00e7\u0131kt\u0131klar\u0131n\u0131 belirterek, \u015funlar\u0131 kaydetti:<\/p>\n<p style=\"text-align: justify;\">&#8221;\u0130n\u015fallah, azimle, kararl\u0131l\u0131kla, cesaretle&#8230; Denizin alt\u0131ndan Marmaray in\u015fallah 2013&#8217;de hizmetinize giriyor. Sultan Abd\u00fclmecit 19. as\u0131rda projesini ortaya koydu ama o g\u00fcnden bug\u00fcne kimse bu ad\u0131m\u0131 atamad\u0131. Ama biz dedik ki bunu Osmanl\u0131&#8217;n\u0131n bir torunu olarak biz ger\u00e7ekle\u015ftirece\u011fiz. Ne yaz\u0131k ki, Osmanl\u0131n\u0131n torunu oldu\u011funu zannettiklerimiz &#8216;burada \u00e7anak \u00e7\u00f6mlek var&#8217; dediler, \u00f6n\u00fcm\u00fcz\u00fc kestiler. \u0130nsandan daha kutsal \u015fey olabilir mi? Her \u015fey insan i\u00e7in olacak. 3 y\u0131l\u0131m\u0131z\u0131 yediler \u00e7anak \u00e7\u00f6mlekten. 3 y\u0131l gitti. Yaz\u0131kt\u0131r, g\u00fcnaht\u0131r. 3 y\u0131l. Bunun maliyet hesab\u0131n\u0131 yap\u0131yor musunuz? Bunlar\u0131n b\u00f6yle bir derdi yok.<\/p>\n<p style=\"text-align: justify;\">Galataport&#8217;u engellediler. Niye? Yahudiye gidiyor diye&#8230; \u015eu Tophane&#8217;nin halini g\u00f6r\u00fcyorsunuz de\u011fil mi? Yani e\u011fer ba\u015flanm\u0131\u015f olsayd\u0131, \u015fu anda orada p\u0131r\u0131l p\u0131r\u0131l bir Galataport olacak, gemiler oraya rahatl\u0131kla girebilecekti. \u00d6b\u00fcr tarafta Haydarpa\u015faport, yine ayn\u0131 \u015fekilde&#8230; \u0130stanbul&#8217;da biz \u015fu anda bile otellerimizde yer yeti\u015ftiremiyoruz. Ama bunlarla hem kapasitemizi art\u0131raca\u011f\u0131z, hem \u0130stanbul&#8217;u d\u00fcnyan\u0131n bir kongre merkezi olarak, bir e\u011fitim merkezi olarak, bir sa\u011fl\u0131k merkezi olarak \u00e7ok daha farkl\u0131 bir konuma ta\u015f\u0131yaca\u011f\u0131z. \u0130\u015fte bu heyecan\u0131 ta\u015f\u0131yamayan insanlarla m\u00fccadele ederek ancak bu noktaya gelebiliyoruz.&#8221;<\/p>\n<p style=\"text-align: justify;\">\u00d6n\u00fcm\u00fczdeki d\u00f6nemin \u00e7ok daha fakl\u0131 olaca\u011f\u0131n\u0131 umut etti\u011fini ifade eden Erdo\u011fan, &#8221;Ben, 2011 12 Haziran&#8217;\u0131n\u0131 bir milat olarak g\u00f6r\u00fcyorum. \u00c7ok daha farkl\u0131 olarak y\u00fcr\u00fcyece\u011fiz. 500 milyar dolarl\u0131k hedefle \u00e7ok daha farkl\u0131 y\u00fcr\u00fcyece\u011fiz. \u00c7\u00fcnk\u00fc o 500 milyar dolar\u0131n meydana getirdi\u011fi sinerji, onun meydana getirdi\u011fi istihdam kapasitesi, T\u00fcrkiye&#8217;de bir\u00e7ok \u015feyi hareketlendirir. Bu cesaretle bu hedeflerimizi de tutturacak, en b\u00fcy\u00fck hedefimiz olan T\u00fcrkiye&#8217;yi d\u00fcnyan\u0131n en b\u00fcy\u00fck 10 ekonomisi aras\u0131na y\u00fckseltme hedefimizi de ger\u00e7ekle\u015ftirece\u011fiz. Hedeflerimizin, vizyonumuzun, ufkumuzun, milletimizle birlikte sivil toplum \u00f6rg\u00fctleriyle de payla\u015f\u0131l\u0131yor olmas\u0131ndan b\u00fcy\u00fck bir heyecan duydu\u011fumu payla\u015fmak isterim&#8221; diye konu\u015ftu.<\/p>\n<p style=\"text-align: justify;\">Erdo\u011fan, T\u0130M&#8217;in detayl\u0131 bir \u00e7al\u0131\u015fma yaparak, 500 milyar dolar ihracat\u0131n m\u00fcmk\u00fcn oldu\u011funu ortaya koydu\u011funu ve bunun i\u00e7in nas\u0131l bir heyecanla \u00e7al\u0131\u015faca\u011f\u0131n\u0131 ilan etti\u011fini dile getirerek, T\u0130M&#8217;e, y\u00f6neticilerine, ihracat\u00e7\u0131 birliklerine, ihracat\u00e7\u0131lara, bakanlara, kurumlara, b\u00fcrokratlara te\u015fekk\u00fcr etti.<\/p>\n<p style=\"text-align: justify;\">Konu\u015fmas\u0131n\u0131n ard\u0131ndan T\u0130M Ba\u015fkan\u0131 Mehmet B\u00fcy\u00fckek\u015fi, Ba\u015fbakan Erdo\u011fan&#8217;a 2023 ihracat stratejisinin alt\u0131n anahtar\u0131n\u0131 ve projenin \u00f6zel bask\u0131l\u0131 kitab\u0131n\u0131 sundu.<\/p>\n<p style=\"text-align: justify;\">Bunun ard\u0131ndan Erdo\u011fan, &#8221;Y\u00fczde 100 yerli otomobil&#8221; konusuna de\u011finerek, T\u00fcrkiye&#8217;nin gemi in\u015faat sekt\u00f6r\u00fcnde g\u00fc\u00e7l\u00fc oldu\u011funu, u\u00e7ak motorlar\u0131n\u0131 \u00fcretebilen bir \u00fclke haline gelebilece\u011fini belirterek, &#8221;Ben bu noktadaki ideallerimi s\u00f6yl\u00fcyorum. Bu millet bunu yapar m\u0131 deyince, yani Nuri Demira\u011f, kendi u\u00e7a\u011f\u0131m\u0131z\u0131 yap\u0131p u\u00e7urduysa, Sivas Divri\u011fi&#8217;ye bunu u\u00e7urduysa, peki \u015fimdi biz bunu niye yapm\u0131yoruz? Bir yerlerden birileri \u00e7omak sokuyor. Bu oyuna gelmeyelim, bu oyunu bozal\u0131m, T\u00fcrkiye bunu bozar. Per\u015fembe pazar\u0131nda, \u00e7ocuklu\u011fumda 20 metrekare i\u00e7erisinde motor \u015faft\u0131 yapan ustalar\u0131 biliyorum. Hatta gemi \u015faft\u0131n\u0131 i\u00e7eriye s\u0131\u011fd\u0131ramad\u0131\u011f\u0131 i\u00e7in d\u00fckkan\u0131n kap\u0131s\u0131ndan d\u0131\u015far\u0131 uzatmak suretiyle yapan ustalar\u0131 biliyorum. Biz art\u0131k \u00e7ok daha b\u00fcy\u00fck imkanlara sahibiz, yapar\u0131z&#8221; diye konu\u015ftu.<\/p>\n<p style=\"text-align: justify;\"><a href=\"http:\/\/www.gazeteport.com.tr\/EKONOMI\/NEWS\/GP_875076\" target=\"_blank\">Kaynak : GAZETEPORT<\/a><\/p>\n","protected":false},"excerpt":{"rendered":"<p style=\"text-align: justify;\">\n<p style=\"text-align: justify;\">Ba\u015fbakan Recep Tayyip Erdo\u011fan, se\u00e7ime \u00fc\u00e7 aydan k\u0131sa bir s\u00fcre kala, u\u00e7uk, ger\u00e7ekle\u015fmesi m\u00fcmk\u00fcn olmayan, T\u00fcrkiye&#8217;nin ger\u00e7ekleriyle \u00f6rt\u00fc\u015fmeyen vaatlerin ard\u0131 ard\u0131na s\u0131ralanmaya ba\u015fland\u0131\u011f\u0131n\u0131 belirterek, &#8221;Siyasi tarihleri boyunca, asker \u00fczerinden siyaset yapanlar, m\u00fcdahalelere alk\u0131\u015f tutanlar, orduyu g\u00f6reve \u00e7a\u011f\u0131ranlar, demokrasinin geli\u015fmesi ve vesayetin ortadan kalkmas\u0131yla umutlar\u0131n\u0131 yitirmi\u015fler; ama bu sefer de askerlik <\/p>\n","protected":false},"author":1,"featured_media":0,"comment_status":"open","ping_status":"closed","sticky":false,"template":"","format":"standard","meta":{"footnotes":""},"categories":[105],"tags":[],"class_list":["post-29680","post","type-post","status-publish","format-standard","hentry","category-gundem","odd"],"_links":{"self":[{"href":"http:\/\/www.korhanyilmaz.com\/index.php?rest_route=\/wp\/v2\/posts\/29680","targetHints":{"allow":["GET"]}}],"collection":[{"href":"http:\/\/www.korhanyilmaz.com\/index.php?rest_route=\/wp\/v2\/posts"}],"about":[{"href":"http:\/\/www.korhanyilmaz.com\/index.php?rest_route=\/wp\/v2\/types\/post"}],"author":[{"embeddable":true,"href":"http:\/\/www.korhanyilmaz.com\/index.php?rest_route=\/wp\/v2\/users\/1"}],"replies":[{"embeddable":true,"href":"http:\/\/www.korhanyilmaz.com\/index.php?rest_route=%2Fwp%2Fv2%2Fcomments&post=29680"}],"version-history":[{"count":0,"href":"http:\/\/www.korhanyilmaz.com\/index.php?rest_route=\/wp\/v2\/posts\/29680\/revisions"}],"wp:attachment":[{"href":"http:\/\/www.korhanyilmaz.com\/index.php?rest_route=%2Fwp%2Fv2%2Fmedia&parent=29680"}],"wp:term":[{"taxonomy":"category","embeddable":true,"href":"http:\/\/www.korhanyilmaz.com\/index.php?rest_route=%2Fwp%2Fv2%2Fcategories&post=29680"},{"taxonomy":"post_tag","embeddable":true,"href":"http:\/\/www.korhanyilmaz.com\/index.php?rest_route=%2Fwp%2Fv2%2Ftags&post=29680"}],"curies":[{"name":"wp","href":"https:\/\/api.w.org\/{rel}","templated":true}]}}