{"id":29673,"date":"2011-03-23T23:05:28","date_gmt":"2011-03-23T21:05:28","guid":{"rendered":"http:\/\/www.korhanyilmaz.com\/?p=29673"},"modified":"2011-03-23T23:05:28","modified_gmt":"2011-03-23T21:05:28","slug":"baykalin-yeri-garanti-degil","status":"publish","type":"post","link":"http:\/\/www.korhanyilmaz.com\/?p=29673","title":{"rendered":"&#8220;Baykal&#8217;\u0131n yeri garanti de\u011fil&#8221;"},"content":{"rendered":"<p style=\"text-align: center;\"><a href=\"http:\/\/www.korhanyilmaz.com\/wp-content\/uploads\/2011\/03\/3521.jpg\"  class=\"lightview\"><img loading=\"lazy\" decoding=\"async\" class=\"aligncenter size-full wp-image-29675\" src=\"http:\/\/www.korhanyilmaz.com\/wp-content\/uploads\/2011\/03\/3521.jpg\" alt=\"\" width=\"396\" height=\"207\" \/><\/a><\/p>\n<p style=\"text-align: justify;\">CHP Genel Ba\u015fkan Yard\u0131mc\u0131s\u0131 G\u00fcrsel Tekin, 12 Haziran se\u00e7imlerinde ba\u015f\u00f6rt\u00fcl\u00fc adaya ye\u015fil \u0131\u015f\u0131k yakt\u0131. CHP \u0130stanbul Milletvekili Esfender Korkmaz\u2019\u0131 istifaya \u00e7a\u011f\u0131ran Tekin, Deniz Baykal\u2019\u0131n milletvekili adayl\u0131\u011f\u0131 konusunda ise &#8220;garanti diye bir \u015fey yok&#8221; dedi.<!--more--><\/p>\n<p style=\"text-align: justify;\">ANKARA &#8211; Kanal A\u2019da bu ak\u015fam yay\u0131nlanan &#8220;G\u00f6r\u00fc\u015f Fark\u0131&#8221; program\u0131na kat\u0131lan CHP Genel Ba\u015fkan Yard\u0131mc\u0131s\u0131 G\u00fcrsel Tekin, 12 Haziran se\u00e7imlerinde ba\u015f\u00f6rt\u00fcl\u00fc adaya ye\u015fil \u0131\u015f\u0131k yakt\u0131.<\/p>\n<p style=\"text-align: justify;\">CHP olarak b\u00f6yle bir konunun g\u00fcndemlerinde olmad\u0131\u011f\u0131n\u0131 s\u00f6yleyen Tekin, \u201cAnayasal sorun var m\u0131 onu bilmiyorum. Ancak G\u00fcrsel Tekin olarak benim i\u00e7in hi\u00e7bir sak\u0131ncas\u0131 yok\u201d dedi.<\/p>\n<p style=\"text-align: justify;\">Tekin, Meclis\u2019e ba\u015f\u00f6rt\u00fcl\u00fc bir aday\u0131n girmesi durumunda Merve Kavak\u00e7\u0131\u2019ya yap\u0131lan muameleyi yapmayacaklar\u0131n\u0131 da s\u00f6yledi.<\/p>\n<p style=\"text-align: justify;\">Tekin, \u201cAKP bu \u015fans\u0131n\u0131 deneyebilir, biz de zorluk \u00e7\u0131karmay\u0131z\u201d ifadelerini kulland\u0131.<\/p>\n<p style=\"text-align: justify;\"><strong>ERGENEKON SANIKLARININ ADAYLI\u011eI<\/strong><\/p>\n<p style=\"text-align: justify;\">CHP\u2019den adayl\u0131k ba\u015fvurusu yapan Ergenekon san\u0131klar\u0131na liste garantisi verilmedi\u011fini de s\u00f6yleyen Tekin, \u201cBen ba\u015fta olmak \u00fczere hi\u00e7bir aday\u0131m\u0131z\u0131n adayl\u0131\u011f\u0131 netle\u015fmi\u015f de\u011fildir, garantisi yoktur. Yeni gelmi\u015f insanlara garanti vermek Say\u0131n K\u0131l\u0131\u00e7daro\u011flu\u2019nun d\u00fcnyas\u0131nda hi\u00e7 yoktur. \u00d6nemli olan 11 Nisan\u2019da \u00e7\u0131kacak listedir\u201d dedi.<\/p>\n<p style=\"text-align: justify;\">Ergenekon san\u0131klar\u0131n\u0131n CHP\u2019yi \u201cs\u0131\u011f\u0131n\u0131lacak liman\u201d gibi g\u00f6rmesinden ho\u015fnut olmad\u0131\u011f\u0131 izlenimini veren Tekin, \u201cKi\u015fisel karar\u0131m de\u011fil. Bu konuda fazla yorum yapmak istemiyorum. MYK ve PM\u2019de bu konu g\u00f6r\u00fc\u015f\u00fclecek. Benim farkl\u0131 bir bak\u0131\u015f\u0131m var\u201ddiye konu\u015ftu.<\/p>\n<p style=\"text-align: justify;\"><strong>KORKMAZ&#8217;A SERT \u00c7IKI\u015e<\/strong><\/p>\n<p style=\"text-align: justify;\">G\u00fcrsel Tekin, partisini \u201cmezhep ayr\u0131mc\u0131l\u0131\u011f\u0131\u201d ile su\u00e7layan \u0130stanbul milletvekili Esfender Korkmaz\u2019\u0131 da istifaya \u00e7a\u011f\u0131rd\u0131. Korkmaz i\u00e7in, \u201cTombaladan vekil\u201d diyen Tekin, mezhep ayr\u0131mc\u0131l\u0131\u011f\u0131 iddias\u0131na \u015fu kar\u015f\u0131l\u0131\u011f\u0131 verdi: \u201cHele Esfender bey gibi birilerinin bize \u015fovenizmi hat\u0131rlatmas\u0131 \u00e7ok ac\u0131 birsey. Biz \u00f6zg\u00fcrl\u00fck\u00e7\u00fcy\u00fcz demokrasiden yanay\u0131z. Bize b\u00f6yle yak\u0131\u015ft\u0131rma yapan adamlar\u0131n vekillikten de , partiden de derhal istifa etmesi gerekir. Rahats\u0131zsan niye partide duruyorsun karde\u015fim.\u201d<\/p>\n<p style=\"text-align: justify;\"><strong>BAYKAL&#8217;IN YER\u0130 GARANT\u0130 DE\u011e\u0130L<\/strong><\/p>\n<p style=\"text-align: justify;\">Tekin, Antalya\u2019dan 1\u2019nci s\u0131ra aday\u0131 olmas\u0131na kesin g\u00f6z\u00fcyle bak\u0131lan CHP\u2019nin eski lideri Deniz Baykal\u2019\u0131n milletvekili adayl\u0131\u011f\u0131 konusunda da ilgin\u00e7 a\u00e7\u0131klamalar yapt\u0131.<\/p>\n<p style=\"text-align: justify;\">G\u00fcrsel Tekin, \u201cVallahi garanti diye bir \u015fey yok. Garanti niye olsun? Belki ba\u015fka bir yer olabilir\u201d diyerek Baykal\u2019\u0131n Antalya d\u0131\u015f\u0131ndan ba\u015fka bir yere kayd\u0131r\u0131labilece\u011fini ima etti. CHP eski Genel Sekreteri \u00d6nder Sav\u2019\u0131n adayl\u0131\u011f\u0131 konusunda ise, \u201cBilemiyorum. Daha ba\u015fvurulara bakmad\u0131m. Milletvekili ba\u015fvurusu var m\u0131, yok mu bilemiyorum\u201d dedi.<\/p>\n<p style=\"text-align: justify;\"><strong>GAZETEC\u0130 BOZUNTULARI<\/strong><\/p>\n<p style=\"text-align: justify;\">Fikri Sa\u011flar\u2019\u0131n CHP\u2019ye \u00fcyelik ba\u015fvurusunun reddedilmesini \u201cyol kazas\u0131\u201d olarak niteleyen G\u00fcrsel Tekin, bu olay\u0131n arkas\u0131nda kendisinin oldu\u011funu iddia eden gazetecilere a\u011f\u0131r bir \u015fekilde y\u00fcklendi.<\/p>\n<p style=\"text-align: justify;\">Tekin, \u201cBa\u015fvuruyu MYK\u2019ya indiren benim. Bana silah m\u0131 dayam\u0131\u015flar da indirmi\u015fim. Bunu bilmeyen gazeteciler cahil-c\u00fchela. \u0130\u015f olsun diye yaz\u0131yorlar. Bunlar\u0131 ciddiye bile al\u0131p aram\u0131yorum. Birka\u00e7 gazeteci var ki bunlar gazeteci filan de\u011fil. Gazeteci bozuntular\u0131\u201d diye konu\u015ftu.<\/p>\n<p style=\"text-align: justify;\"><strong>FARA\u00c7 VE K\u00dcTAHYALI&#8217;YA&#8230;<\/strong><\/p>\n<p style=\"text-align: justify;\">CHP\u2019li G\u00fcrsel Tekin, bir s\u00fcre \u00f6ncesine kadar CHP Parti Meclisi&#8217;nde \u00fcye olan gazeteci Mehmet Fara\u00e7\u2019\u0131 \u00e7ok a\u011f\u0131r bir dille ele\u015ftirdi.<\/p>\n<p style=\"text-align: justify;\">Fara\u00e7\u2019\u0131n gazeteci Rasim Ozan K\u00fctahyal\u0131 ile birlikte \u00e7\u0131kt\u0131\u011f\u0131 TV program\u0131nda kendisinin \u201csahtecilikten\u201d yarg\u0131land\u0131\u011f\u0131n\u0131 iddia ettiklerini s\u00f6yleyen G\u00fcrsel Tekin, \u201cOnlarla hesapla\u015faca\u011f\u0131m, dava a\u00e7aca\u011f\u0131m. O laflar\u0131 onlara yedirtece\u011fim. Bu gazetecilik de\u011fil. Bu kadar y&#8230;. \u015fey olabilir mi? Bir de\u011fil, iki de\u011fil. Biz de insan\u0131z. Soka\u011fa \u00e7\u0131kamazlar\u201d dedi.<\/p>\n<p style=\"text-align: justify;\">Mehmet Fara\u00e7 i\u00e7in, \u201cBenim partilim filan da de\u011fil. Utan\u0131r\u0131m ben b\u00f6yle partililerden. Ben 27 y\u0131ll\u0131k CHP\u2019liyim. Daha d\u00fcn gelmi\u015f parti \u00fcyeli\u011fine utanmadan parti yetkilisi hakk\u0131nda bunlar\u0131 konu\u015fuyor. Y\u00fcre\u011fi yetiyorsa benimle konu\u015facak\u201d ifadelerini kulland\u0131.<\/p>\n<p style=\"text-align: justify;\"><strong>&#8220;BEN\u0130M ADIM G\u00dcRSEL TEK\u0130N&#8221;<\/strong><\/p>\n<p style=\"text-align: justify;\">Yarg\u0131daki davas\u0131n\u0131 g\u00fcndeme getirenlere meydan okuyan G\u00fcrsel Tekin, \u015f\u00f6yle devam etti: &#8220;Benim ad\u0131m G\u00fcrsel Tekin. Tek ba\u015f\u0131may\u0131m. Ard\u0131mda halk deste\u011fi var. Ne kadar y&#8230; ili\u015fki, i\u00e7erde d\u0131\u015far\u0131da ne kadar \u00e7ete varsa bunlarla m\u00fccadeleyi kendime namus borcu bilmi\u015fim. \u015eerefimle yemin ediyorum, benim dosyamla benim d\u0131\u015f\u0131mda herkes ilgileniyor. Dosyada eroin ticareti yok, h\u0131rs\u0131zl\u0131k yok. Hi\u00e7 \u00f6nemli de\u011fil. \u0130ki y\u0131l gider \u015ferefle de cezam\u0131 \u00e7eker, yatar\u0131m.<\/p>\n<p style=\"text-align: justify;\"><strong>&#8220;PLAZA \u0130L BA\u015eKANLI\u011eI D\u00d6NEM\u0130 B\u0130TT\u0130&#8221;<\/strong><\/p>\n<p style=\"text-align: justify;\">G\u00fcrsel Tekin, \u0130stanbul \u0130l Ba\u015fkanl\u0131\u011f\u0131\u2019ndan istifa eden Nebil \u0130lseven\u2019in \u201cKurt kuzuyu yedi\u201d s\u00f6zlerine de ilk kez cevap verdi.<\/p>\n<p style=\"text-align: justify;\">\u201cKurt tuzak kurar, puslu havay\u0131 sever, tilkiyle ortakla\u015fa bu i\u015fi yapar\u201d diyen Tekin, \u201cBen cam gibiyim. Niye tuzak kuray\u0131m, onu ben atam\u0131\u015f\u0131m oraya. Be\u011fenmedim karde\u015fim ald\u0131m seni ne olacak? Ne yapt\u0131 da engelledim. 53 g\u00fcn \u0130l ba\u015fkanl\u0131\u011f\u0131 yapt\u0131. Ben 53 g\u00fcnde \u0130stanbul\u2019u aya\u011fa kald\u0131rm\u0131\u015ft\u0131m. CHP\u2019de art\u0131k Plaza \u0130l Ba\u015fkanl\u0131\u011f\u0131 d\u00f6nemi bitmi\u015ftir. Sokak il ba\u015fkanl\u0131\u011f\u0131 d\u00f6nemi ba\u015flam\u0131\u015ft\u0131r. \u0130l ba\u015fkanlar\u0131 \u00f6l\u00fc evinin yas\u00e7\u0131s\u0131, d\u00fc\u011f\u00fcn evinin tef\u00e7isi olacak&#8221; \u015feklinde konu\u015ftu.<\/p>\n<p style=\"text-align: justify;\">CHP\u2019ye yo\u011fun ilgi oldu\u011funu s\u00f6yleyen G\u00fcrsel Tekin, 12 Haziran se\u00e7imlerinde muhafazakar, merkez sa\u011f aday g\u00f6sterebileceklerini de s\u00f6yledi.<\/p>\n<p style=\"text-align: justify;\">Tekin, \u201cAdayl\u0131k i\u00e7in sosyal demokrat olmak \u015fart de\u011fil. Birinci \u00f6nceli\u011fimiz zor zamanlarda gemisini terk etmemi\u015f olanlar olacak. CHP ilkelerine s\u0131cak bakan herkese kap\u0131m\u0131z a\u00e7\u0131k. Temel ilkelere kar\u015f\u0131 \u00e7\u0131kmayan, bizden farkl\u0131 aday da olabilir\u201d dedi.<\/p>\n<p style=\"text-align: justify;\">Merkez Bankas\u0131 Ba\u015fkan\u0131 Durmu\u015f Y\u0131lmaz ile Diyanet \u0130\u015fleri eski Ba\u015fkan\u0131 Prof.Dr. Ali Bardako\u011flu\u2019na CHP\u2019den milletvekilli\u011fi \u00e7a\u011fr\u0131s\u0131n\u0131 yineleyen Tekin, \u201cSaflar\u0131m\u0131zda olurlarsa mutlu oluruz\u201d ifadesinde bulundu.<\/p>\n<p style=\"text-align: justify;\"><a href=\"http:\/\/www.gazeteport.com.tr\/SIYASET\/NEWS\/GP_874746\">Kaynak : GAZETEPORT<\/a><\/p>\n","protected":false},"excerpt":{"rendered":"<p style=\"text-align: center;\">\n<p style=\"text-align: justify;\">CHP Genel Ba\u015fkan Yard\u0131mc\u0131s\u0131 G\u00fcrsel Tekin, 12 Haziran se\u00e7imlerinde ba\u015f\u00f6rt\u00fcl\u00fc adaya ye\u015fil \u0131\u015f\u0131k yakt\u0131. CHP \u0130stanbul Milletvekili Esfender Korkmaz\u2019\u0131 istifaya \u00e7a\u011f\u0131ran Tekin, Deniz Baykal\u2019\u0131n milletvekili adayl\u0131\u011f\u0131 konusunda ise &#8220;garanti diye bir \u015fey yok&#8221; dedi.<\/p>\n","protected":false},"author":1,"featured_media":0,"comment_status":"open","ping_status":"closed","sticky":false,"template":"","format":"standard","meta":{"footnotes":""},"categories":[105],"tags":[],"class_list":["post-29673","post","type-post","status-publish","format-standard","hentry","category-gundem","odd"],"_links":{"self":[{"href":"http:\/\/www.korhanyilmaz.com\/index.php?rest_route=\/wp\/v2\/posts\/29673","targetHints":{"allow":["GET"]}}],"collection":[{"href":"http:\/\/www.korhanyilmaz.com\/index.php?rest_route=\/wp\/v2\/posts"}],"about":[{"href":"http:\/\/www.korhanyilmaz.com\/index.php?rest_route=\/wp\/v2\/types\/post"}],"author":[{"embeddable":true,"href":"http:\/\/www.korhanyilmaz.com\/index.php?rest_route=\/wp\/v2\/users\/1"}],"replies":[{"embeddable":true,"href":"http:\/\/www.korhanyilmaz.com\/index.php?rest_route=%2Fwp%2Fv2%2Fcomments&post=29673"}],"version-history":[{"count":0,"href":"http:\/\/www.korhanyilmaz.com\/index.php?rest_route=\/wp\/v2\/posts\/29673\/revisions"}],"wp:attachment":[{"href":"http:\/\/www.korhanyilmaz.com\/index.php?rest_route=%2Fwp%2Fv2%2Fmedia&parent=29673"}],"wp:term":[{"taxonomy":"category","embeddable":true,"href":"http:\/\/www.korhanyilmaz.com\/index.php?rest_route=%2Fwp%2Fv2%2Fcategories&post=29673"},{"taxonomy":"post_tag","embeddable":true,"href":"http:\/\/www.korhanyilmaz.com\/index.php?rest_route=%2Fwp%2Fv2%2Ftags&post=29673"}],"curies":[{"name":"wp","href":"https:\/\/api.w.org\/{rel}","templated":true}]}}