{"id":29669,"date":"2011-03-24T11:03:30","date_gmt":"2011-03-24T09:03:30","guid":{"rendered":"http:\/\/www.korhanyilmaz.com\/?p=29669"},"modified":"2011-03-24T11:03:30","modified_gmt":"2011-03-24T09:03:30","slug":"chpden-turbanli-vekile-onay-haberi-yalandir","status":"publish","type":"post","link":"http:\/\/www.korhanyilmaz.com\/?p=29669","title":{"rendered":"&#8220;CHP&#8217;den t\u00fcrbanl\u0131 vekile onay&#8221; haberi yaland\u0131r!"},"content":{"rendered":"<p style=\"text-align: justify;\"><a href=\"http:\/\/www.korhanyilmaz.com\/wp-content\/uploads\/2011\/03\/364.jpg\"  class=\"lightview\"><img loading=\"lazy\" decoding=\"async\" class=\"aligncenter size-full wp-image-29670\" src=\"http:\/\/www.korhanyilmaz.com\/wp-content\/uploads\/2011\/03\/364.jpg\" alt=\"\" width=\"384\" height=\"198\" \/><\/a><\/p>\n<p style=\"text-align: justify;\">G\u00fcrsel Tekin, CHP&#8217;den t\u00fcrbanl\u0131 vekile onay haberiyle ilgili yapt\u0131\u011f\u0131 a\u00e7\u0131klamada, b\u00f6yle bir a\u00e7\u0131klamas\u0131 olmad\u0131\u011f\u0131n\u0131 s\u00f6yleyerek, haberi yalanlad\u0131.<\/p>\n<p style=\"text-align: justify;\">\u0130STANBUL- CHP Genel Ba\u015fkan Yard\u0131mc\u0131s\u0131 G\u00fcrsel Tekin, bug\u00fcn bas\u0131nda yer alan ba\u015f\u00f6rt\u00fcl\u00fc milletvekili adaylar\u0131na ili\u015fkin haberlerin ger\u00e7e\u011fi yans\u0131tmad\u0131\u011f\u0131n\u0131 belirterek, kendisine y\u00f6neltilen &#8221;CHP&#8217;nin t\u00fcrbanl\u0131 milletvekili aday\u0131 olacak m\u0131?&#8221; sorusuna &#8221;Kesinlikle hay\u0131r, t\u00fcrbanl\u0131 milletvekili aday\u0131 olmayacak ve g\u00fcndemde de b\u00f6yle bir \u015fey yok&#8221; diye kar\u015f\u0131l\u0131k verdi\u011fini s\u00f6yledi. <!--more--><\/p>\n<p style=\"text-align: justify;\">Tekin, g\u00fcndemdeki konulara ili\u015fkin partisinin \u0130stanbul \u0130l Ba\u015fkanl\u0131\u011f\u0131nda d\u00fczenledi\u011fi bas\u0131n toplant\u0131s\u0131nda, bir gazetecinin, &#8221;Bug\u00fcn man\u015fetlerde, &#8216;AK Parti aday g\u00f6sterirse ikinci bir Merve Kavak\u00e7\u0131 olay\u0131n\u0131n ya\u015fanmas\u0131na m\u00fcsaade etmeyiz&#8217; dedi\u011finiz belirtiliyor. Bunu sizin a\u011fz\u0131n\u0131zdan duymak isteriz. Neden &#8216;\u0130kinci bir Kavak\u00e7\u0131 olay\u0131 ya\u015fanmaz&#8217; diyorsunuz?&#8221; sorusuna \u015fu yan\u0131t\u0131 verdi:<\/p>\n<p style=\"text-align: justify;\">&#8221;Haberin do\u011frulu\u011fu yok. Biz, her s\u00f6yledi\u011fimiz s\u00f6z\u00fcn arkas\u0131nday\u0131z. Bana sorulan soru \u015fu; &#8216;CHP&#8217;nin t\u00fcrbanl\u0131 milletvekili aday\u0131 olacak m\u0131? Ben de &#8216;Kesinlikle hay\u0131r, t\u00fcrbanl\u0131 milletvekili aday\u0131 olmayacak ve g\u00fcndemde de b\u00f6yle bir \u015fey yok&#8217;, &#8216;AKP&#8217;de olabilir mi?&#8217;, &#8216;vallahi AKP&#8217;nin kendi i\u015fidir, AKP&#8217;ye hay\u0131rl\u0131 olsun. Biz, ba\u015fka siyasi partide kimin milletvekili olaca\u011f\u0131n\u0131 tespit edecek de\u011filiz. O da onlar\u0131n sorunudur&#8217; dedim. Haberin tamam\u0131 bu kadard\u0131r.&#8221;<\/p>\n<p style=\"text-align: justify;\">Bir bas\u0131n mensubunun, &#8221;\u0130stanbul \u0130l Ba\u015fkanl\u0131\u011f\u0131 d\u00f6neminizde muhafazakar kesimle b\u00fcy\u00fck bir yak\u0131nl\u0131k kurdu parti. \u00c7ar\u015fafl\u0131 \u00fcyeler partiye kat\u0131ld\u0131. CHP&#8217;nin bu sorunu \u00e7\u00f6zebilece\u011fine y\u00f6nelik kamuoyunda bir yarg\u0131 var. Ba\u015f\u00f6rt\u00fcl\u00fc aday g\u00f6sterilse \u00e7\u00f6z\u00fcm noktas\u0131nda \u00f6nemli bir ad\u0131m at\u0131lm\u0131\u015f olabilir mi?&#8221; sorusunu y\u00f6neltti\u011fi Tekin, CHP&#8217;yi belli kesimlere uzak, belli kesimlere yak\u0131n g\u00f6stermenin \u00e7ok do\u011fru olmad\u0131\u011f\u0131n\u0131 ifade etti. Tekin, CHP&#8217;nin Cumhuriyeti kurmu\u015f ve T\u00fcrkiye co\u011frafyas\u0131nda herkese yak\u0131n olan bir parti oldu\u011funa dikkati \u00e7ekti.<\/p>\n<p style=\"text-align: justify;\">G\u00fcrsel Tekin, &#8221;Burada zikredilen sorun sanki T\u00fcrkiye&#8217;nin temel sorunuymu\u015f gibi&#8230; E\u011fer bug\u00fcn T\u00fcrkiye&#8217;de \u00fcniversitede ba\u015f\u00f6rt\u00fcs\u00fc sorunu tart\u0131\u015f\u0131lmaz bir sorun haline gelmi\u015fse, bunun tek mimar\u0131 da Say\u0131n K\u0131l\u0131\u00e7daro\u011flu&#8217;dur ve CHP&#8217;dir. CHP, sorunlar\u0131 \u00e7\u00f6zmek i\u00e7in yola \u00e7\u0131km\u0131\u015ft\u0131r&#8221; dedi.<\/p>\n<p style=\"text-align: justify;\">CHP&#8217;nin T\u00fcrkiye&#8217;de hangi sorunlar varsa bunlar\u0131 \u00e7\u00f6zmek i\u00e7in u\u011fra\u015f verece\u011fini s\u00f6yleyen Tekin, &#8221;Ama T\u00fcrkiye&#8217;nin bu kadar sorunlar\u0131 varken ba\u015fka siyasi partiler kendi adaylar\u0131n\u0131 nas\u0131l g\u00f6sterip g\u00f6stermeyece\u011finin karar\u0131n\u0131 bizler verecek de\u011filiz. CHP olarak bizim karar\u0131m\u0131z a\u00e7\u0131k ve nettir, &#8216;g\u00fcndemimizde yok&#8217; diyoruz, sadece bu kadar&#8221; diye konu\u015ftu.<\/p>\n<p style=\"text-align: justify;\"><strong>&#8221;M\u0130LLET, KEND\u0130 VEK\u0130L\u0130N\u0130 KEND\u0130 SE\u00c7S\u0130N&#8221;<\/strong><\/p>\n<p style=\"text-align: justify;\">&#8221;Milletvekili adaylar\u0131 merkezden atanacak. Peki bu halk, &#8216;ben bunu istiyorum&#8217; diyemeyecek mi?&#8221; sorusuna da Tekin, AK Parti&#8217;ye Siyasi Partiler Yasas\u0131&#8217;n\u0131n bu maddesinin de\u011fi\u015ftirilmesi i\u00e7in bir s\u00fcre \u00f6nce \u00e7a\u011fr\u0131da bulunduklar\u0131n\u0131, ancak yan\u0131t alamad\u0131klar\u0131n\u0131 ileri s\u00fcrerek, &#8221;D\u00fcnyada uygulanan model, son derece sa\u011fl\u0131kl\u0131, millet kendi vekilini kendisi se\u00e7sin. Bu vesileyle milletin iradesi parlamentoya tecelli etsin. Ne yaz\u0131k ki en \u00e7ok millet iradesini kullanan Ba\u015fbakan&#8217;d\u0131r ama bu noktada da ka\u00e7\u0131yorlar. E\u011fer buna varlarsa halen biz haz\u0131r\u0131z, gelsin yapal\u0131m&#8221; dedi.<\/p>\n<p style=\"text-align: justify;\">&#8221;Merve Kavak\u00e7\u0131 olay\u0131 \u00e7ok eski de\u011fil. Mecliste tekrar bir t\u00fcrbanl\u0131 milletvekili g\u00f6rmek, CHP&#8217;nin daha \u00f6nceki politikalar\u0131yla \u00e7eli\u015fmeyecek mi? Az \u00f6nce Cemil \u00c7i\u00e7ek&#8217;ten bir a\u00e7\u0131klama gelmi\u015f, &#8216;Kimi aday g\u00f6nderece\u011fimize G\u00fcrsel Tekin kar\u0131\u015fmas\u0131n, herkes kendi i\u015fine baks\u0131n&#8217; \u015feklinde&#8221; sorusu \u00fczerine de Tekin, &#8221;Efendim, kar\u0131\u015fm\u0131yorum, zaten haddimiz de de\u011fildir bir ba\u015fka siyasi partinin kimleri aday g\u00f6sterece\u011fi. Siz bir soru soruyorsunuz, &#8216;Ba\u015fka partiler g\u00f6sterebilir mi?&#8217; diye, &#8216;Hay\u0131rl\u0131 olsun, onlar\u0131n kendi sorunlar\u0131&#8217; diyorum. Ne haddime, AKP ya da bir ba\u015fka siyasi partinin kimleri aday g\u00f6sterece\u011fi&#8230; Say\u0131n Cemil \u00c7i\u00e7ek de anla\u015f\u0131lan yanl\u0131\u015f okumu\u015ftur ya da yanl\u0131\u015f alg\u0131lam\u0131\u015ft\u0131r&#8221; diye konu\u015ftu.<\/p>\n<p style=\"text-align: justify;\">Se\u00e7im arifesinde T\u00fcrkiye&#8217;nin g\u00fcndemini de\u011fi\u015ftirmek i\u00e7in temel g\u00fcndem maddeleri yerine ba\u015fka sorunlar\u0131n tart\u0131\u015f\u0131lmaya ba\u015fland\u0131\u011f\u0131n\u0131 s\u00f6yleyen G\u00fcrsel Tekin, T\u00fcrkiye&#8217;de ciddi bir yoksulluk, yolsuzluk, sefalet oldu\u011funu, bunun d\u0131\u015f\u0131ndaki konu\u015fmalar\u0131n tamam\u0131n\u0131n &#8216;magazinsel haberler&#8217; oldu\u011funu ifade etti.<\/p>\n<p style=\"text-align: justify;\">Atamas\u0131 yap\u0131lmayan \u00f6\u011fretmen adaylar\u0131na ili\u015fkin soru \u00fczerine de Tekin, bu konuda da \u00e7al\u0131\u015fmalar\u0131 bulundu\u011funu belirterek, &#8221;CHP iktidar\u0131nda, hi\u00e7bir \u00f6\u011fretmen atanmam\u0131\u015f olmayacak. T\u00fcrkiye&#8217;de ya\u015fanan bir ba\u015fka manzara var, ayn\u0131 devlet kurumunda \u00e7al\u0131\u015f\u0131yorsunuz, ayn\u0131 masada oturuyorsunuz, ayn\u0131 g\u00f6revi yap\u0131yorsunuz ama farkl\u0131 \u00fccretler al\u0131yorsunuz. Biri 2 milyar al\u0131rken biri 800 al\u0131yor. B\u00f6yle devlet anlay\u0131\u015f\u0131 olabilir mi? B\u00fct\u00fcn bunlar\u0131 ortadan kald\u0131rabilecek \u00e7ok ciddi projelerle CHP iktidar\u0131m\u0131zda bunlar son bulacakt\u0131r&#8221; dedi.<\/p>\n<p style=\"text-align: justify;\"><strong>&#8221;T\u00dcRK ASKERLER\u0130N\u0130N KALKAN OLMASINI ARZU ETMEM&#8221;<\/strong><\/p>\n<p style=\"text-align: justify;\">G\u00fcrsel Tekin, &#8221;Tezkere Meclise gelmeden gemilerimiz Libya a\u00e7\u0131klar\u0131na gittiler, CHP ne yapacak?&#8221; sorusunu da \u015fu \u015fekilde yan\u0131tlad\u0131:<\/p>\n<p style=\"text-align: justify;\">&#8221;D\u00fcn D\u0131\u015fi\u015fleri Bakan\u0131, Say\u0131n Genel Ba\u015fkan\u0131m\u0131z\u0131 ziyaret etti, bilgi verdiler. Ne yaz\u0131k ki burada \u00e7ok ciddi \u00e7eli\u015fkiler var, Say\u0131n Ba\u015fbakan\u0131n, Bakan\u0131n&#8230; T\u00fcrkiye kamuoyu bu konuda ayd\u0131nlat\u0131lmal\u0131. Bizim CHP olarak teredd\u00fctlerimiz ve kayg\u0131lar\u0131m\u0131z var; ikinci bir Irak manzaras\u0131n\u0131 ya\u015famak istemiyoruz, T\u00fcrk askerinin orada kalkan olmas\u0131n\u0131 hi\u00e7 istemiyoruz. Tezkere gelecek mi gelmeyecek mi do\u011frusu bilmiyorum, tezkerenin i\u00e7eri\u011finde ne olup olmayaca\u011f\u0131n\u0131 da bilmiyoruz ama ki\u015fisel olarak, bu bir parti karar\u0131 de\u011fildir, ben M\u00fcsl\u00fcman co\u011frafyas\u0131nda T\u00fcrk askerinin kalkan olmas\u0131n\u0131 hi\u00e7 arzu etmem. Ben G\u00fcrsel Tekin olarak da kar\u015f\u0131 dururum.&#8221;<\/p>\n<p style=\"text-align: justify;\">Tekin, T\u00dcS\u0130AD&#8217;\u0131n anayasa de\u011fi\u015fikli\u011fi \u00f6nerisine ili\u015fkin soruya &#8221;T\u00dcS\u0130AD&#8217;la ilgili de bizim g\u00f6r\u00fc\u015flerimiz a\u00e7\u0131k, net; de\u011fi\u015filmez 4 tane maddenin d\u0131\u015f\u0131nda her \u015fey tart\u0131\u015f\u0131labilir, bunlar elbette tart\u0131\u015f\u0131l\u0131r. O, T\u00dcS\u0130AD&#8217;\u0131n g\u00f6r\u00fc\u015f\u00fcd\u00fcr. \u00c7ok farkl\u0131 kurumlar da bu d\u00fc\u015f\u00fcncelerini, g\u00f6r\u00fc\u015flerini s\u00f6yleyebilir. T\u00fcrkiye&#8217;de hi\u00e7bir \u015feyin tart\u0131\u015f\u0131lmas\u0131ndan korkmayaca\u011f\u0131z&#8221; kar\u015f\u0131l\u0131\u011f\u0131n\u0131 verdi.<\/p>\n<p style=\"text-align: justify;\"><strong>&#8221;T\u00dcRK YARGISINA G\u00dcVEN\u0130YORUM&#8221;<\/strong><\/p>\n<p style=\"text-align: justify;\">Tekin, Kad\u0131k\u00f6y 3. A\u011f\u0131r Ceza Mahkemesinin kendisiyle ilgili 2 y\u0131l 6 ay  hapis cezas\u0131 verdi\u011fi dosyan\u0131n, Yarg\u0131tayda 455 g\u00fcnd\u00fcr bekledi\u011fi y\u00f6n\u00fcnde iddialar oldu\u011funu belirten ve &#8221;Bu dosyan\u0131n ak\u0131beti nedir? 12 Haziran&#8217;dan \u00f6nce onan\u0131rsa cezaevi boyutu var, sonra olursa dokunulmazl\u0131k z\u0131rh\u0131 gelece\u011fi iddia ediliyor&#8221; diye soran bir bas\u0131n mensubuna da \u015fu cevab\u0131 verdi:<\/p>\n<p style=\"text-align: justify;\">&#8221;Sizler de \u00e7ok iyi biliyorsunuz, bu masada bu karar\u0131n \u00e7\u0131kt\u0131\u011f\u0131 g\u00fcn sizlerle payla\u015ft\u0131m ve b\u00fct\u00fcn bas\u0131n mensuplar\u0131na kendi dosyam\u0131 da\u011f\u0131tt\u0131m. B\u00fct\u00fcn i\u00e7eri\u011fini b\u00fct\u00fcn T\u00fcrk medyas\u0131 biliyor. \u0130lk kez bir siyaset\u00e7i bunu yap\u0131yor. Bug\u00fcne kadar herhangi bir siyaset\u00e7inin, binlerce dosya var. Yarg\u0131taya gitti\u011finizde sizin, &#8216;\u015fu siyaset\u00e7i de kendi dosyas\u0131n\u0131 bizlerle payla\u015ft\u0131&#8217; diyebilece\u011finiz bir tane siyaset\u00e7i var m\u0131 merak ediyorum.<\/p>\n<p style=\"text-align: justify;\">Dosyam orada, gidersiniz, \u00e7ok merak edenler var, Yarg\u0131tayda, Dan\u0131\u015ftayda ya da nerede, hi\u00e7 de merak etmiyorum. Bir tek \u015feyim var, ben T\u00fcrk yarg\u0131s\u0131na g\u00fcveniyorum. \u0130nan\u0131yorum ki namuslu, haysiyeti, \u015ferefi, vicdan\u0131 olan o yarg\u0131\u00e7lar, o dosyan\u0131n i\u00e7eri\u011fini okudu\u011funda, avukat ve hukuk\u00e7u olmas\u0131na gerek yok, birazc\u0131k okur yazar ve vicdan\u0131 olan herkese g\u00fcveniyorum, o a\u00e7\u0131dan benim hi\u00e7bir s\u0131k\u0131nt\u0131m yok. Dosyan\u0131n hangi a\u015famada oldu\u011funu bile takip eden bir insan de\u011filim. Ama benim d\u0131\u015f\u0131mda herkes me\u015fguld\u00fcr, me\u015fgul olsunlar, hi\u00e7 sorun de\u011fil.&#8221;<\/p>\n<p style=\"text-align: justify;\"><a href=\"http:\/\/www.gazeteport.com.tr\/SIYASET\/NEWS\/GP_874937\" target=\"_blank\">Kaynak : GAZETEPORT<\/a><\/p>\n","protected":false},"excerpt":{"rendered":"<p style=\"text-align: justify;\">\n<p style=\"text-align: justify;\">G\u00fcrsel Tekin, CHP&#8217;den t\u00fcrbanl\u0131 vekile onay haberiyle ilgili yapt\u0131\u011f\u0131 a\u00e7\u0131klamada, b\u00f6yle bir a\u00e7\u0131klamas\u0131 olmad\u0131\u011f\u0131n\u0131 s\u00f6yleyerek, haberi yalanlad\u0131.<\/p>\n<p style=\"text-align: justify;\">\u0130STANBUL- CHP Genel Ba\u015fkan Yard\u0131mc\u0131s\u0131 G\u00fcrsel Tekin, bug\u00fcn bas\u0131nda yer alan ba\u015f\u00f6rt\u00fcl\u00fc milletvekili adaylar\u0131na ili\u015fkin haberlerin ger\u00e7e\u011fi yans\u0131tmad\u0131\u011f\u0131n\u0131 belirterek, kendisine y\u00f6neltilen &#8221;CHP&#8217;nin t\u00fcrbanl\u0131 milletvekili aday\u0131 olacak m\u0131?&#8221; sorusuna &#8221;Kesinlikle hay\u0131r, t\u00fcrbanl\u0131 <\/p>\n","protected":false},"author":1,"featured_media":0,"comment_status":"open","ping_status":"closed","sticky":false,"template":"","format":"standard","meta":{"footnotes":""},"categories":[105],"tags":[],"class_list":["post-29669","post","type-post","status-publish","format-standard","hentry","category-gundem","odd"],"_links":{"self":[{"href":"http:\/\/www.korhanyilmaz.com\/index.php?rest_route=\/wp\/v2\/posts\/29669","targetHints":{"allow":["GET"]}}],"collection":[{"href":"http:\/\/www.korhanyilmaz.com\/index.php?rest_route=\/wp\/v2\/posts"}],"about":[{"href":"http:\/\/www.korhanyilmaz.com\/index.php?rest_route=\/wp\/v2\/types\/post"}],"author":[{"embeddable":true,"href":"http:\/\/www.korhanyilmaz.com\/index.php?rest_route=\/wp\/v2\/users\/1"}],"replies":[{"embeddable":true,"href":"http:\/\/www.korhanyilmaz.com\/index.php?rest_route=%2Fwp%2Fv2%2Fcomments&post=29669"}],"version-history":[{"count":0,"href":"http:\/\/www.korhanyilmaz.com\/index.php?rest_route=\/wp\/v2\/posts\/29669\/revisions"}],"wp:attachment":[{"href":"http:\/\/www.korhanyilmaz.com\/index.php?rest_route=%2Fwp%2Fv2%2Fmedia&parent=29669"}],"wp:term":[{"taxonomy":"category","embeddable":true,"href":"http:\/\/www.korhanyilmaz.com\/index.php?rest_route=%2Fwp%2Fv2%2Fcategories&post=29669"},{"taxonomy":"post_tag","embeddable":true,"href":"http:\/\/www.korhanyilmaz.com\/index.php?rest_route=%2Fwp%2Fv2%2Ftags&post=29669"}],"curies":[{"name":"wp","href":"https:\/\/api.w.org\/{rel}","templated":true}]}}