{"id":29664,"date":"2011-03-24T09:58:19","date_gmt":"2011-03-24T07:58:19","guid":{"rendered":"http:\/\/www.korhanyilmaz.com\/?p=29664"},"modified":"2011-03-24T09:58:19","modified_gmt":"2011-03-24T07:58:19","slug":"bilirkisi-de-vurgun-dedi","status":"publish","type":"post","link":"http:\/\/www.korhanyilmaz.com\/?p=29664","title":{"rendered":"Bilirki\u015fi de &#8216;vurgun&#8217; dedi"},"content":{"rendered":"<p style=\"text-align: justify;\"><a href=\"http:\/\/www.korhanyilmaz.com\/wp-content\/uploads\/2011\/03\/363.jpg\"  class=\"lightview\"><img loading=\"lazy\" decoding=\"async\" class=\"aligncenter size-full wp-image-29665\" src=\"http:\/\/www.korhanyilmaz.com\/wp-content\/uploads\/2011\/03\/363.jpg\" alt=\"\" width=\"414\" height=\"220\" \/><\/a><\/p>\n<p style=\"text-align: justify;\">AKP\u2019li Elaz\u0131\u011f Belediyesi\u2019ndeki yolsuzluk soru\u015fturmas\u0131nda bilirki\u015fi heyeti ihaleleri \u015f\u00fcpheli buldu.<\/p>\n<p style=\"text-align: justify;\">ELAZI\u011e- AKP\u2019li Elaz\u0131\u011f Belediye Ba\u015fkan\u0131 M. S\u00fcleyman Selmano\u011flu ile \u00fcst d\u00fczey belediye y\u00f6neticileri hakk\u0131nda \u201cihale yolsuzlu\u011fu\u201d iddias\u0131yla y\u00fcr\u00fct\u00fclen soru\u015fturma kapsam\u0131nda bilirki\u015fi de \u201c2006-2009 y\u0131l\u0131ndaki ihaleleri \u015f\u00fcpheli\u201d buldu. \u0130\u00e7i\u015fleri Bakanl\u0131\u011f\u0131 M\u00fclkiye m\u00fcfetti\u015flerinin yolsuzluk raporlar\u0131nda inceledi\u011fi ihaleler \u00fczerinde \u201chesaplama ve k\u0131yaslama\u201d yapan bilirki\u015fi heyeti m\u00fcfetti\u015flerin raporunu do\u011frulad\u0131. <!--more--><\/p>\n<p style=\"text-align: justify;\">Bilirki\u015finin de Bakanl\u0131k m\u00fcfetti\u015flerinin tespitleri do\u011frultusunda rapor vermesi \u00fczerine \u0130\u00e7i\u015fleri Bakan\u0131 Be\u015fir Atalay\u2019\u0131n imzas\u0131yla Selmano\u011flu ve \u00fcst d\u00fczey belediye y\u00f6neticileri hakk\u0131nda soru\u015fturma izni verildi. Elaz\u0131\u011f Cumhuriyet Ba\u015fsavc\u0131l\u0131\u011f\u0131\u2019nca y\u00fcr\u00fct\u00fclen soru\u015fturma kapsam\u0131na g\u00f6re belediyenin ihaleler sonucu \u201c19 milyon TL\u201d zarara u\u011frat\u0131ld\u0131\u011f\u0131 iddia ediliyor.<\/p>\n<p style=\"text-align: justify;\">AKP\u2019li Elaz\u0131\u011f Belediyesi\u2019ndeki yolsuzluk iddialar\u0131yla ilgili \u0130\u00e7i\u015fleri Bakanl\u0131\u011f\u0131 M\u00fclkiye M\u00fcfetti\u015fleri\u2019nin haz\u0131rlad\u0131\u011f\u0131 raporlara ek olarak \u0130\u00e7i\u015fleri Bakanl\u0131\u011f\u0131\u2019n\u0131n \u201cbilirki\u015fi incelemesi\u201d de yapt\u0131rd\u0131\u011f\u0131 ortaya \u00e7\u0131kt\u0131. Bakanl\u0131k m\u00fcfetti\u015fleri Elaz\u0131\u011f Cumhuriyet Ba\u015fsavc\u0131l\u0131\u011f\u0131\u2019na sunduklar\u0131 raporlar\u0131nda; Elaz\u0131\u011f Belediyesi\u2019ndeki 2006-2009 y\u0131llar\u0131n\u0131 kapsayan ihalelerle ilgili hesaplama ve k\u0131yaslama \u00e7al\u0131\u015fmas\u0131 yapm\u0131\u015ft\u0131. Ayn\u0131 \u00e7al\u0131\u015fma bilirki\u015fi heyetince de yap\u0131ld\u0131. Bilirki\u015finin haz\u0131rlad\u0131\u011f\u0131 ve \u0130\u00e7i\u015fleri Bakanl\u0131\u011f\u0131 M\u00fclkiye Tefti\u015f Kurulu\u2019na sunulan rapor; bakanl\u0131k m\u00fclkiye m\u00fcfetti\u015flerinin haz\u0131rlad\u0131\u011f\u0131 raporlar\u0131 do\u011frular nitelikte \u00e7\u0131kt\u0131.<\/p>\n<p style=\"text-align: justify;\">Bu geli\u015fme \u00fczerine AKP\u2019li Belediye Ba\u015fkan\u0131 Selmano\u011flu hakk\u0131nda \u00e7ok say\u0131da yolsuzluk iddias\u0131yla ilgili \u201ci\u015fleme konulmama karar\u0131\u201d veren \u0130\u00e7i\u015fleri Bakan\u0131 Atalay, Selmano\u011flu ve Elaz\u0131\u011f Belediyesi\u2019ndeki \u00fcst d\u00fczey y\u00f6neticiler hakk\u0131nda soru\u015fturma izni verdi.<\/p>\n<p style=\"text-align: justify;\"><strong>4 y\u0131lda anormal art\u0131\u015f<\/strong><\/p>\n<p style=\"text-align: justify;\">M\u00fclkiye m\u00fcfetti\u015flerince yap\u0131lan hesaplama ve k\u0131yaslama \u00e7al\u0131\u015fmalar\u0131, Bakanl\u0131k\u00e7a g\u00f6revlendirilen bilirki\u015finin haz\u0131rlad\u0131\u011f\u0131 rapora da yans\u0131d\u0131. Her iki incelemede de 2006-2009 y\u0131llar\u0131n\u0131 kapsayan temizlik ve \u00e7\u00f6p toplama ihaleleri mercek alt\u0131na al\u0131nd\u0131. \u00c7arp\u0131c\u0131 tespitlerden baz\u0131lar\u0131 \u00f6zetle \u015f\u00f6yle:<\/p>\n<p style=\"text-align: justify;\">\u2022 Bir pikab\u0131n belediyeye 2007-2008 y\u0131llar\u0131nda bir ayl\u0131k maliyetinin 13 bin 500 TL olmas\u0131na kar\u015f\u0131l\u0131k, 2009 y\u0131l\u0131nda Bay\u0131nd\u0131rl\u0131k ve \u0130sk\u00e2n M\u00fcd\u00fcrl\u00fc\u011f\u00fc\u2019n\u00fcn yakla\u015f\u0131k maliyet analizlerinde bir d\u00fc\u015f\u00fc\u015f olmamas\u0131na ra\u011fmen ilgili firma taraf\u0131ndan ayn\u0131 tip araca ayl\u0131k 6 bin 387 TL teklif verildi\u011fi ve bu ihalenin bu rakam \u00fczerinden ger\u00e7ekle\u015ftirildi\u011fi dikkate al\u0131nd\u0131\u011f\u0131nda, ayn\u0131 ara\u00e7 2009 y\u0131l\u0131nda, \u00f6nceki iki y\u0131ldaki kiralama bedelinin yar\u0131s\u0131n\u0131n alt\u0131nda bir rakamla \u00e7al\u0131\u015ft\u0131r\u0131ld\u0131.<\/p>\n<p style=\"text-align: justify;\">\u2022 Yap\u0131lan temizlik ihalelerinde 2005 y\u0131l\u0131 ihale bedeli 6 milyon 326 bin 314 TL oldu\u011fu halde, ilin n\u00fcfus art\u0131\u015f h\u0131z\u0131n\u0131n d\u00fc\u015f\u00fck olmas\u0131na ve enflasyon oran\u0131 her d\u00f6nem i\u00e7in y\u00fczde 10\u2019un alt\u0131nda olmas\u0131na ra\u011fmen, bu bedelin her y\u0131l yakla\u015f\u0131k olarak y\u00fczde 50 artt\u0131r\u0131larak ayn\u0131 firmaya verildi\u011fi, sadece 2008 ile 2009 y\u0131llar\u0131 aras\u0131nda belediyenin ayn\u0131 i\u015fi yakla\u015f\u0131k 6 milyon TL fazla bir bedelle verdi\u011fi&#8230;<\/p>\n<p style=\"text-align: justify;\"><strong>2005\u2019teki normal&#8230;<\/strong><\/p>\n<p style=\"text-align: justify;\">\u2022 2006 y\u0131l\u0131 temizlik ve \u00e7\u00f6p toplama i\u015fi i\u00e7in belediye taraf\u0131ndan 2005 y\u0131l\u0131 sonunda yap\u0131lan ihalede, kamu zarar\u0131n\u0131n olu\u015ftu\u011funu do\u011frulayacak bir emareye rastlan\u0131lmad\u0131.<\/p>\n<p style=\"text-align: justify;\"><a href=\"http:\/\/www.gazeteport.com.tr\/GUNCEL\/NEWS\/GP_874880\" target=\"_blank\">Kaynak : GAZETEPORT<\/a><\/p>\n","protected":false},"excerpt":{"rendered":"<p style=\"text-align: justify;\">\n<p style=\"text-align: justify;\">AKP\u2019li Elaz\u0131\u011f Belediyesi\u2019ndeki yolsuzluk soru\u015fturmas\u0131nda bilirki\u015fi heyeti ihaleleri \u015f\u00fcpheli buldu.<\/p>\n<p style=\"text-align: justify;\">ELAZI\u011e- AKP\u2019li Elaz\u0131\u011f Belediye Ba\u015fkan\u0131 M. S\u00fcleyman Selmano\u011flu ile \u00fcst d\u00fczey belediye y\u00f6neticileri hakk\u0131nda \u201cihale yolsuzlu\u011fu\u201d iddias\u0131yla y\u00fcr\u00fct\u00fclen soru\u015fturma kapsam\u0131nda bilirki\u015fi de \u201c2006-2009 y\u0131l\u0131ndaki ihaleleri \u015f\u00fcpheli\u201d buldu. \u0130\u00e7i\u015fleri Bakanl\u0131\u011f\u0131 M\u00fclkiye m\u00fcfetti\u015flerinin yolsuzluk raporlar\u0131nda inceledi\u011fi ihaleler \u00fczerinde \u201chesaplama ve <\/p>\n","protected":false},"author":1,"featured_media":0,"comment_status":"open","ping_status":"closed","sticky":false,"template":"","format":"standard","meta":{"footnotes":""},"categories":[105],"tags":[],"class_list":["post-29664","post","type-post","status-publish","format-standard","hentry","category-gundem","odd"],"_links":{"self":[{"href":"http:\/\/www.korhanyilmaz.com\/index.php?rest_route=\/wp\/v2\/posts\/29664","targetHints":{"allow":["GET"]}}],"collection":[{"href":"http:\/\/www.korhanyilmaz.com\/index.php?rest_route=\/wp\/v2\/posts"}],"about":[{"href":"http:\/\/www.korhanyilmaz.com\/index.php?rest_route=\/wp\/v2\/types\/post"}],"author":[{"embeddable":true,"href":"http:\/\/www.korhanyilmaz.com\/index.php?rest_route=\/wp\/v2\/users\/1"}],"replies":[{"embeddable":true,"href":"http:\/\/www.korhanyilmaz.com\/index.php?rest_route=%2Fwp%2Fv2%2Fcomments&post=29664"}],"version-history":[{"count":0,"href":"http:\/\/www.korhanyilmaz.com\/index.php?rest_route=\/wp\/v2\/posts\/29664\/revisions"}],"wp:attachment":[{"href":"http:\/\/www.korhanyilmaz.com\/index.php?rest_route=%2Fwp%2Fv2%2Fmedia&parent=29664"}],"wp:term":[{"taxonomy":"category","embeddable":true,"href":"http:\/\/www.korhanyilmaz.com\/index.php?rest_route=%2Fwp%2Fv2%2Fcategories&post=29664"},{"taxonomy":"post_tag","embeddable":true,"href":"http:\/\/www.korhanyilmaz.com\/index.php?rest_route=%2Fwp%2Fv2%2Ftags&post=29664"}],"curies":[{"name":"wp","href":"https:\/\/api.w.org\/{rel}","templated":true}]}}