{"id":29653,"date":"2011-03-24T14:55:42","date_gmt":"2011-03-24T12:55:42","guid":{"rendered":"http:\/\/www.korhanyilmaz.com\/?p=29653"},"modified":"2011-03-24T14:55:42","modified_gmt":"2011-03-24T12:55:42","slug":"imamin-ordusu-baskinina-anayasali-tepki","status":"publish","type":"post","link":"http:\/\/www.korhanyilmaz.com\/?p=29653","title":{"rendered":"&#8216;\u0130mam\u0131n Ordusu&#8217; bask\u0131n\u0131na Anayasal\u0131 tepki"},"content":{"rendered":"<p style=\"text-align: center;\"><a href=\"http:\/\/www.korhanyilmaz.com\/wp-content\/uploads\/2011\/03\/361.jpg\"  class=\"lightview\"><img loading=\"lazy\" decoding=\"async\" class=\"aligncenter size-full wp-image-29654\" src=\"http:\/\/www.korhanyilmaz.com\/wp-content\/uploads\/2011\/03\/361.jpg\" alt=\"\" width=\"322\" height=\"214\" \/><\/a><\/p>\n<p style=\"text-align: justify;\">T\u00fcrkiye Yazarlar Sendikas\u0131 Ba\u015fkan\u0131 Enver Ercan, Pen T\u00fcrkiye Merkezi 2. Ba\u015fkan\u0131 Halil \u0130brahim \u00d6zcan ve T\u00fcrkiye Yay\u0131nc\u0131lar Birli\u011fi Ba\u015fkan\u0131 Metin Celal imzas\u0131yla yay\u0131mlanan a\u00e7\u0131klamada gazeteci Ahmet \u015e\u0131k&#8217;\u0131n yay\u0131nlanmam\u0131\u015f &#8216;\u0130mam\u0131n Ordusu&#8217; adl\u0131 kitab\u0131 i\u00e7in polisin yapt\u0131\u011f\u0131 bask\u0131na sert tepki g\u00f6sterildi.<!--more--><\/p>\n<p style=\"text-align: justify;\">\u0130STANBUL &#8211; A\u00e7\u0131klama \u015f\u00f6yle:  &#8220;\u00dclkemizde son y\u0131llarda yazd\u0131klar\u0131 kitaplar, yapt\u0131klar\u0131 haberler nedeniyle yazarlar\u0131n ve gazetecilerin yarg\u0131lanmas\u0131, tutuklanarak cezaevlerine konulmas\u0131 uygulamas\u0131n\u0131n yayg\u0131nla\u015fmas\u0131n\u0131 kayg\u0131yla izlemekteyiz.<\/p>\n<p style=\"text-align: justify;\">Bas\u0131nda yer alan haberlere g\u00f6re \u201cD\u00fcn ak\u015fam saatlerinde \u0130thaki Yay\u0131nevi&#8217;nde arama yapan polisler, Ahmet \u015e\u0131k&#8217;\u0131n yay\u0131nevine g\u00f6nderdi\u011fi &#8220;\u0130mam\u0131n Ordusu&#8221; kitab\u0131n\u0131n kopyas\u0131n\u0131 alarak bilgisayardaki elektronik dok\u00fcman\u0131 imha ettiler.\u201d<\/p>\n<p style=\"text-align: justify;\">Ahmet \u015e\u0131k\u2019\u0131n hen\u00fcz yay\u0131nlanmam\u0131\u015f kitab\u0131n\u0131n yay\u0131nevindeki kopyas\u0131na el konulmas\u0131 yay\u0131nlama \u00f6zg\u00fcrl\u00fc\u011f\u00fc a\u00e7\u0131s\u0131ndan \u00e7ok tehlikeli bir a\u015famaya geldi\u011fimizin son \u00f6rne\u011fidir.<\/p>\n<p style=\"text-align: justify;\">Ger\u00e7ek demokrasinin kar\u015f\u0131t fikirlerin serbest\u00e7e ifade edildi\u011fi, insanlar\u0131n be\u011fenmeseler dahi bu g\u00f6r\u00fc\u015fleri ho\u015fg\u00f6r\u00fc ile kar\u015f\u0131lad\u0131klar\u0131 bir rejim oldu\u011funa inan\u0131yoruz. Yazarlar ve yay\u0131nc\u0131lar olarak \u201cd\u00fc\u015f\u00fcnce ifade \u00f6zg\u00fcrl\u00fc\u011f\u00fcne\u201d ve buna ba\u011fl\u0131 olarak \u201cyazma, yay\u0131nlama ve yayma \u00f6zg\u00fcrl\u00fc\u011f\u00fcne\u201d ya\u015famsal bir \u00f6nem veriyoruz.<\/p>\n<p style=\"text-align: justify;\">\u0130nsan Haklar\u0131 Evrensel Beyannamesi, Avrupa \u0130nsan Haklar\u0131 S\u00f6zle\u015fmesi ve Anayasa ile getirilen \u00f6zg\u00fcrl\u00fcklere ayk\u0131r\u0131 olarak d\u00fc\u015f\u00fcnceyi ifade, yazarlar\u0131m\u0131z\u0131n yazma ve yaratma; yay\u0131nc\u0131lar\u0131m\u0131z\u0131n yayma; halk\u0131m\u0131z\u0131n bilgi edinme ve okuma \u00f6zg\u00fcrl\u00fcklerine getirilen her t\u00fcrl\u00fc k\u0131s\u0131tlaman\u0131n, engellemenin kar\u015f\u0131s\u0131nday\u0131z.<\/p>\n<p style=\"text-align: justify;\">Anayasam\u0131zdaki d\u00fc\u015f\u00fcnce ve ifade \u00f6zg\u00fcrl\u00fc\u011f\u00fcne ili\u015fkin maddeleri bir kez daha hat\u0131rlatmak gereksinimi duyuyoruz:<\/p>\n<p style=\"text-align: justify;\">Anayasa Madde 26: Herkes, d\u00fc\u015f\u00fcnce ve kanaatlerini s\u00f6z, yaz\u0131, resim veya ba\u015fka yollarla tek ba\u015f\u0131na veya toplu olarak a\u00e7\u0131klama ve yayma hakk\u0131na sahiptir. Bu h\u00fcrriyet resmi makamlar\u0131n m\u00fcdahalesi olmaks\u0131z\u0131n haber veya fikir almak ya da vermek serbestli\u011fini de kapsar.<\/p>\n<p style=\"text-align: justify;\">Anayasa Madde 29: S\u00fcreli veya s\u00fcresiz yay\u0131n \u00f6nceden izin alma ve mali teminat yat\u0131rma \u015fart\u0131na ba\u011flanamaz.<\/p>\n<p style=\"text-align: justify;\">Yarg\u0131tay 8. Ceza Dairesi verdi\u011fi bir karar\u0131nda D\u00fc\u015f\u00fcnce ve \u0130fade \u00f6zg\u00fcrl\u00fc\u011f\u00fcne ili\u015fkin yapt\u0131\u011f\u0131 a\u00e7\u0131klama biz yazar ve yay\u0131nc\u0131lar\u0131n bu konudaki g\u00f6r\u00fc\u015flerinin de a\u00e7\u0131k bir ifadesidir:<\/p>\n<p style=\"text-align: justify;\">Yarg\u0131tay 8. Ceza Dairesi verdi\u011fi bir karar\u0131nda \u015f\u00f6yle deniyor: \u201cT\u00fcrkiye Cumhuriyeti, hukukun \u00fcst\u00fcnl\u00fc\u011f\u00fcne dayal\u0131, \u00e7o\u011fulcu bir demokrasidir. Esasen \u00e7a\u011f\u0131m\u0131z\u0131n ruhu \u00e7o\u011fulculuk yani \u00e7ok sesliliktir. \u00c7o\u011fulculuk ise birden \u00e7ok d\u00fc\u015f\u00fcncenin varl\u0131\u011f\u0131 ve bunlar\u0131n a\u00e7\u0131klanmas\u0131 temeli \u00fczerinde kurulabilir. \u00c7\u00fcnk\u00fc, d\u0131\u015f d\u00fcnyaya yans\u0131tma olana\u011f\u0131 verilmedi\u011fi takdirde d\u00fc\u015f\u00fcnce \u00f6zg\u00fcrl\u00fc\u011f\u00fc i\u015flevini yapamaz ve varl\u0131k nedenini yitirir. Ki\u015filer ve toplum, \u00f6zg\u00fcr beynin \u00fcr\u00fcnlerinden yararlanamaz. D\u00fc\u015f\u00fcnceleri tart\u0131\u015farak ve tartarak do\u011fruyu yanl\u0131\u015ftan ay\u0131rma imkan\u0131ndan yoksun kal\u0131r. Ancak, unutulmamas\u0131 gerekir ki, ifade \u00f6zg\u00fcrl\u00fc\u011f\u00fc \u00e7o\u011funluk gibi d\u00fc\u015f\u00fcnmeme, kurulu d\u00fczeni sorgulama, hatta ele\u015ftirme hakk\u0131n\u0131 da kapsar. Dahas\u0131; sars\u0131c\u0131 nitelik ta\u015f\u0131yan, toplumun \u00e7o\u011funlu\u011funu k\u0131zd\u0131ran ve tart\u0131\u015fmaya y\u00f6nelten fikirler de ifade \u00f6zg\u00fcrl\u00fc\u011f\u00fcn\u00fcn korumas\u0131 alt\u0131ndad\u0131r. E\u011fer demokratik bir s\u00fcre\u00e7 ve her bireyin geli\u015fmesi isteniyorsa, anlat\u0131m \u00f6zg\u00fcrl\u00fc\u011f\u00fcn\u00fcn korunmas\u0131 hayati \u00f6nem ta\u015f\u0131r. Serbest bir kamuoyu olu\u015fturmak, b\u00fct\u00fcn se\u00e7eneklerin tart\u0131\u015f\u0131lmas\u0131n\u0131 sa\u011flamak ve en geni\u015f anlamda halk\u0131n y\u00f6netime kat\u0131l\u0131m\u0131n\u0131 ve denetimini ger\u00e7ekle\u015ftirmek, ancak bu sayede m\u00fcmk\u00fcn olabilir. Elbette temel hak ve \u00f6zg\u00fcrl\u00fckler gereklidir. Bu, \u00e7a\u011f\u0131m\u0131z\u0131n tart\u0131\u015f\u0131lmaz bir ger\u00e7e\u011fidir.\u201d<\/p>\n<p style=\"text-align: justify;\">T\u00fcrkiye Cumhuriyetinin, hukukun \u00fcst\u00fcnl\u00fc\u011f\u00fcne dayal\u0131, \u00e7o\u011fulcu bir demokrasi oldu\u011funu g\u00f6z \u00f6n\u00fcne alarak hen\u00fcz yay\u0131nlanmam\u0131\u015f bir kitab\u0131n yay\u0131nevindeki kopyas\u0131na el konulmas\u0131n\u0131 d\u00fc\u015f\u00fcnce ve ifade \u00f6zg\u00fcrl\u00fc\u011f\u00fcn\u00fc engelleyici \u00e7ok tehlikeli bir giri\u015fim olarak de\u011ferlendiriyoruz.<\/p>\n<p style=\"text-align: justify;\">H\u00fck\u00fcmeti, hakimleri ve savc\u0131lar\u0131, emniyet kuvvetlerini uluslar aras\u0131 anla\u015fmalar\u0131n, Anayasa\u2019n\u0131n ve yasalar\u0131n d\u00fc\u015f\u00fcnce \u00f6zg\u00fcrl\u00fc\u011f\u00fcne ili\u015fkin getirdi\u011fi h\u00fck\u00fcmlere uymaya \u00e7a\u011f\u0131r\u0131yoruz.<\/p>\n<p style=\"text-align: justify;\">Yazar ve yay\u0131nc\u0131 \u00f6rg\u00fctleri olarak yazma, yaratma ve bunlar\u0131 yaz\u0131l\u0131 ve s\u00f6zl\u00fc olarak ba\u015fkalar\u0131na iletme \u00f6zg\u00fcrl\u00fcklerine getirilen her t\u00fcrl\u00fc k\u0131s\u0131tlama, bask\u0131 ve engellemeye kar\u015f\u0131 \u00e7\u0131k\u0131yoruz ve kar\u015f\u0131 \u00e7\u0131kmaya devam edece\u011fiz.&#8221;<\/p>\n<p style=\"text-align: justify;\"><a href=\"http:\/\/www.radikal.com.tr\/Radikal.aspx?aType=RadikalDetayV3&amp;ArticleID=1043961&amp;Date=24.03.2011&amp;CategoryID=77\" target=\"_blank\">Kaynak : Radikal<\/a><\/p>\n","protected":false},"excerpt":{"rendered":"<p style=\"text-align: center;\">\n<p style=\"text-align: justify;\">T\u00fcrkiye Yazarlar Sendikas\u0131 Ba\u015fkan\u0131 Enver Ercan, Pen T\u00fcrkiye Merkezi 2. Ba\u015fkan\u0131 Halil \u0130brahim \u00d6zcan ve T\u00fcrkiye Yay\u0131nc\u0131lar Birli\u011fi Ba\u015fkan\u0131 Metin Celal imzas\u0131yla yay\u0131mlanan a\u00e7\u0131klamada gazeteci Ahmet \u015e\u0131k&#8217;\u0131n yay\u0131nlanmam\u0131\u015f &#8216;\u0130mam\u0131n Ordusu&#8217; adl\u0131 kitab\u0131 i\u00e7in polisin yapt\u0131\u011f\u0131 bask\u0131na sert tepki g\u00f6sterildi.<\/p>\n","protected":false},"author":1,"featured_media":0,"comment_status":"open","ping_status":"closed","sticky":false,"template":"","format":"standard","meta":{"footnotes":""},"categories":[105],"tags":[],"class_list":["post-29653","post","type-post","status-publish","format-standard","hentry","category-gundem","odd"],"_links":{"self":[{"href":"http:\/\/www.korhanyilmaz.com\/index.php?rest_route=\/wp\/v2\/posts\/29653","targetHints":{"allow":["GET"]}}],"collection":[{"href":"http:\/\/www.korhanyilmaz.com\/index.php?rest_route=\/wp\/v2\/posts"}],"about":[{"href":"http:\/\/www.korhanyilmaz.com\/index.php?rest_route=\/wp\/v2\/types\/post"}],"author":[{"embeddable":true,"href":"http:\/\/www.korhanyilmaz.com\/index.php?rest_route=\/wp\/v2\/users\/1"}],"replies":[{"embeddable":true,"href":"http:\/\/www.korhanyilmaz.com\/index.php?rest_route=%2Fwp%2Fv2%2Fcomments&post=29653"}],"version-history":[{"count":0,"href":"http:\/\/www.korhanyilmaz.com\/index.php?rest_route=\/wp\/v2\/posts\/29653\/revisions"}],"wp:attachment":[{"href":"http:\/\/www.korhanyilmaz.com\/index.php?rest_route=%2Fwp%2Fv2%2Fmedia&parent=29653"}],"wp:term":[{"taxonomy":"category","embeddable":true,"href":"http:\/\/www.korhanyilmaz.com\/index.php?rest_route=%2Fwp%2Fv2%2Fcategories&post=29653"},{"taxonomy":"post_tag","embeddable":true,"href":"http:\/\/www.korhanyilmaz.com\/index.php?rest_route=%2Fwp%2Fv2%2Ftags&post=29653"}],"curies":[{"name":"wp","href":"https:\/\/api.w.org\/{rel}","templated":true}]}}