{"id":29649,"date":"2011-03-24T16:16:32","date_gmt":"2011-03-24T14:16:32","guid":{"rendered":"http:\/\/www.korhanyilmaz.com\/?p=29649"},"modified":"2011-03-24T16:16:32","modified_gmt":"2011-03-24T14:16:32","slug":"radikale-imamin-ordusu-baskini","status":"publish","type":"post","link":"http:\/\/www.korhanyilmaz.com\/?p=29649","title":{"rendered":"Radikal&#8217;e &#8220;\u0130mam\u0131n Ordusu&#8221; bask\u0131n\u0131"},"content":{"rendered":"<p style=\"text-align: justify;\"><a href=\"http:\/\/www.korhanyilmaz.com\/wp-content\/uploads\/2011\/03\/360.jpg\"  class=\"lightview\"><img loading=\"lazy\" decoding=\"async\" class=\"aligncenter size-full wp-image-29650\" src=\"http:\/\/www.korhanyilmaz.com\/wp-content\/uploads\/2011\/03\/360.jpg\" alt=\"\" width=\"307\" height=\"236\" \/><\/a><\/p>\n<p style=\"text-align: justify;\">Gazeteci Ahmet \u015e\u0131k&#8217;\u0131n yazd\u0131\u011f\u0131, ancak hen\u00fcz bas\u0131lmayan &#8220;\u0130mam&#8217;\u0131n Ordusu&#8221; adl\u0131 kitap ile ilgili olarak polis Radikal Gazetesi&#8217;ni arad\u0131, Ertu\u011frul Mavio\u011flu&#8217;nun bilgisayar\u0131ndaki kitap tasla\u011f\u0131n\u0131 ald\u0131. <!--more--><\/p>\n<p style=\"text-align: justify;\">Polis, Ergenekon tutuklusu gazeteci Ahmet \u015e\u0131k&#8217;\u0131n kitab\u0131n\u0131 bir kopyas\u0131n\u0131n olaca\u011f\u0131 d\u00fc\u015f\u00fcncesiyle Radikal gazetesine gitti.<\/p>\n<p style=\"text-align: justify;\">Gazeteci Ertu\u011frul Mavio\u011flu&#8217;nun bilgisayar\u0131nda kitab\u0131n bir kopyas\u0131 al\u0131nd\u0131.<\/p>\n<p style=\"text-align: justify;\">Bu arada \u0130stanbul 12. A\u011f\u0131r Ceza Mahkemesi, kitab\u0131n tasla\u011f\u0131n\u0131n dok\u00fcman ve t\u00fcm n\u00fcshalar\u0131na el konulmas\u0131na karar verdi.<\/p>\n<p style=\"text-align: justify;\">Karar savc\u0131 Zekeriya \u00d6z\u2019\u00fcn talebi \u00fczerine n\u00f6bet\u00e7i \u0130stanbul 12. A\u011f\u0131r Ceza Mahkemesi taraf\u0131ndan verildi.<\/p>\n<p style=\"text-align: justify;\"><strong>\u0130thaki&#8217;deki 2&#8217;nci arama tamamland\u0131 <\/strong><\/p>\n<p style=\"text-align: justify;\">\u0130thaki Yay\u0131nevi&#8217;nde ikinci kez yap\u0131lan arama ise tamamland\u0131.<\/p>\n<p style=\"text-align: justify;\">Bug\u00fcn \u00f6\u011fle saatlerinde yay\u0131nevinin bulundu\u011fu Kad\u0131k\u00f6y Bahariye Dr. \u0130hsan \u00dcnl\u00fcer Ersoy Apartman\u0131&#8217;na gelen Organize Su\u00e7larla M\u00fccadele \u015eube M\u00fcd\u00fcrl\u00fc\u011f\u00fc ekipleri, gazeteci Ahmet \u015e\u0131k&#8217;\u0131n &#8220;\u0130mam\u0131n Ordusu&#8221; adl\u0131 kitab\u0131n dijital kayd\u0131n\u0131n bulundu\u011fu harddiski alarak, aramay\u0131 tamamlad\u0131.<\/p>\n<p style=\"text-align: justify;\">\u0130thaki Yay\u0131nevi Edit\u00f6r\u00fc Ahmet \u00d6z, aramaya ili\u015fkin \u015funlar\u0131 s\u00f6yledi:<\/p>\n<p style=\"text-align: justify;\">&#8220;Savc\u0131l\u0131k karar\u0131yla d\u00fcn gece arama yap\u0131lm\u0131\u015ft\u0131. Bug\u00fcn \u0130stanbul 12. a\u011f\u0131r Ceza Mahkemesi&#8217;nin karar\u0131yla geldiler. D\u00fcn gece s\u00f6z konusu kitab\u0131n dijital ortamdaki kayd\u0131 polislerce silinmi\u015fti.<\/p>\n<p style=\"text-align: justify;\">Bug\u00fcn de bilgisayar\u0131n harddiskine el koydular. Kitab\u0131n dijital kopyas\u0131n\u0131 bulundurmak yasak, mesele bu. Harddiskin i\u00e7erisinde ba\u015fka \u00e7evirilerimizde vard\u0131. \u0130\u015fimiz fiili olarak durmu\u015f durumda. Harddiski geri vereceklerini s\u00f6ylediler.&#8221;<\/p>\n<p style=\"text-align: justify;\">\u0130thaki Yay\u0131nevi&#8217;nin \u0130stanbul Kad\u0131k\u00f6y&#8217;deki merkezinde polis ekiplerince d\u00fcn gece de arama yap\u0131lm\u0131\u015ft\u0131.<\/p>\n<p style=\"text-align: justify;\"><strong>&#8220;\u0130mam\u0131n Ordusu&#8221;nu teslim et karar\u0131 <\/strong><\/p>\n<p style=\"text-align: justify;\">Ahmet \u015e\u0131k&#8217;\u0131n e\u015fi Yonca \u015e\u0131k ve avukatlar\u0131ndan &#8220;\u0130mam\u0131n Ordusu&#8221; kitab\u0131na ait t\u00fcm belge ve d\u00f6k\u00fcmanlar\u0131n savc\u0131l\u0131\u011fa teslim edilmesi istendi. Taslak ve n\u00fcshay\u0131 teslim etmeyenler hakk\u0131nda &#8220;ter\u00f6r \u00f6rg\u00fct\u00fcne yard\u0131m ve yatakl\u0131k&#8221; su\u00e7lamas\u0131yla i\u015flem yap\u0131laca\u011f\u0131 belirtildi.<\/p>\n<p style=\"text-align: justify;\"><strong>\u0130\u015eTE O TEBL\u0130\u011e&#8230; <\/strong><span style=\"color: #888888;\">(Kaynak: Bianet) <\/span><\/p>\n<p style=\"text-align: justify;\">&#8220;Soner Yal\u00e7in&#8217;dan elde edilen bilgi ve \u00f6rg\u00fctsel d\u00f6k\u00fcmanlar \u00e7er\u00e7evesinde Ahmet \u015e\u0131k ve Soner Yal\u00e7\u0131n bilgisayarlar\u0131ndan elde edilen \u0130mam\u0131n Ordusu belgeleri ile ilgili \u0130stanbul Emniyet M\u00fcd\u00fcrl\u00fc\u011f\u00fc&#8217;n\u00fcn 17 Mart 2011 tarih B.05.1.EGM.4.34.46 755 say\u0131l\u0131 yaz\u0131s\u0131 ekinde sunulan 16 Mart 2011 tarihli 49 sayfal\u0131k rapor incelenmi\u015f, kitap tasla\u011f\u0131n\u0131n \u00f6nceden haz\u0131rlan\u0131p daha sonra \u00f6rg\u00fctte etkin konumda bulunan Soner Yal\u00e7\u0131n&#8217;a g\u00f6nderildi\u011fi kitap \u00fczerinde yazd\u0131\u011f\u0131 notlar\u0131n talimata d\u00f6n\u00fc\u015ft\u00fcr\u00fclerek Ahmet \u015e\u0131k&#8217;tan elde edilen kitap tasla\u011f\u0131nda uyguland\u0131\u011f\u0131, Ergenekon silahl\u0131 ter\u00f6r \u00f6rg\u00fct\u00fc talimatlar\u0131yla bu kitab\u0131n yazd\u0131r\u0131lmaya \u00e7al\u0131\u015f\u0131ld\u0131\u011f\u0131 kitap i\u00e7eri\u011finde a\u00e7\u0131k\u00e7a ter\u00f6r \u00f6rg\u00fct\u00fcn\u00fcn ve amac\u0131n\u0131n propogandas\u0131n\u0131n yap\u0131ld\u0131\u011f\u0131, su\u00e7u ve su\u00e7luyu \u00f6vme, adil yarg\u0131lamay\u0131 etkilemeyi te\u015febb\u00fcs su\u00e7lar\u0131n\u0131n da \u00f6rg\u00fct talimatlar\u0131 \u00e7er\u00e7evesinde kitaba konu edildi\u011fi ve \u00f6rg\u00fct talimatlar\u0131yla kitab\u0131n bast\u0131r\u0131larak sansasyon ve dezenformasyon yap\u0131lmas\u0131n\u0131n planland\u0131\u011f\u0131, yarg\u0131lanan \u00f6rg\u00fct \u00fcyelerine de bu suretle moral ve motivasyon verilmeye \u00e7al\u0131\u015f\u0131ld\u0131\u011f\u0131, 49 sayfal\u0131k inceleme tutana\u011f\u0131nda ayr\u0131nt\u0131l\u0131 olarak belirtilmi\u015ftir.<\/p>\n<p style=\"text-align: justify;\">S\u00f6z konusu yaz\u0131lar\u0131n hen\u00fcz bas\u0131lmad\u0131\u011f\u0131ndan kitap niteli\u011finde olmad\u0131\u011f\u0131, kitab\u0131n i\u00e7indeki \u00f6rg\u00fctsel emir ve talimatlar ile paragraf aralar\u0131na yerle\u015ftirilmi\u015f, eklenmesi ve \u00e7\u0131kar\u0131lmas\u0131 gereken yerlere ili\u015fkin notlardan \u015fu haliyle yaz\u0131lar\u0131n \u00f6rg\u00fctsel d\u00f6k\u00fcman niteli\u011finde oldu\u011fu, \u00f6rg\u00fct\u00fcn amac\u0131na hizmet etmek ve propogandas\u0131n\u0131 yapmaya y\u00f6nelik haz\u0131rland\u0131\u011f\u0131 anla\u015f\u0131lm\u0131\u015ft\u0131r.<\/p>\n<p style=\"text-align: justify;\"><span style=\"text-decoration: underline;\">Gere\u011fi d\u00fc\u015f\u00fcn\u00fcld\u00fc:<\/span><\/p>\n<p style=\"text-align: justify;\"><strong>1.<\/strong> \u0130mam\u0131n Ordusu isimli d\u00f6k\u00fcman ve t\u00fcm n\u00fcshalar\u0131na<\/p>\n<p style=\"text-align: justify;\"><strong>2.<\/strong> \u0130\u00e7erik olarak ayn\u0131 mahiyetteki evrak ve t\u00fcm n\u00fcshalar\u0131na<\/p>\n<p style=\"text-align: justify;\"><strong>3.<\/strong> \u0130stanbul Emniyet M\u00fcd\u00fcrl\u00fc\u011f\u00fc&#8217;n\u00fcn 17 Mart 2011 tarih B.05.1.EGM.4.34.46  755 say\u0131l\u0131 yaz\u0131s\u0131 ekinde sunulan 16 Mart 2011 tarihli 49 sayfal\u0131k rapor i\u00e7eri\u011finde belirtilen evrak ve t\u00fcm n\u00fcshalar\u0131na CMK 121,122,123\/2,124,127 uyar\u0131nca el konulmas\u0131na karar verildi.<\/p>\n<p style=\"text-align: justify;\"><strong>SAVCI ZEKER\u0130YA \u00d6Z&#8217;\u00dcN TAL\u0130MATI <\/strong><\/p>\n<p style=\"text-align: justify;\">\u0130stanbul 12. A\u011f\u0131r Ceza Mahkemesi&#8217;nin 23.03.2011 tarih 2011\/397 De\u011fi\u015fik \u0130\u015f say\u0131l\u0131 mahkeme karar\u0131 do\u011frultusunda \u0130mam\u0131n Ordusu isimli d\u00f6k\u00fcman ve t\u00fcm n\u00fcshalar\u0131na veya kitap tasla\u011f\u0131na, 3. ki\u015filerde bulunan n\u00fcshalar\u0131na, kitap haline d\u00f6n\u00fc\u015ft\u00fcr\u00fclm\u00fc\u015fse suretlerine i\u00e7erik olarak ayn\u0131 mahiyetteki evrak ve t\u00fcm n\u00fcshalar\u0131na el konulmas\u0131na ve muhafaza alt\u0131na al\u0131nmas\u0131na \u015f\u00fcphelinin avukat\u0131na da bir n\u00fcshas\u0131n\u0131 verdi\u011fini beyan etti\u011finden avukat\u0131ndaki n\u00fcshalara da el konulmas\u0131na mahkeme karar\u0131na ra\u011fmen vermeyen veya vermek istemeyenlerin ellerinde bulunan n\u00fcshalar\u0131n temini i\u00e7in gerekti\u011finde arama ve el koyma karar\u0131 talep edilmesi bulunmas\u0131 muhtemel di\u011fer adreslerin tespit edilerek bu adresler i\u00e7in de arama karar\u0131 talep edilmesi aksine davran\u0131\u015f\u0131n hem CMK 124 hem de \u00f6rg\u00fcte yard\u0131m su\u00e7unun olu\u015fturaca\u011f\u0131n\u0131n bildirilmesine&#8230;&#8230;&#8230;&#8230;&#8230;&#8230;..<\/p>\n<p style=\"text-align: justify;\"><span style=\"text-decoration: underline;\"><strong>Tebli\u011f Tebell\u00fc\u011f Tutana\u011f\u0131 <\/strong><\/span><\/p>\n<p style=\"text-align: justify;\">\u0130stanbul Cumhuriyet Ba\u015fsavc\u0131l\u0131\u011f\u0131nca (C.M.K. 250. Madde ile yetkili) y\u00fcr\u00fctlmekte olan Soru\u015fturma No:2010\/857 say\u0131l\u0131 soru\u00e7turma kapsam\u0131nda \u0130stanbul 12. A\u011f\u0131r Ceza Mahkemesinin 23.03.2011 tarih ve 2011\/397 De\u011fi\u015fik \u0130\u015f say\u0131l\u0131 el koyma karar\u0131na konu olan \u0130mam\u0131n Ordusu isimli d\u00f6k\u00fcman ve t\u00fcm n\u00fcshalar\u0131na veya kitap tasla\u011f\u0131na, 3. ki\u015filerde bulunan n\u00fcshalar\u0131na, kitap haline d\u00f6n\u00fc\u015ft\u00fcr\u00fclm\u00fc\u015f ise suretlerine, i\u00e7erik olarak ayn\u0131 mahiyetteki evrak ve t\u00fcm n\u00fcshalar\u0131na el konulmas\u0131na ve muhafaza alt\u0131na al\u0131nmas\u0131na, Mahkeme karar\u0131na ra\u011fmen vermeyen veya vermek istemeyenlerin ellerinde bulunan n\u00fcshalar\u0131n temini i\u00e7in gerekti\u011finde arama yap\u0131laca\u011f\u0131na dair karar ve iligli savc\u0131l\u0131k talimat\u0131, ayr\u0131ca konuyla ilgili her t\u00fcrl\u00fc bilgi ve belgelerin teslim edilmesi hususu a\u015fa\u011f\u0131da imzas\u0131 bulunan ki\u015fi\/ki\u015filere tebli\u011f edilerek, aksina davran\u0131\u015f g\u00f6sterenlerin hem CMK 124. madde hem de \u00f6rg\u00fcte yard\u0131m su\u00e7unu olu\u015fturaca\u011f\u0131 hususu adreste bildirilmi\u015ftir. \u0130lgili mahkeme karar\u0131 ve savc\u0131l\u0131k talimat\u0131 tabli\u011fde bulunan \u015fahsa okutularak ibraz edilmi\u015ftir.<\/p>\n<p style=\"text-align: justify;\">\u0130\u015f bu tebli\u011f tebll\u00fc\u011f tutana\u011f\u0131 taraflarca imza alt\u0131na al\u0131nm\u0131\u015ft\u0131r. 24\/03\/2011 saat 12:45<\/p>\n<p style=\"text-align: justify;\"><a href=\"http:\/\/www.cnnturk.com\/2011\/turkiye\/03\/24\/radikale.imamin.ordusu.baskini\/611016.0\/index.html\" target=\"_blank\">Kaynak : CNN T\u00dcRK<\/a><\/p>\n","protected":false},"excerpt":{"rendered":"<p style=\"text-align: justify;\">\n<p style=\"text-align: justify;\">Gazeteci Ahmet \u015e\u0131k&#8217;\u0131n yazd\u0131\u011f\u0131, ancak hen\u00fcz bas\u0131lmayan &#8220;\u0130mam&#8217;\u0131n Ordusu&#8221; adl\u0131 kitap ile ilgili olarak polis Radikal Gazetesi&#8217;ni arad\u0131, Ertu\u011frul Mavio\u011flu&#8217;nun bilgisayar\u0131ndaki kitap tasla\u011f\u0131n\u0131 ald\u0131. <\/p>\n","protected":false},"author":1,"featured_media":0,"comment_status":"open","ping_status":"closed","sticky":false,"template":"","format":"standard","meta":{"footnotes":""},"categories":[105],"tags":[],"class_list":["post-29649","post","type-post","status-publish","format-standard","hentry","category-gundem","odd"],"_links":{"self":[{"href":"http:\/\/www.korhanyilmaz.com\/index.php?rest_route=\/wp\/v2\/posts\/29649","targetHints":{"allow":["GET"]}}],"collection":[{"href":"http:\/\/www.korhanyilmaz.com\/index.php?rest_route=\/wp\/v2\/posts"}],"about":[{"href":"http:\/\/www.korhanyilmaz.com\/index.php?rest_route=\/wp\/v2\/types\/post"}],"author":[{"embeddable":true,"href":"http:\/\/www.korhanyilmaz.com\/index.php?rest_route=\/wp\/v2\/users\/1"}],"replies":[{"embeddable":true,"href":"http:\/\/www.korhanyilmaz.com\/index.php?rest_route=%2Fwp%2Fv2%2Fcomments&post=29649"}],"version-history":[{"count":0,"href":"http:\/\/www.korhanyilmaz.com\/index.php?rest_route=\/wp\/v2\/posts\/29649\/revisions"}],"wp:attachment":[{"href":"http:\/\/www.korhanyilmaz.com\/index.php?rest_route=%2Fwp%2Fv2%2Fmedia&parent=29649"}],"wp:term":[{"taxonomy":"category","embeddable":true,"href":"http:\/\/www.korhanyilmaz.com\/index.php?rest_route=%2Fwp%2Fv2%2Fcategories&post=29649"},{"taxonomy":"post_tag","embeddable":true,"href":"http:\/\/www.korhanyilmaz.com\/index.php?rest_route=%2Fwp%2Fv2%2Ftags&post=29649"}],"curies":[{"name":"wp","href":"https:\/\/api.w.org\/{rel}","templated":true}]}}