{"id":29643,"date":"2011-03-23T23:34:05","date_gmt":"2011-03-23T21:34:05","guid":{"rendered":"http:\/\/www.korhanyilmaz.com\/?p=29643"},"modified":"2011-03-23T23:34:05","modified_gmt":"2011-03-23T21:34:05","slug":"imamin-ordusuna-polis-baskini-2","status":"publish","type":"post","link":"http:\/\/www.korhanyilmaz.com\/?p=29643","title":{"rendered":"&#8220;\u0130mam\u0131n Ordusu&#8221;na polis bask\u0131n\u0131"},"content":{"rendered":"<p style=\"text-align: justify;\"><a href=\"http:\/\/www.korhanyilmaz.com\/wp-content\/uploads\/2011\/03\/359.jpg\"  class=\"lightview\"><img loading=\"lazy\" decoding=\"async\" class=\"aligncenter size-full wp-image-29644\" src=\"http:\/\/www.korhanyilmaz.com\/wp-content\/uploads\/2011\/03\/359.jpg\" alt=\"\" width=\"414\" height=\"220\" \/><\/a><\/p>\n<p style=\"text-align: justify;\">Ergenekon tutuklusu gazeteci Ahmet \u015e\u0131k&#8217;\u0131n &#8216;\u0130mam\u0131n Ordusu&#8217; isimli kitab\u0131n\u0131 bask\u0131ya haz\u0131rlad\u0131\u011f\u0131 d\u00fc\u015f\u00fcn\u00fclen yay\u0131nevine bask\u0131n yap\u0131ld\u0131.<\/p>\n<p style=\"text-align: justify;\">\u0130STANBUL &#8211;  Polis, Ergenekon soru\u015fturmas\u0131n\u0131 y\u00fcr\u00fcten Savc\u0131 Zekeriye \u00d6z&#8217;\u00fcn talimat\u0131yla, Ergenekon tutuklusu gazeteci Ahmet \u015e\u0131k&#8217;\u0131n kitab\u0131n\u0131 yay\u0131mlayaca\u011f\u0131 d\u00fc\u015f\u00fcn\u00fclen \u0130thaki Yay\u0131nevi&#8217;ne bask\u0131n yapt\u0131.<!--more--><\/p>\n<p style=\"text-align: justify;\">Polis ekipleri, \u0130thaki Yay\u0131nevinin, Bahariye Caddesi Dr. \u0130hsan \u00dcnl\u00fcer Sokak&#8217;taki ofisinde, yakla\u015f\u0131k 7 saat s\u00fcren arama \u00e7al\u0131\u015fmas\u0131 yapt\u0131.<\/p>\n<p style=\"text-align: justify;\"><strong>K\u0130TABI SORDULAR<\/strong><\/p>\n<p style=\"text-align: justify;\">Aramadan sonra gazetecilere a\u00e7\u0131klama yapan yay\u0131nevi sahibi \u00dcnal Ko\u00e7an, halen \u00e7ok b\u00fcy\u00fck bir \u015fa\u015fk\u0131nl\u0131k ya\u015fad\u0131\u011f\u0131n\u0131 belirterek, polislerin genel olarak Ahmet \u015e\u0131k&#8217;\u0131n kitaplar\u0131n\u0131 sorduklar\u0131n\u0131 s\u00f6yledi.<\/p>\n<p style=\"text-align: justify;\">Ko\u00e7an, &#8221;Bu kitab\u0131 bizim yay\u0131mlay\u0131p yay\u0131mlamayaca\u011f\u0131m\u0131z bile belli de\u011fil. Bas\u0131lmam\u0131\u015f bir kitapla ilgili varsay\u0131m \u00fczerine gelmi\u015fler&#8221; diye konu\u015ftu.<\/p>\n<p style=\"text-align: justify;\">Arama s\u0131ras\u0131nda yay\u0131nevinde bulunan Edit\u00f6r Ahmet \u00d6z ise Cumhuriyet Savc\u0131s\u0131 Zekeriya \u00d6z&#8217;\u00fcn emriyle arama yapan polislerin, Ahmet \u015e\u0131k&#8217;\u0131n daha \u00f6nce yay\u0131neviyle \u00e7al\u0131\u015f\u0131rken bir kopyas\u0131n\u0131 kendisine g\u00f6nderdi\u011fi kitab\u0131 almaya geldiklerini s\u00f6yledi.<\/p>\n<p style=\"text-align: justify;\"><strong>POL\u0130SLER K\u0130TABI \u0130MHA ETT\u0130<\/strong><\/p>\n<p style=\"text-align: justify;\">Polislerin o kopyay\u0131 ald\u0131\u011f\u0131n\u0131, bilgisayardaki elektronik dok\u00fcman\u0131 da imha etti\u011fini kaydeden Ahmet \u00d6z, g\u00fcn i\u00e7inde konuyla ilgili ayr\u0131nt\u0131l\u0131 bir a\u00e7\u0131klama yapacaklar\u0131n\u0131 ifade etti.<\/p>\n<p style=\"text-align: justify;\">Gazetecilerin, &#8221;Kitab\u0131n bas\u0131m\u0131yla ilgili bir haz\u0131rl\u0131\u011f\u0131n\u0131z var m\u0131yd\u0131?&#8221; \u015feklindeki sorular\u0131 \u00fczerine de Ahmet \u00d6z, herhangi bir haz\u0131rl\u0131klar\u0131 olmad\u0131\u011f\u0131n\u0131, buraya hen\u00fcz iki g\u00fcn \u00f6nce ta\u015f\u0131nd\u0131klar\u0131n\u0131 ve halen ta\u015f\u0131nma i\u015fleriyle u\u011fra\u015ft\u0131klar\u0131n\u0131 s\u00f6yledi.<\/p>\n<p style=\"text-align: justify;\">Ahmet \u015e\u0131k&#8217;\u0131n e\u015fiyle telefonda g\u00f6r\u00fc\u015ft\u00fc\u011f\u00fcn\u00fc bildiren Ahmet \u00d6z, \u015f\u00f6yle konu\u015ftu:<\/p>\n<p style=\"text-align: justify;\">&#8221;Galiba telefonlar\u0131 dinlediler. Kitab\u0131n ilk 20 sayfas\u0131n\u0131 bile okumad\u0131m. Bask\u0131yla ilgili bir haz\u0131rl\u0131\u011f\u0131m\u0131z yoktu. \u0130\u00e7eriden sadece kitab\u0131 ald\u0131lar. Araman\u0131n uzun s\u00fcrmesi, teknik sorunlardan kaynakland\u0131. Savc\u0131 Zekeriya \u00d6z&#8217;\u00fcn kitapla ilgili bir kan\u0131s\u0131 var, ona istinaden gelmi\u015fler.  Ahmet \u015e\u0131k tutuklanmadan \u00f6nce kitab\u0131n yay\u0131mlanmas\u0131na vaktimiz olmad\u0131, o da ba\u015fka yay\u0131nevleriyle g\u00f6r\u00fc\u015f\u00fcyordu.&#8221;<\/p>\n<p style=\"text-align: justify;\"><strong>ARAMALAR E\u015e ZAMANLI<\/strong><\/p>\n<p style=\"text-align: justify;\">Ahmet \u00d6z, arama yap\u0131l\u0131rken i\u00e7eride sadece yay\u0131nevi sahibi ve kendisinin bulundu\u011funu aktararak, &#8221;Geni\u015f bir arama diyemeyiz. Kitab\u0131n bulundu\u011fu maili ben a\u00e7t\u0131m. Aramalar e\u015f zamanl\u0131 olmu\u015f. Topkap\u0131&#8217;daki matbaaya, buradaki ofise ve yay\u0131nevinin Kad\u0131k\u00f6y&#8217;deki \u00f6nceki binas\u0131na gidilmi\u015f, tebligat b\u0131rak\u0131lm\u0131\u015f&#8221; dedi. (AA)<\/p>\n<p style=\"text-align: justify;\"><a href=\"http:\/\/www.gazeteport.com.tr\/GUNCEL\/NEWS\/GP_874749\" target=\"_blank\">Kaynak : GAZETEPORT<\/a><\/p>\n","protected":false},"excerpt":{"rendered":"<p style=\"text-align: justify;\">\n<p style=\"text-align: justify;\">Ergenekon tutuklusu gazeteci Ahmet \u015e\u0131k&#8217;\u0131n &#8216;\u0130mam\u0131n Ordusu&#8217; isimli kitab\u0131n\u0131 bask\u0131ya haz\u0131rlad\u0131\u011f\u0131 d\u00fc\u015f\u00fcn\u00fclen yay\u0131nevine bask\u0131n yap\u0131ld\u0131.<\/p>\n<p style=\"text-align: justify;\">\u0130STANBUL &#8211; Polis, Ergenekon soru\u015fturmas\u0131n\u0131 y\u00fcr\u00fcten Savc\u0131 Zekeriye \u00d6z&#8217;\u00fcn talimat\u0131yla, Ergenekon tutuklusu gazeteci Ahmet \u015e\u0131k&#8217;\u0131n kitab\u0131n\u0131 yay\u0131mlayaca\u011f\u0131 d\u00fc\u015f\u00fcn\u00fclen \u0130thaki Yay\u0131nevi&#8217;ne bask\u0131n yapt\u0131.<\/p>\n","protected":false},"author":1,"featured_media":0,"comment_status":"open","ping_status":"closed","sticky":false,"template":"","format":"standard","meta":{"footnotes":""},"categories":[105],"tags":[],"class_list":["post-29643","post","type-post","status-publish","format-standard","hentry","category-gundem","odd"],"_links":{"self":[{"href":"http:\/\/www.korhanyilmaz.com\/index.php?rest_route=\/wp\/v2\/posts\/29643","targetHints":{"allow":["GET"]}}],"collection":[{"href":"http:\/\/www.korhanyilmaz.com\/index.php?rest_route=\/wp\/v2\/posts"}],"about":[{"href":"http:\/\/www.korhanyilmaz.com\/index.php?rest_route=\/wp\/v2\/types\/post"}],"author":[{"embeddable":true,"href":"http:\/\/www.korhanyilmaz.com\/index.php?rest_route=\/wp\/v2\/users\/1"}],"replies":[{"embeddable":true,"href":"http:\/\/www.korhanyilmaz.com\/index.php?rest_route=%2Fwp%2Fv2%2Fcomments&post=29643"}],"version-history":[{"count":0,"href":"http:\/\/www.korhanyilmaz.com\/index.php?rest_route=\/wp\/v2\/posts\/29643\/revisions"}],"wp:attachment":[{"href":"http:\/\/www.korhanyilmaz.com\/index.php?rest_route=%2Fwp%2Fv2%2Fmedia&parent=29643"}],"wp:term":[{"taxonomy":"category","embeddable":true,"href":"http:\/\/www.korhanyilmaz.com\/index.php?rest_route=%2Fwp%2Fv2%2Fcategories&post=29643"},{"taxonomy":"post_tag","embeddable":true,"href":"http:\/\/www.korhanyilmaz.com\/index.php?rest_route=%2Fwp%2Fv2%2Ftags&post=29643"}],"curies":[{"name":"wp","href":"https:\/\/api.w.org\/{rel}","templated":true}]}}