{"id":29628,"date":"2011-03-23T22:24:36","date_gmt":"2011-03-23T20:24:36","guid":{"rendered":"http:\/\/www.korhanyilmaz.com\/?p=29628"},"modified":"2011-03-23T22:24:36","modified_gmt":"2011-03-23T20:24:36","slug":"davutoglu-libyada-hacliya-karsi","status":"publish","type":"post","link":"http:\/\/www.korhanyilmaz.com\/?p=29628","title":{"rendered":"Davuto\u011flu Libya&#8217;da &#8220;Ha\u00e7l\u0131&#8221;ya kar\u015f\u0131"},"content":{"rendered":"<p style=\"text-align: justify;\"><a href=\"http:\/\/www.korhanyilmaz.com\/wp-content\/uploads\/2011\/03\/358.jpg\"  class=\"lightview\"><img loading=\"lazy\" decoding=\"async\" class=\"aligncenter size-full wp-image-29629\" src=\"http:\/\/www.korhanyilmaz.com\/wp-content\/uploads\/2011\/03\/358.jpg\" alt=\"\" width=\"307\" height=\"236\" \/><\/a><\/p>\n<p style=\"text-align: justify;\">D\u0131\u015fi\u015fleri Bakan\u0131 Ahmet Davuto\u011flu, Libya&#8217;ya d\u00fczenlenen operasyonun komuta ve kontrol sisteminin tamam\u0131yla NATO taraf\u0131ndan \u00fcstlenilmesi gerekti\u011fini s\u00f6yledi. Davuto\u011flu, &#8220;&#8216;Ha\u00e7l\u0131&#8217; kavramlar\u0131 gibi y\u00fcr\u00fct\u00fclen bir operasyonun sorumlulu\u011funu payla\u015fmam\u0131z m\u00fcmk\u00fcn de\u011fildir&#8221; diye konu\u015ftu.<!--more--><\/p>\n<p style=\"text-align: justify;\">Ahmet Davuto\u011flu, BAE D\u0131\u015fi\u015fleri Bakan\u0131 \u015eeyh Abdullah bin Zayid el Nahyan ile konutunda yapt\u0131\u011f\u0131 g\u00f6r\u00fc\u015fmenin ard\u0131ndan bas\u0131n toplant\u0131s\u0131 d\u00fczenledi.<\/p>\n<p style=\"text-align: justify;\">Libya&#8217;da BM G\u00fcvenlik Konseyi&#8217;nin ald\u0131\u011f\u0131 1973 say\u0131l\u0131 karar \u00e7er\u00e7evesinde ate\u015fkesin acilen sa\u011flanmas\u0131 gerekti\u011fini belirten Davuto\u011flu, bu \u00e7er\u00e7evedeki temaslar\u0131n\u0131n s\u00fcrd\u00fc\u011f\u00fcn\u00fc belirterek, NATO i\u00e7indeki m\u00fczakerelerin devam etti\u011fini belirtti.<\/p>\n<p style=\"text-align: justify;\">Biraz \u00f6nce NATO Genel Sekreteri Anders Fogh Rasmussen ile g\u00f6r\u00fc\u015ft\u00fc\u011f\u00fcn\u00fc kaydeden Davuto\u011flu, &#8220;Biraz sonra da kendi talepleri \u00fczerine ki Genel Sekreterin de kendi talebiydi, Frans\u0131z, \u0130ngiliz ve Amerikan d\u0131\u015fi\u015fleri bakanlar\u0131yla g\u00f6r\u00fc\u015fmeler ger\u00e7ekle\u015ftirece\u011fim&#8221; dedi.<\/p>\n<p style=\"text-align: justify;\">NATO&#8217;nun Libya&#8217;da \u00fcstlenece\u011fi rol konusundaki tutumlar\u0131n\u0131n a\u00e7\u0131k oldu\u011funu dile getiren Davuto\u011flu \u015f\u00f6yle konu\u015ftu: &#8220;Biz b\u00f6ylesi bir operasyonun komuta ve kontrol sisteminin tamam\u0131yla NATO taraf\u0131ndan \u00fcstlenilmesi ve sadece NATO yetkililerince koordineli olarak y\u00fcr\u00fct\u00fclmesi gerekti\u011fini d\u00fc\u015f\u00fcn\u00fcyoruz. Ve b\u00fct\u00fcn bu operasyonun BM G\u00fcvenlik Konseyi prensipleri etraf\u0131nda ate\u015fkesi sa\u011flay\u0131c\u0131, sivil kay\u0131plar\u0131 \u00f6nleyici nitelikte olmas\u0131 elzemdir ve gereklidir.<\/p>\n<p style=\"text-align: justify;\">Bir taraftan NATO g\u00f6revi \u00fcstlenirken di\u011fer taraftan buna paralel ve ayr\u0131 bir operasyonun koalisyon g\u00fc\u00e7lerince y\u00fcr\u00fct\u00fclmesini do\u011fru bulmay\u0131z. Hele hele baz\u0131 yetkililerce son derece yanl\u0131\u015f bir \u015fekilde kullan\u0131lan &#8216;Ha\u00e7l\u0131&#8217; kavramlar\u0131 gibi kavramlarla y\u00fcr\u00fct\u00fclen bir operasyonun sorumlulu\u011funu payla\u015fmam\u0131z m\u00fcmk\u00fcn de\u011fildir&#8221; diye konu\u015ftu.<\/p>\n<p style=\"text-align: justify;\"><strong>NATO m\u00fcdahalesi tart\u0131\u015fmas\u0131<\/strong><\/p>\n<p style=\"text-align: justify;\">Toplant\u0131da bas\u0131n mensuplar\u0131n\u0131n sorular\u0131n\u0131 da cevaplayan Davuto\u011flu, &#8220;yak\u0131n zamana kadar NATO&#8217;nun m\u00fcdahalesine kar\u015f\u0131 oldu\u011funu s\u00f6yleyen T\u00fcrkiye&#8217;nin \u015fimdi NATO&#8217;nun Libya&#8217;da operasyonu \u00fcstlenmesini istemesinin nedeninin&#8221; sorulmas\u0131 \u00fczerine, T\u00fcrkiye&#8217;nin ba\u015f\u0131ndan beri b\u00fct\u00fcn bu konulardaki tutumunun, ilkeli ve tutarl\u0131 oldu\u011funu s\u00f6yledi.<\/p>\n<p style=\"text-align: justify;\">D\u0131\u015fi\u015fleri Bakan\u0131 Davuto\u011flu, &#8220;NATO s\u00f6zc\u00fclerinden T\u00fcrkiye&#8217;nin kayg\u0131lar\u0131n\u0131n k\u0131smen giderildi\u011fi a\u00e7\u0131klamalar\u0131 geliyor. T\u00fcrkiye&#8217;nin giderilen bu kayg\u0131lar\u0131 nedir?&#8221; sorusunu y\u00f6nelten gazeteciye, \u015fu yan\u0131t\u0131 verdi:<\/p>\n<p style=\"text-align: justify;\">&#8220;\u0130lkesel a\u00e7\u0131dan bak\u0131ld\u0131\u011f\u0131nda; bu harekat\u0131n sadece ve sadece BM G\u00fcvenlik Konseyi kararlar\u0131n\u0131n uygulanmas\u0131na d\u00f6n\u00fck olmas\u0131, yani sivillerin korunmas\u0131, silah ambargosu uygulanmas\u0131, insani yard\u0131m\u0131n eri\u015fimin sa\u011flanmas\u0131 ve sivillerin korunmas\u0131 i\u00e7in \u00fcst u\u00e7u\u015f yasa\u011f\u0131n\u0131n uygulanmas\u0131, yoksa daha \u00f6teye giden bir \u00e7er\u00e7eve ta\u015f\u0131mamas\u0131. \u0130kinci olarak usul bak\u0131m\u0131ndan bizim \u00e7ok ciddi kayg\u0131lar\u0131m\u0131z var. Biz b\u00fct\u00fcn bu \u00e7al\u0131\u015fmalar\u0131n BM \u015femsiyesi alt\u0131nda, BM mekanizmalar\u0131 i\u00e7inde ve bu \u00e7er\u00e7evede NATO&#8217;nun kontrol\u00fc alt\u0131nda olmas\u0131n\u0131 istiyoruz.<\/p>\n<p style=\"text-align: justify;\">Hi\u00e7bir \u00fclke ya da \u00fclkeler grubunun tek tarafl\u0131 inisiyatifine b\u0131rak\u0131lamaz. Biraz \u00f6nce de Say\u0131n Genel Sekreter Rasmussen ile g\u00f6r\u00fc\u015ft\u00fcm, bir form\u00fcl aray\u0131\u015f\u0131 var. Ama ilkesel pozisyonumuz \u015fudur; iki kanal, iki komuta sistemi olmamal\u0131 ve kullan\u0131lacak dil dahil olmak \u00fczere, &#8216;Ha\u00e7l\u0131 seferleri&#8217; veya &#8216;Bat\u0131 ittifak\u0131&#8217; gibi kutupla\u015ft\u0131r\u0131c\u0131 dillerden uzak kal\u0131nmas\u0131, sadece BM&#8217;nin evrensel dilinin kullan\u0131lmas\u0131. Biz Libyal\u0131 karde\u015flerimizin korunmas\u0131 i\u00e7in her t\u00fcrl\u00fc katk\u0131y\u0131 yapar\u0131z. Her t\u00fcrl\u00fc fedakarl\u0131\u011f\u0131 yapar\u0131z. Ama b\u00f6lgede kutupla\u015ft\u0131r\u0131c\u0131 bir dilin kullan\u0131lmas\u0131na ve b\u00f6yle bir kutupla\u015ft\u0131r\u0131c\u0131 ve taraf olu\u015fturucu operasyonun yap\u0131lmas\u0131na b\u00fct\u00fcn imkanlar\u0131m\u0131zla kar\u015f\u0131 \u00e7\u0131kar\u0131z.<\/p>\n<p style=\"text-align: justify;\">Hele hele Ha\u00e7l\u0131 seferleri gibi s\u00f6ylemlerle bir harekat\u0131n me\u015fru k\u0131l\u0131nmas\u0131 m\u00fcmk\u00fcn de\u011fildir, buna izin vermeyiz. Bunun i\u00e7in b\u00fct\u00fcn \u00e7al\u0131\u015fmalar\u0131n tek bir \u015femsiye alt\u0131nda toplanmas\u0131 ve tek tarafl\u0131 inisiyatiflere b\u0131rak\u0131lmamas\u0131 \u00f6nem ta\u015f\u0131yor. Bunu elde edinceye kadar m\u00fczakereleri s\u00fcrd\u00fcrece\u011fiz. Kimse T\u00fcrkiye&#8217;yi bu \u00e7al\u0131\u015fmalar\u0131 bloke eden bir \u00fclke gibi g\u00f6stermemeli, bu yanl\u0131\u015f bir kanaattir. Bu \u00e7al\u0131\u015fmalara de\u011fil b\u00f6ylesi bir \u00fcsluba kar\u015f\u0131 \u00e7\u0131kar\u0131z. Yoksa b\u00fct\u00fcn o objektif hareket planlamalar\u0131nda T\u00fcrkiye gereken katk\u0131y\u0131 yapm\u0131\u015ft\u0131r. Bunu bloke eden T\u00fcrkiye de\u011fil, bu \u00fcslubu s\u00fcrd\u00fcrmek isteyen taraflard\u0131r. Belki bir uzun gece daha ya\u015far\u0131z, ama T\u00fcrkiye&#8217;nin kayg\u0131lar\u0131 giderilinceye kadar da pozisyonumuzu s\u00fcrd\u00fcr\u00fcr, g\u00f6r\u00fc\u015fmelerimizi y\u00fcr\u00fct\u00fcr\u00fcz.&#8221;<\/p>\n<p style=\"text-align: justify;\">Ha\u00e7l\u0131 tart\u0131\u015fmas\u0131n\u0131 Rusya Ba\u015fbakan\u0131 Vladimir Putin g\u00fcndeme getirmi\u015fti. Putin, BM G\u00fcvenlik Konseyi&#8217;nin Libya&#8217;ya askeri m\u00fcdahaleyi destekleyen karar\u0131n\u0131n &#8220;Orta \u00c7a\u011f&#8217;daki Ha\u00e7l\u0131 Seferleri \u00e7a\u011fr\u0131s\u0131na benzedi\u011fini&#8221; s\u00f6ylemi\u015fti. <a href=\"http:\/\/www.korhanyilmaz.com\/?p=29625\"><span style=\"background-color: #ffcc99;\">&gt;&gt;<\/span><\/a><\/p>\n<p style=\"text-align: justify;\"><a href=\"http:\/\/www.cnnturk.com\/2011\/turkiye\/03\/23\/davutoglu.libyada.hacliya.karsi\/610939.0\/index.html\" target=\"_blank\">CNN T\u00dcRK<\/a><\/p>\n","protected":false},"excerpt":{"rendered":"<p style=\"text-align: justify;\">\n<p style=\"text-align: justify;\">D\u0131\u015fi\u015fleri Bakan\u0131 Ahmet Davuto\u011flu, Libya&#8217;ya d\u00fczenlenen operasyonun komuta ve kontrol sisteminin tamam\u0131yla NATO taraf\u0131ndan \u00fcstlenilmesi gerekti\u011fini s\u00f6yledi. Davuto\u011flu, &#8220;&#8216;Ha\u00e7l\u0131&#8217; kavramlar\u0131 gibi y\u00fcr\u00fct\u00fclen bir operasyonun sorumlulu\u011funu payla\u015fmam\u0131z m\u00fcmk\u00fcn de\u011fildir&#8221; diye konu\u015ftu.<\/p>\n","protected":false},"author":1,"featured_media":0,"comment_status":"open","ping_status":"closed","sticky":false,"template":"","format":"standard","meta":{"footnotes":""},"categories":[105],"tags":[],"class_list":["post-29628","post","type-post","status-publish","format-standard","hentry","category-gundem","odd"],"_links":{"self":[{"href":"http:\/\/www.korhanyilmaz.com\/index.php?rest_route=\/wp\/v2\/posts\/29628","targetHints":{"allow":["GET"]}}],"collection":[{"href":"http:\/\/www.korhanyilmaz.com\/index.php?rest_route=\/wp\/v2\/posts"}],"about":[{"href":"http:\/\/www.korhanyilmaz.com\/index.php?rest_route=\/wp\/v2\/types\/post"}],"author":[{"embeddable":true,"href":"http:\/\/www.korhanyilmaz.com\/index.php?rest_route=\/wp\/v2\/users\/1"}],"replies":[{"embeddable":true,"href":"http:\/\/www.korhanyilmaz.com\/index.php?rest_route=%2Fwp%2Fv2%2Fcomments&post=29628"}],"version-history":[{"count":0,"href":"http:\/\/www.korhanyilmaz.com\/index.php?rest_route=\/wp\/v2\/posts\/29628\/revisions"}],"wp:attachment":[{"href":"http:\/\/www.korhanyilmaz.com\/index.php?rest_route=%2Fwp%2Fv2%2Fmedia&parent=29628"}],"wp:term":[{"taxonomy":"category","embeddable":true,"href":"http:\/\/www.korhanyilmaz.com\/index.php?rest_route=%2Fwp%2Fv2%2Fcategories&post=29628"},{"taxonomy":"post_tag","embeddable":true,"href":"http:\/\/www.korhanyilmaz.com\/index.php?rest_route=%2Fwp%2Fv2%2Ftags&post=29628"}],"curies":[{"name":"wp","href":"https:\/\/api.w.org\/{rel}","templated":true}]}}