{"id":29625,"date":"2011-03-22T08:53:14","date_gmt":"2011-03-22T06:53:14","guid":{"rendered":"http:\/\/www.korhanyilmaz.com\/?p=29625"},"modified":"2011-03-22T08:53:14","modified_gmt":"2011-03-22T06:53:14","slug":"putin-libyaya-mudahale-hacli-seferi-cagrisi","status":"publish","type":"post","link":"http:\/\/www.korhanyilmaz.com\/?p=29625","title":{"rendered":"Putin: &#8220;Libya&#8217;ya m\u00fcdahale Ha\u00e7l\u0131 Seferi \u00e7a\u011fr\u0131s\u0131&#8230;&#8221;"},"content":{"rendered":"<p style=\"text-align: center;\"><a href=\"http:\/\/www.korhanyilmaz.com\/wp-content\/uploads\/2011\/03\/357.jpg\"  class=\"lightview\"><img loading=\"lazy\" decoding=\"async\" class=\"aligncenter size-full wp-image-29626\" src=\"http:\/\/www.korhanyilmaz.com\/wp-content\/uploads\/2011\/03\/357.jpg\" alt=\"\" width=\"303\" height=\"238\" \/><\/a><\/p>\n<p style=\"text-align: justify;\">Rusya Ba\u015fbakan\u0131 Vladimir Putin, BM G\u00fcvenlik Konseyi&#8217;nin Libya&#8217;ya askeri m\u00fcdahaleyi destekleyen karar\u0131n\u0131n &#8220;Orta \u00c7a\u011f&#8217;daki Ha\u00e7l\u0131 Seferleri \u00e7a\u011fr\u0131s\u0131na benzedi\u011fini&#8221; s\u00f6yledi. Rusya Devlet Ba\u015fkan\u0131 Dimitriy Medvedev ise &#8220;Ha\u00e7l\u0131 seferi&#8221; \u015feklinde de\u011ferlendirmelerin yap\u0131lmamas\u0131 gerekti\u011fini s\u00f6yledi. <!--more--><\/p>\n<p style=\"text-align: justify;\">Putin, Rusya&#8217;n\u0131n Uzakdo\u011fu b\u00f6lgesindeki Votkinsk&#8217;te balistik f\u00fcze fabrikas\u0131nda \u00e7al\u0131\u015fan i\u015f\u00e7ilerle konu\u015fmas\u0131 s\u0131ras\u0131nda yapt\u0131\u011f\u0131 a\u00e7\u0131klamada, &#8220;G\u00fcvenlik Konseyi&#8217;nin karar\u0131 eksik ve hatal\u0131. Her \u015feye izin veren bu karar Orta \u00c7a\u011f&#8217;daki Ha\u00e7l\u0131 Seferlerine daveti an\u0131msat\u0131yor. Bu karar asl\u0131nda ba\u011f\u0131ms\u0131z bir devletin i\u015fgaline izin veriyor&#8221; diye konu\u015ftu.<\/p>\n<p style=\"text-align: justify;\">Rusya&#8217;n\u0131n bu karar\u0131 desteklemedi\u011fini ifade eden Putin, &#8220;Muammer Kaddafi rejimi demokrasi kriterlerine uymuyor, ama yine de bu kimseye, i\u00e7 siyasi sorunlar\u0131na m\u00fcdahale hakk\u0131n\u0131 vermiyor&#8221; dedi.<\/p>\n<p style=\"text-align: justify;\">ABD&#8217;nin g\u00fc\u00e7 kullanma kararlar\u0131n\u0131 uluslararas\u0131 arenada bu kadar kolay alabilmesinden endi\u015fe duydu\u011funu ve Libya&#8217;daki olaylar\u0131n Rusya&#8217;n\u0131n savunma kapasitesini g\u00fc\u00e7lendirmek zorunda oldu\u011funu g\u00f6sterdi\u011fini ifade eden Putin, &#8220;ABD&#8217;nin siyaseti (ba\u015fka \u00fclkelerin i\u00e7i\u015flerine m\u00fcdahale) istikrarl\u0131 bir e\u011filim kazanmakta&#8221; diye konu\u015ftu.<\/p>\n<p style=\"text-align: justify;\">Eski ABD Ba\u015fkan\u0131 Bill Clinton&#8217;\u0131n g\u00f6revi s\u0131ras\u0131nda Belgrad&#8217;\u0131, Bush y\u00f6netimlerinin de Irak ve Afganistan&#8217;\u0131 bombalad\u0131\u011f\u0131n\u0131 s\u00f6yleyen Putin, \u015f\u00f6yle kaydetti: &#8220;S\u0131rada sivil n\u00fcfusun korunmas\u0131 bahanesiyle Libya var. Mant\u0131k ve vicdan nerede acaba&#8230; \u0130kisi de yok.&#8221;<\/p>\n<p style=\"text-align: justify;\">Rusya Ba\u015fbakan\u0131 Vladimir Putin de &#8220;Libya&#8217;da demokrasi olmamas\u0131, m\u00fcdahaleyi gerektirmez&#8221; dedi.<\/p>\n<p style=\"text-align: justify;\"><strong>Medvedev&#8217;den Putin&#8217;e &#8220;ha\u00e7l\u0131&#8221; \u00e7\u0131k\u0131\u015f\u0131 <\/strong><\/p>\n<p style=\"text-align: justify;\">Bu arada Rusya Devlet Ba\u015fkan\u0131 Dimitriy Medvedev, Libya&#8217;ya y\u00f6nelik operasyonla ilgili olarak medeniyetler \u00e7at\u0131\u015fmas\u0131na yol a\u00e7abilecek, &#8220;Ha\u00e7l\u0131 seferi&#8221; \u015fekilinde de\u011ferlendirmelerin yap\u0131lmamas\u0131 gerekti\u011fini s\u00f6yledi.<\/p>\n<p style=\"text-align: justify;\">Medvedev, bir ka\u00e7 saat \u00f6nce bat\u0131n\u0131n Libya&#8217;ya y\u00f6nelik m\u00fcdahalesini &#8220;Ha\u00e7l\u0131 seferi \u00e7a\u011fr\u0131s\u0131 gibi&#8221; \u015feklinde de\u011ferlendiren Rusya Ba\u015fbakan\u0131 Vladimir Putin&#8217;in ad\u0131n\u0131 anmadan, &#8220;Ha\u00e7l\u0131 seferi&#8221; \u015feklindeki ibarelerin kabul edilemez oldu\u011funu s\u00f6yledi.<\/p>\n<p style=\"text-align: justify;\">Kremlin&#8217;de gazetecilerle konu\u015fan Medvedev, konu\u015fmas\u0131na \u00f6ncelikle Libya&#8217;daki geli\u015fmeleri de\u011ferlendirerek ba\u015flamak istedi\u011fini belirterek, &#8220;Hepimizin de\u011ferlendirmelerimizde dikkatli olmas\u0131 gerekti\u011fine inan\u0131yorum. Ha\u00e7l\u0131 seferi gibi \u00f6z\u00fcnde medeniyetler \u00e7at\u0131\u015fmas\u0131na yol a\u00e7abilecek ifadeleri hi\u00e7 bir \u015fekilde kullanmamal\u0131y\u0131z. Bu kabul edilemez. Aksi halde her \u015fey \u00e7ok daha k\u00f6t\u00fcye gidebilir&#8221; dedi.<\/p>\n<p style=\"text-align: justify;\">Rusya&#8217;n\u0131n ba\u015f\u0131ndan beri Libya sorununun bar\u0131\u015f\u00e7\u0131l yollardan \u00e7\u00f6z\u00fclmesini istedi\u011fini kaydeden Medvedev, &#8220;Ayn\u0131 zamanda mevcut durumu izlerken Libya h\u00fck\u00fcmetinin kendi halk\u0131na y\u00f6nelik hareketini de kararl\u0131 bir \u015fekilde k\u0131nad\u0131k. Ayr\u0131ca Rusya bu nedenle BM G\u00fcvenlik Konseyi&#8217;nin 1970 nolu karar\u0131n\u0131 desteklerken, 1973 nolu karar\u0131nda \u00e7ekimser kald\u0131&#8221; diye konu\u015ftu.<\/p>\n<p style=\"text-align: justify;\">Moskova&#8217;n\u0131n t\u00fcm bu ad\u0131mlar\u0131 sivilleri korumak ve \u015fiddetin daha fazla yay\u0131lmas\u0131n\u0131 \u00f6nlemek i\u00e7in att\u0131\u011f\u0131n\u0131 kaydeden Medvedev, &#8220;Ancak biz BM G\u00fcvenlik Konseyi kararlar\u0131n\u0131n kesinlikle bar\u0131\u015f\u0131 g\u00fc\u00e7lendirici, i\u00e7 sava\u015f\u0131 engelleme, \u015fiddetin t\u0131rmanmas\u0131n\u0131 ve sivillerin \u00f6l\u00fcm\u00fcn\u00fc \u00f6nlemesi gerekti\u011fine inan\u0131yoruz. Ancak \u015fu anda olaylar\u0131n cereyan etti\u011fi tarz ger\u00e7ek bir askeri harekat ve buna ger\u00e7ekten izin veremeyiz&#8221; ifadesini kulland\u0131.<\/p>\n<p style=\"text-align: justify;\"><strong>\u0130lk kez do\u011frudan ele\u015ftirdi <\/strong><\/p>\n<p style=\"text-align: justify;\">Gazetecilerin daha sonra Kremlin Bas\u0131n S\u00f6zc\u00fcs\u00fc Natalya Timakova&#8217;ya Medvedev&#8217;in &#8220;Ha\u00e7l\u0131 seferi&#8221; ifadeleriyle kimi kastetti\u011fi yolundaki sorusu \u00fczerine, &#8220;Say\u0131n Medvedev (Libya lideri Muammer) Kaddafi ve bu tip terimler kullanan herkesi kastetti&#8221; yan\u0131t\u0131n\u0131 verdi.<\/p>\n<p style=\"text-align: justify;\">Analistler, 2012 y\u0131l\u0131nda devlet ba\u015fkanl\u0131\u011f\u0131 se\u00e7imlerinin yap\u0131laca\u011f\u0131 Rusya&#8217;da Medvedev&#8217;in ilk kez Putin&#8217;i bu kadar do\u011frudan ele\u015ftirdi\u011fine dikkat \u00e7ekiyorlar.<\/p>\n<p style=\"text-align: justify;\">&#8220;Russia in Global Affairs&#8221; dergisi edit\u00f6r\u00fc Fyodor Lukyanov, \u015fu ana kadar Putin ve Medvedev tandemiyle ilgili spek\u00fclasyonlardan rahats\u0131z oldu\u011funu belirterek, &#8220;Ancak \u015fimdi bana pozisyonlar\u0131nda ilk defa ciddi bir ayr\u0131l\u0131k var gibi geliyor&#8221; dedi.<\/p>\n<p style=\"text-align: justify;\"><a href=\"http:\/\/www.cnnturk.com\/2011\/dunya\/03\/21\/putin.libyaya.mudahale.hacli.seferi.cagrisi\/610647.0\/index.html\" target=\"_blank\">CNN T\u00dcRK<\/a><\/p>\n","protected":false},"excerpt":{"rendered":"<p style=\"text-align: center;\">\n<p style=\"text-align: justify;\">Rusya Ba\u015fbakan\u0131 Vladimir Putin, BM G\u00fcvenlik Konseyi&#8217;nin Libya&#8217;ya askeri m\u00fcdahaleyi destekleyen karar\u0131n\u0131n &#8220;Orta \u00c7a\u011f&#8217;daki Ha\u00e7l\u0131 Seferleri \u00e7a\u011fr\u0131s\u0131na benzedi\u011fini&#8221; s\u00f6yledi. Rusya Devlet Ba\u015fkan\u0131 Dimitriy Medvedev ise &#8220;Ha\u00e7l\u0131 seferi&#8221; \u015feklinde de\u011ferlendirmelerin yap\u0131lmamas\u0131 gerekti\u011fini s\u00f6yledi. <\/p>\n","protected":false},"author":1,"featured_media":0,"comment_status":"open","ping_status":"closed","sticky":false,"template":"","format":"standard","meta":{"footnotes":""},"categories":[105],"tags":[],"class_list":["post-29625","post","type-post","status-publish","format-standard","hentry","category-gundem","odd"],"_links":{"self":[{"href":"http:\/\/www.korhanyilmaz.com\/index.php?rest_route=\/wp\/v2\/posts\/29625","targetHints":{"allow":["GET"]}}],"collection":[{"href":"http:\/\/www.korhanyilmaz.com\/index.php?rest_route=\/wp\/v2\/posts"}],"about":[{"href":"http:\/\/www.korhanyilmaz.com\/index.php?rest_route=\/wp\/v2\/types\/post"}],"author":[{"embeddable":true,"href":"http:\/\/www.korhanyilmaz.com\/index.php?rest_route=\/wp\/v2\/users\/1"}],"replies":[{"embeddable":true,"href":"http:\/\/www.korhanyilmaz.com\/index.php?rest_route=%2Fwp%2Fv2%2Fcomments&post=29625"}],"version-history":[{"count":0,"href":"http:\/\/www.korhanyilmaz.com\/index.php?rest_route=\/wp\/v2\/posts\/29625\/revisions"}],"wp:attachment":[{"href":"http:\/\/www.korhanyilmaz.com\/index.php?rest_route=%2Fwp%2Fv2%2Fmedia&parent=29625"}],"wp:term":[{"taxonomy":"category","embeddable":true,"href":"http:\/\/www.korhanyilmaz.com\/index.php?rest_route=%2Fwp%2Fv2%2Fcategories&post=29625"},{"taxonomy":"post_tag","embeddable":true,"href":"http:\/\/www.korhanyilmaz.com\/index.php?rest_route=%2Fwp%2Fv2%2Ftags&post=29625"}],"curies":[{"name":"wp","href":"https:\/\/api.w.org\/{rel}","templated":true}]}}