{"id":29621,"date":"2011-03-23T15:15:51","date_gmt":"2011-03-23T13:15:51","guid":{"rendered":"http:\/\/www.korhanyilmaz.com\/?p=29621"},"modified":"2011-03-23T15:15:51","modified_gmt":"2011-03-23T13:15:51","slug":"baykala-komplo-kuruldugu-tespit-edilmistir","status":"publish","type":"post","link":"http:\/\/www.korhanyilmaz.com\/?p=29621","title":{"rendered":"&#8220;Baykal&#8217;a komplo kuruldu\u011fu tespit edilmi\u015ftir&#8221;"},"content":{"rendered":"<p style=\"text-align: center;\"><a href=\"http:\/\/www.korhanyilmaz.com\/wp-content\/uploads\/2011\/03\/356.jpg\"  class=\"lightview\"><img loading=\"lazy\" decoding=\"async\" class=\"aligncenter size-full wp-image-29622\" src=\"http:\/\/www.korhanyilmaz.com\/wp-content\/uploads\/2011\/03\/356.jpg\" alt=\"\" width=\"311\" height=\"233\" \/><\/a><\/p>\n<p style=\"text-align: justify;\">Deniz Baykal&#8217;\u0131n avukat\u0131 Muzaffer Y\u0131lmaz, &#8221;Savc\u0131l\u0131\u011f\u0131n vermi\u015f oldu\u011fu bilgi ve belgelerde, bizzat iddia sahibi bayan\u0131n yapm\u0131\u015f oldu\u011fu telefon g\u00f6r\u00fc\u015fmelerinden Deniz Baykal&#8217;a y\u00f6nelik ne \u015fekilde tuzak ve komplo kuruldu\u011fu tart\u0131\u015fmas\u0131z olarak tespit edilmi\u015ftir&#8221; dedi.<!--more--><\/p>\n<p style=\"text-align: justify;\">Avukat Y\u0131lmaz, yapt\u0131\u011f\u0131 yaz\u0131l\u0131 a\u00e7\u0131klamada, m\u00fcvekkili Deniz Baykal&#8217;a y\u00f6nelik kamuoyunda yer alan iddialar\u0131n ciddiyetten uzak oldu\u011funun, savc\u0131l\u0131ktan al\u0131nan bilgi ve belgelerden \u00e7ok a\u00e7\u0131k anla\u015f\u0131ld\u0131\u011f\u0131n\u0131 belirtti.<\/p>\n<p style=\"text-align: justify;\">Y\u0131lmaz, a\u00e7\u0131klamas\u0131nda, \u015funlar\u0131 kaydetti:<\/p>\n<p style=\"text-align: justify;\">&#8221;Al\u0131nan bilgi ve belgelerden Say\u0131n Deniz Baykal&#8217;a komplo kuruldu\u011fu; ancak Baykal&#8217;\u0131n bu komploya d\u00fc\u015fmedi\u011fi; bu duruma ra\u011fmen \u0131srarla iftiraya devam edildi\u011fi g\u00f6r\u00fclmektedir.<\/p>\n<p style=\"text-align: justify;\">Bu iftiray\u0131 ve komployu; s\u00f6zde gazeteci bayan dinlendi\u011fini d\u00fc\u015f\u00fcnmedi\u011fi bir telefon konu\u015fmas\u0131nda \u00e7ok a\u00e7\u0131k olarak anlatmaktad\u0131r.<\/p>\n<p style=\"text-align: justify;\">\u0130lgili bayan\u0131n yapm\u0131\u015f oldu\u011fu, komploya ili\u015fkin konu\u015fmalar\u0131n\u0131n, bas\u0131na servis edilmeyip; tek tarafl\u0131 iddia ve konu\u015fmalar\u0131n\u0131n bas\u0131na servis edilmesi ve m\u00fcvekkile iftira at\u0131lmas\u0131 da bu tertibin bir par\u00e7as\u0131d\u0131r.<\/p>\n<p style=\"text-align: justify;\">Sonu\u00e7 olarak; savc\u0131l\u0131\u011f\u0131n vermi\u015f oldu\u011fu bilgi ve belgelerde, bizzat iddia sahibi bayan\u0131n yapm\u0131\u015f oldu\u011fu telefon g\u00f6r\u00fc\u015fmelerinden Deniz Baykal&#8217;a y\u00f6nelik ne \u015fekilde tuzak ve komplo kuruldu\u011fu tart\u0131\u015fmas\u0131z olarak tespit edilmi\u015ftir.&#8221;<\/p>\n<p style=\"text-align: justify;\"><a href=\"http:\/\/www.gazeteport.com.tr\/GUNCEL\/NEWS\/GP_874475\" target=\"_blank\">Kaynak : GAZETEPORT<\/a><\/p>\n","protected":false},"excerpt":{"rendered":"<p style=\"text-align: center;\">\n<p style=\"text-align: justify;\">Deniz Baykal&#8217;\u0131n avukat\u0131 Muzaffer Y\u0131lmaz, &#8221;Savc\u0131l\u0131\u011f\u0131n vermi\u015f oldu\u011fu bilgi ve belgelerde, bizzat iddia sahibi bayan\u0131n yapm\u0131\u015f oldu\u011fu telefon g\u00f6r\u00fc\u015fmelerinden Deniz Baykal&#8217;a y\u00f6nelik ne \u015fekilde tuzak ve komplo kuruldu\u011fu tart\u0131\u015fmas\u0131z olarak tespit edilmi\u015ftir&#8221; dedi.<\/p>\n","protected":false},"author":1,"featured_media":0,"comment_status":"open","ping_status":"closed","sticky":false,"template":"","format":"standard","meta":{"footnotes":""},"categories":[105],"tags":[],"class_list":["post-29621","post","type-post","status-publish","format-standard","hentry","category-gundem","odd"],"_links":{"self":[{"href":"http:\/\/www.korhanyilmaz.com\/index.php?rest_route=\/wp\/v2\/posts\/29621","targetHints":{"allow":["GET"]}}],"collection":[{"href":"http:\/\/www.korhanyilmaz.com\/index.php?rest_route=\/wp\/v2\/posts"}],"about":[{"href":"http:\/\/www.korhanyilmaz.com\/index.php?rest_route=\/wp\/v2\/types\/post"}],"author":[{"embeddable":true,"href":"http:\/\/www.korhanyilmaz.com\/index.php?rest_route=\/wp\/v2\/users\/1"}],"replies":[{"embeddable":true,"href":"http:\/\/www.korhanyilmaz.com\/index.php?rest_route=%2Fwp%2Fv2%2Fcomments&post=29621"}],"version-history":[{"count":0,"href":"http:\/\/www.korhanyilmaz.com\/index.php?rest_route=\/wp\/v2\/posts\/29621\/revisions"}],"wp:attachment":[{"href":"http:\/\/www.korhanyilmaz.com\/index.php?rest_route=%2Fwp%2Fv2%2Fmedia&parent=29621"}],"wp:term":[{"taxonomy":"category","embeddable":true,"href":"http:\/\/www.korhanyilmaz.com\/index.php?rest_route=%2Fwp%2Fv2%2Fcategories&post=29621"},{"taxonomy":"post_tag","embeddable":true,"href":"http:\/\/www.korhanyilmaz.com\/index.php?rest_route=%2Fwp%2Fv2%2Ftags&post=29621"}],"curies":[{"name":"wp","href":"https:\/\/api.w.org\/{rel}","templated":true}]}}