{"id":29617,"date":"2011-03-23T16:13:43","date_gmt":"2011-03-23T14:13:43","guid":{"rendered":"http:\/\/www.korhanyilmaz.com\/?p=29617"},"modified":"2011-03-23T16:13:43","modified_gmt":"2011-03-23T14:13:43","slug":"mhpden-tusiada-sert-tepki","status":"publish","type":"post","link":"http:\/\/www.korhanyilmaz.com\/?p=29617","title":{"rendered":"MHP&#8217;den T\u00dcS\u0130AD&#8217;a sert tepki"},"content":{"rendered":"<p style=\"text-align: justify;\"><a href=\"http:\/\/www.korhanyilmaz.com\/wp-content\/uploads\/2011\/03\/355.jpg\"  class=\"lightview\"><img loading=\"lazy\" decoding=\"async\" class=\"aligncenter size-full wp-image-29618\" src=\"http:\/\/www.korhanyilmaz.com\/wp-content\/uploads\/2011\/03\/355.jpg\" alt=\"\" width=\"336\" height=\"224\" \/><\/a><\/p>\n<p style=\"text-align: justify;\">&#8220;Oturmu\u015flar orada \u0131smarlama anayasa yap\u0131yorlar. Bu anayasan\u0131n Erdo\u011fan&#8217;\u0131n haz\u0131rlad\u0131\u011f\u0131 anayasadan ne fark\u0131 var? Senaryo ayn\u0131&#8230;&#8221;<\/p>\n<p style=\"text-align: justify;\">\u0130ZM\u0130R- MHP Grup Ba\u015fkanvekili Oktay Vural, T\u00dcS\u0130AD&#8217;\u0131n anayasa \u00f6nerisine ili\u015fkin, &#8221;Oturmu\u015flar orada \u0131smarlama anayasa yap\u0131yorlar. B\u00f6yle bir \u015fey olabilir mi? Bu anayasan\u0131n Erdo\u011fan&#8217;\u0131n haz\u0131rlad\u0131\u011f\u0131 anayasadan ne fark\u0131 var?&#8221; dedi. <!--more--><\/p>\n<p style=\"text-align: justify;\">Vural, MHP \u0130zmir \u0130l Ba\u015fkanl\u0131\u011f\u0131nda d\u00fczenledi\u011fi bas\u0131n toplant\u0131s\u0131nda, partisinden yeniden \u0130zmir birinci b\u00f6lge aday aday\u0131 oldu\u011funu s\u00f6yledi.<\/p>\n<p style=\"text-align: justify;\">MHP olarak 1999 y\u0131l\u0131nda 3, 2007 se\u00e7imlerinde ise 4 milletvekiliyle \u0130zmir&#8217;den temsil edildiklerini, partisinin \u0130zmir&#8217;de y\u00fckselen y\u0131ld\u0131z oldu\u011funu belirten Vural, &#8221;Aday oldum \u00e7\u00fcnk\u00fc T\u00fcrkiye&#8217;nin MHP&#8217;ye ihtiyac\u0131 var. T\u00fcrkiye&#8217;nin \u0130zmirlinin duru\u015funa, bu duru\u015fun TBMM&#8217;de temsiline ihtiyac\u0131 var&#8221;diye konu\u015ftu.<\/p>\n<p style=\"text-align: justify;\">Vural, T\u00fcrkiye&#8217;nin kritik bir s\u00fcre\u00e7ten ge\u00e7ti\u011fini, Cumhuriyetin kuruldu\u011fu temellerin sars\u0131ld\u0131\u011f\u0131n\u0131, milli kimli\u011fin ayr\u0131\u015ft\u0131r\u0131ld\u0131\u011f\u0131n\u0131, insanlar\u0131n yoksulla\u015ft\u0131r\u0131ld\u0131\u011f\u0131n\u0131, bu gidi\u015fata dur demenin vaktinin geldi\u011fini savundu.<\/p>\n<p style=\"text-align: justify;\">\u0130zmir&#8217;in hem merkezi hem de yerel y\u00f6netimden nasibini alamad\u0131\u011f\u0131n\u0131 \u00f6ne s\u00fcren Vural, &#8221;H\u00fck\u00fcmetin kente \u015fa\u015f\u0131 bakt\u0131\u011f\u0131n\u0131&#8221;, \u0130zmir&#8217;in 2002 y\u0131l\u0131nda toplam yat\u0131r\u0131mlardan y\u00fczde 2.8 pay al\u0131rken, bu oran\u0131n \u015fimdi 1.4&#8217;e d\u00fc\u015ft\u00fc\u011f\u00fcn\u00fc s\u00f6yledi.<\/p>\n<p style=\"text-align: justify;\">Ba\u015fbakan Recep Tayyip Erdo\u011fan&#8217;\u0131n 6 Martta \u0130zmir&#8217;de yapt\u0131\u011f\u0131 konu\u015fmada, &#8221;kentin hak etti\u011fini alamad\u0131\u011f\u0131 y\u00f6n\u00fcndeki ele\u015ftirilerin do\u011fru olmad\u0131\u011f\u0131n\u0131&#8221; s\u00f6yledi\u011fini, hi\u00e7bir sanayicinin de bunu ele\u015ftirmedi\u011fini dile getiren Vural \u015f\u00f6yle konu\u015ftu:<\/p>\n<p style=\"text-align: justify;\">&#8221;\u0130zmirli kimsenin kulu de\u011fildir. \u015ea\u015f\u0131 bakan merkezi anlay\u0131\u015f \u0130zmir&#8217;e hizmet etmiyor. 2002&#8217;de 100 olan kamu yat\u0131r\u0131m\u0131 bug\u00fcn 55&#8217;e d\u00fc\u015fm\u00fc\u015ft\u00fcr. Yerel y\u00f6netim a\u00e7\u0131s\u0131ndan da kent hak etti\u011fini alamam\u0131\u015ft\u0131r. \u0130zmirliler maalesef buray\u0131 kendi kalesi zannedenlere oyunu vermi\u015f ama hak etti\u011fini alamam\u0131\u015ft\u0131r. \u0130zmir nas\u0131l Sevr pa\u00e7avras\u0131n\u0131 y\u0131rt\u0131p burada atm\u0131\u015fsa, bu a\u00e7\u0131l\u0131m pa\u00e7avralar\u0131n\u0131 da y\u0131rt\u0131p atacak ve T\u00fcrkiye Cumhuriyeti devletinin kurulu\u015fu temelinde 2023 y\u0131l\u0131nda y\u00fckselen \u00fclke T\u00fcrkiye&#8217;yi haz\u0131rlayacak kadroyu g\u00f6reve getirecektir.&#8221;<\/p>\n<p style=\"text-align: justify;\"><strong>BDP M\u0130LLETVEK\u0130L\u0130N\u0130N POL\u0130S\u0130 TOKATLAMASI<\/strong><\/p>\n<p style=\"text-align: justify;\">Vural, bir partilinin BDP milletvekili Sebahat Tuncel&#8217;in bir polisi tokatlamas\u0131n\u0131 i\u00e7ine sindiremedi\u011fini s\u00f6ylemesi \u00fczerine, \u015funlar\u0131 s\u00f6yledi:<\/p>\n<p style=\"text-align: justify;\">&#8221;Ben de i\u00e7ime sindiremedim. Bu elleri cesaretlendirenler, bunlar\u0131 \u015f\u0131martanlar kimlerdir, bunlar\u0131 g\u00f6rmek laz\u0131m. A\u00e7\u0131l\u0131m safsatas\u0131 alt\u0131nda bu milletin birlik b\u00fct\u00fcnl\u00fc\u011f\u00fcn\u00fc bozmak isteyerek polis karakollar\u0131n\u0131 kur\u015funlanmas\u0131na, polislerimizin lin\u00e7 edilmesine, alenen herkesin \u00f6n\u00fcnde polisimize el uzat\u0131lmas\u0131na yol a\u00e7an do\u011frudan do\u011fruya H\u00fck\u00fcmetin ve AKP&#8217;nin politikalar\u0131 olmu\u015ftur.<\/p>\n<p style=\"text-align: justify;\">Bu milletin birlik ve b\u00fct\u00fcnl\u00fc\u011f\u00fcne kar\u015f\u0131 uzanan ellerin k\u0131r\u0131laca\u011f\u0131 g\u00fcnler yak\u0131nd\u0131r. Hadleri bildirilecektir. Bunun hazmedilmesi m\u00fcmk\u00fcn de\u011fil.&#8221;<\/p>\n<p style=\"text-align: justify;\"><strong>T\u00dcS\u0130AD&#8217;IN ANAYASA \u00d6NER\u0130S\u0130<\/strong><\/p>\n<p style=\"text-align: justify;\">Bir gazetecinin T\u00dcS\u0130AD&#8217;\u0131n anayasa \u00f6nerisini nas\u0131l de\u011ferlendirdi\u011fi y\u00f6n\u00fcndeki soruya Vural, \u015fu yan\u0131t\u0131 verdi:<\/p>\n<p style=\"text-align: justify;\">&#8221;Oturmu\u015flar orada \u0131smarlama anayasa yap\u0131yorlar. B\u00f6yle bir \u015fey olabilir mi? Bu anayasan\u0131n, Erdo\u011fan&#8217;\u0131n haz\u0131rlad\u0131\u011f\u0131 anayasadan ne fark\u0131 var? Ergun \u00d6zbudun ba\u015f rollerde. Ne s\u0131k\u0131nt\u0131lar\u0131 varsa de\u011fi\u015fmez maddeler. Neymi\u015f bu \u00fclkenin birlik ve b\u00fct\u00fcnl\u00fc\u011f\u00fc, b\u00f6l\u00fcnmezli\u011fi, devletin \u00fclkesi ve milletiyle b\u00f6l\u00fcnmezli\u011finin de\u011fi\u015fmezli\u011fi. Efendim bunlar de\u011fi\u015ftirilebilirmi\u015f. \u0130stiklal Mar\u015f\u0131 de\u011fi\u015ftirilebilirmi\u015f, ba\u015fkent Ankara de\u011fi\u015ftirilebilirmi\u015f.&#8221;<\/p>\n<p style=\"text-align: justify;\">Vural, T\u00dcS\u0130AD&#8217;a \u0130zmir Mar\u015f\u0131&#8217;n\u0131 iyi okumalar\u0131n\u0131 tavsiye etti\u011fini anlatarak \u015f\u00f6yle devam etti:<\/p>\n<p style=\"text-align: justify;\">&#8221;M\u00fccevher ta\u015fa yaz\u0131ld\u0131 bunlar. Ondan sonra bir de kalk\u0131yor di\u011fer Boyner &#8216;T\u00fcrkiye&#8217;nin, \u00fclkenin b\u00f6l\u00fcnmesinden \u00f6nce insan daha \u00f6nemlidir, b\u00f6l\u00fcnebiliyor&#8217; diyor. Sen kimsin ya? Gittin y\u00fczde 40 alaca\u011f\u0131m diye \u00e7\u0131kt\u0131n y\u00fczde 1 al\u0131p tepe \u00fcst\u00fc d\u00fc\u015ft\u00fcn. Ne bi\u00e7im senaryolarla kar\u015f\u0131 kar\u015f\u0131yay\u0131z. \u00c7a\u011fd\u0131\u015f\u0131, ger\u00e7ek d\u0131\u015f\u0131 bir zihniyet, adam kalkm\u0131\u015f bunu s\u00f6yl\u00fcyor. &#8216;Bireyin mutlulu\u011fu daha \u00f6nemlidir&#8217; diyor.<\/p>\n<p style=\"text-align: justify;\">Keyfiniz i\u00e7in bu milletten, devletten vazge\u00e7ece\u011fiz, d\u00fcnya vatanda\u015f\u0131 m\u0131 olaca\u011f\u0131z? Herkes haddini bilmelidir. Bu millet bedel verdi. Bu \u00fclkenin birli\u011fi ve b\u00fct\u00fcnl\u00fc\u011f\u00fc, devleti i\u00e7in. &#8216;B\u00fcy\u00fck T\u00fcrk milleti ailesini b\u00f6lelim gitsin&#8217;&#8230; Kim oluyorsun ya? Bu milletin teneff\u00fcs etti\u011fi havas\u0131na sayg\u0131 duy. Eme\u011fini kullan\u0131yorsun eme\u011fine sayg\u0131 duy. Topra\u011f\u0131na sayg\u0131 duy. Bu nas\u0131l bir zihniyettir?&#8221;<\/p>\n<p style=\"text-align: justify;\"><strong>L\u0130BYA&#8217;YA Y\u00d6NEL\u0130K HAREKAT<\/strong><\/p>\n<p style=\"text-align: justify;\">Vural, bir soru \u00fczerine Libya politikas\u0131 konusunda CHP ile AK Parti&#8217;nin benze\u015fti\u011fini, MHP olarak Libya&#8217;ya m\u00fcdahaleyi do\u011fru bulmad\u0131klar\u0131n\u0131 kaydederek, \u015f\u00f6yle konu\u015ftu:<\/p>\n<p style=\"text-align: justify;\">&#8221;Ey Erdo\u011fan, Sarkozy ile hangi konularda mutabakata vard\u0131n? 1 Mart&#8217;ta &#8216;Libya&#8217;da NATO&#8217;nun ne i\u015fi var&#8217; diyor. Fransa&#8217;n\u0131n elini g\u00fc\u00e7lendiriyor. Acaba kim onay verdi? Olmert geldi Ba\u015fbakan&#8217;la g\u00f6r\u00fc\u015ft\u00fc iki g\u00fcn sonra Gazze i\u015fgal edildi. Sarkozy geldi Fransa jetleri bombalad\u0131.<\/p>\n<p style=\"text-align: justify;\">Libya konusunda H\u00fck\u00fcmetin \u00f6zellikle Erdo\u011fan&#8217;\u0131n zikzak \u00e7izdi\u011fi g\u00f6r\u00fcn\u00fcyor. Per\u015fembe g\u00fcn\u00fc parlamentoda D\u0131\u015fi\u015fleri Bakan\u0131 kapal\u0131 oturumda Libya&#8217;daki geli\u015fmeler hakk\u0131nda bilgi verecek. Ba\u015fbakan &#8216;\u0130kinci Irak olmas\u0131n&#8217; diyor. NATO&#8217;ya bir tak\u0131m \u015fartlar ileri s\u00fcr\u00fcyor. Biz bu \u015fartlar\u0131 \u00e7ok g\u00f6rd\u00fck. F\u00fcze savunma sistemi konusunda &#8216;Komuta bizde olmal\u0131&#8217; dedi. T\u0131p\u0131\u015f t\u0131p\u0131\u015f sonra &#8216;NATO&#8217;da olmal\u0131&#8217; dedi. Sarkozy &#8216;rol payla\u015f\u0131m\u0131m\u0131z var&#8217; diyor. Senaryo ayn\u0131. Bir yerli bir yabanc\u0131 artist var, rolleri payla\u015fm\u0131\u015flar. T\u00fcrkiye Cumhuriyeti Ba\u015fbakan\u0131 diyor ki &#8216;Biz yard\u0131m g\u00f6t\u00fcren tarafta olaca\u011f\u0131z&#8217; \u00d6l\u00fcm g\u00f6t\u00fcren tarafta ba\u015fkalar\u0131 olacak. Sen ortak olmuyor musun o zaman?&#8221;<\/p>\n<p style=\"text-align: justify;\"><a href=\"http:\/\/www.gazeteport.com.tr\/SIYASET\/NEWS\/GP_874535\" target=\"_blank\">Kaynak : GAZETEPORT<\/a><\/p>\n","protected":false},"excerpt":{"rendered":"<p style=\"text-align: justify;\">\n<p style=\"text-align: justify;\">&#8220;Oturmu\u015flar orada \u0131smarlama anayasa yap\u0131yorlar. Bu anayasan\u0131n Erdo\u011fan&#8217;\u0131n haz\u0131rlad\u0131\u011f\u0131 anayasadan ne fark\u0131 var? Senaryo ayn\u0131&#8230;&#8221;<\/p>\n<p style=\"text-align: justify;\">\u0130ZM\u0130R- MHP Grup Ba\u015fkanvekili Oktay Vural, T\u00dcS\u0130AD&#8217;\u0131n anayasa \u00f6nerisine ili\u015fkin, &#8221;Oturmu\u015flar orada \u0131smarlama anayasa yap\u0131yorlar. B\u00f6yle bir \u015fey olabilir mi? Bu anayasan\u0131n Erdo\u011fan&#8217;\u0131n haz\u0131rlad\u0131\u011f\u0131 anayasadan ne fark\u0131 var?&#8221; dedi. <\/p>\n","protected":false},"author":1,"featured_media":0,"comment_status":"open","ping_status":"closed","sticky":false,"template":"","format":"standard","meta":{"footnotes":""},"categories":[105],"tags":[],"class_list":["post-29617","post","type-post","status-publish","format-standard","hentry","category-gundem","odd"],"_links":{"self":[{"href":"http:\/\/www.korhanyilmaz.com\/index.php?rest_route=\/wp\/v2\/posts\/29617","targetHints":{"allow":["GET"]}}],"collection":[{"href":"http:\/\/www.korhanyilmaz.com\/index.php?rest_route=\/wp\/v2\/posts"}],"about":[{"href":"http:\/\/www.korhanyilmaz.com\/index.php?rest_route=\/wp\/v2\/types\/post"}],"author":[{"embeddable":true,"href":"http:\/\/www.korhanyilmaz.com\/index.php?rest_route=\/wp\/v2\/users\/1"}],"replies":[{"embeddable":true,"href":"http:\/\/www.korhanyilmaz.com\/index.php?rest_route=%2Fwp%2Fv2%2Fcomments&post=29617"}],"version-history":[{"count":0,"href":"http:\/\/www.korhanyilmaz.com\/index.php?rest_route=\/wp\/v2\/posts\/29617\/revisions"}],"wp:attachment":[{"href":"http:\/\/www.korhanyilmaz.com\/index.php?rest_route=%2Fwp%2Fv2%2Fmedia&parent=29617"}],"wp:term":[{"taxonomy":"category","embeddable":true,"href":"http:\/\/www.korhanyilmaz.com\/index.php?rest_route=%2Fwp%2Fv2%2Fcategories&post=29617"},{"taxonomy":"post_tag","embeddable":true,"href":"http:\/\/www.korhanyilmaz.com\/index.php?rest_route=%2Fwp%2Fv2%2Ftags&post=29617"}],"curies":[{"name":"wp","href":"https:\/\/api.w.org\/{rel}","templated":true}]}}