{"id":29604,"date":"2011-03-23T14:41:23","date_gmt":"2011-03-23T12:41:23","guid":{"rendered":"http:\/\/www.korhanyilmaz.com\/?p=29604"},"modified":"2011-03-23T14:41:23","modified_gmt":"2011-03-23T12:41:23","slug":"turk-savas-gemileri-ve-denizalti-yola-cikti","status":"publish","type":"post","link":"http:\/\/www.korhanyilmaz.com\/?p=29604","title":{"rendered":"T\u00fcrk sava\u015f gemileri ve denizalt\u0131 yola \u00e7\u0131kt\u0131"},"content":{"rendered":"<p style=\"text-align: center;\"><a href=\"http:\/\/www.korhanyilmaz.com\/wp-content\/uploads\/2011\/03\/351.jpg\"  class=\"lightview\"><img loading=\"lazy\" decoding=\"async\" class=\"aligncenter size-full wp-image-29605\" src=\"http:\/\/www.korhanyilmaz.com\/wp-content\/uploads\/2011\/03\/351.jpg\" alt=\"\" width=\"384\" height=\"254\" \/><\/a><\/p>\n<p style=\"text-align: justify;\">Deniz Kuvvetleri Komutan\u0131 U\u011fur Yi\u011fit, Libya&#8217;daki operasyonla ilgili olarak, T\u00fcrkiye&#8217;den 2 geminin Libya&#8217;da oldu\u011funu, di\u011fer 2 gemiyle denizalt\u0131n\u0131n da haz\u0131rl\u0131klar\u0131n\u0131 tamamlayarak yola \u00e7\u0131kt\u0131klar\u0131n\u0131 s\u00f6yledi.<\/p>\n<p style=\"text-align: justify;\">Yi\u011fit, Pakistan Milli G\u00fcn\u00fc kutlamas\u0131n\u0131n ger\u00e7ekle\u015ftirildi\u011fi Swiss Otel&#8217;de gazetecilere yapt\u0131\u011f\u0131 a\u00e7\u0131klamada, Libya&#8217;daki operasyon konusunda, tezkere \u00e7\u0131kt\u0131\u011f\u0131nda g\u00f6reve ba\u015flamak i\u00e7in gerekli \u00f6nlemleri ald\u0131klar\u0131n\u0131 kaydetti. Deniz Kuvvetleri Komutan\u0131 Yi\u011fit, &#8220;2 gemimiz zaten Libya&#8217;da, di\u011fer 2 gemi ve denizalt\u0131 da haz\u0131rl\u0131klar\u0131n\u0131 tamamlayarak yola \u00e7\u0131kt\u0131&#8221; dedi. <!--more--><\/p>\n<p style=\"text-align: justify;\"><strong>TEZKERE YARIN MECL\u0130S&#8217;TE<\/strong><\/p>\n<p style=\"text-align: justify;\">Libya&#8217;ya uygulanacak silah ambargosunu denetleme misyonu ile ilgili tezkere yar\u0131n T\u00fcrkiye B\u00fcy\u00fck Millet Meclisi Genel Kurulu&#8217;na gelecek. Ak Parti Grup Ba\u015fkanvekili Bekir Bozda\u011f, Libya&#8217;ya y\u00f6nelik silah ambargosunu denetleyecek NATO deniz g\u00fcc\u00fcnde TSK unsurlar\u0131n\u0131n da g\u00f6rev almas\u0131n\u0131 \u00f6ng\u00f6ren tezkerenin TBMM&#8217;ye sunulmas\u0131n\u0131n ard\u0131ndan yar\u0131n Genel Kurul&#8217;da g\u00f6r\u00fc\u015f\u00fclmesinin planland\u0131\u011f\u0131n\u0131 bildirdi.<\/p>\n<p style=\"text-align: justify;\">Bu arada NATO s\u00f6zc\u00fcs\u00fc General Pierre St-Amand, d\u00fczenledi\u011fi bas\u0131n toplant\u0131s\u0131nda silah ambargosunu denetlemek i\u00e7in Libya a\u00e7\u0131klar\u0131ndaki deniz operasyonuna alt\u0131 \u00fclkeden toplam 16 sava\u015f gemisi ve denizalt\u0131n\u0131n kat\u0131laca\u011f\u0131n\u0131 bildirdi. Devriye filolar\u0131n\u0131n g\u00f6revinin Akdeniz \u00fczerinden Libya&#8217;ya silah giri\u015fini \u00f6nlemek oldu\u011fu ifade edildi.<\/p>\n<p style=\"text-align: justify;\">Bug\u00fcn sabah saatlerinde ise bir NATO yetkilisinden yap\u0131lan a\u00e7\u0131klamada NATO&#8217;ya ait filolar\u0131n Birle\u015fmi\u015f Milletler\u2019in karar\u0131 do\u011frultusunda silah ambargosunu uygulamak i\u00e7in Libya k\u0131y\u0131lar\u0131nda devriye turlar\u0131na ba\u015flayaca\u011f\u0131 belirtildi. Associated Press ajans\u0131n\u0131n haberine g\u00f6re ad\u0131n\u0131n a\u00e7\u0131klanmas\u0131n\u0131 istemeyen diplomat, deniz devriye operasyonunun NATO\u2019nun \u0130talya\u2019n\u0131n Napoli \u015fehrinde bulunan operasyonel merkezinden y\u00fcr\u00fct\u00fclece\u011fini s\u00f6yledi.<\/p>\n<p style=\"text-align: justify;\">Deniz operasyonunun m\u00fcttefiklerin d\u00fcn \u00fczerinde anla\u015ft\u0131klar\u0131 plan do\u011frultusunda ger\u00e7ekle\u015ftirilmesi bekleniyor. Operasyon kapsam\u0131nda iki NATO deniz filosunun Akdeniz\u2019de devriye g\u00f6revi yapmas\u0131 \u00f6ng\u00f6r\u00fcl\u00fcyor.  Filolar iki f\u0131rkateyn, alt\u0131 may\u0131n tarama gemisi ve bir tedarik gemisinden olu\u015fuyor.  NATO&#8217;nun Libya operasyonunda oynayaca\u011f\u0131 rolle ilgili yap\u0131 \u00fczerinde de uzun g\u00f6r\u00fc\u015fmelerin ard\u0131ndan d\u00fcn uzla\u015fma sa\u011fland\u0131.  NATO&#8217;nun s\u00fcre\u00e7teki rol\u00fcn\u00fcn hafifletilmesini isteyen Fransa ile NATO&#8217;nun u\u00e7u\u015f yasa\u011f\u0131n\u0131n uygulanmas\u0131nda rol \u00fcstlenmesine kar\u015f\u0131 \u00e7\u0131kan T\u00fcrkiye&#8217;nin itirazlar\u0131n\u0131n etraf\u0131ndan dolanan bir form\u00fcl ortaya \u00e7\u0131kt\u0131.  Plana g\u00f6re, operasyonda NATO&#8217;nun askeri donan\u0131m\u0131 kullan\u0131lacak ancak siyasi kararlar Arap \u00fclkelerini de i\u00e7erecek \u015fekilde uluslararas\u0131 koalisyona \u00fcye \u00fclkeler taraf\u0131ndan al\u0131nacak.  Fransa h\u00fck\u00fcmet s\u00f6zc\u00fcs\u00fc Fran\u00e7ois Baroin&#8217;\u0131n bug\u00fcn yapt\u0131\u011f\u0131 a\u00e7\u0131klamada da NATO&#8217;nun Libya operasyonlar\u0131nda &#8220;teknik rol&#8221; oynayaca\u011f\u0131 belirtildi.<\/p>\n<p style=\"text-align: justify;\"><strong>CLINTON: DEV\u0130R B\u0130RKA\u00c7 G\u00dcN \u0130\u00c7\u0130NDE<\/strong><\/p>\n<p style=\"text-align: justify;\">ABD D\u0131\u015fi\u015fleri Bakan\u0131 Clinton d\u00fcn ak\u015fam kat\u0131ld\u0131\u011f\u0131 bir televizyon program\u0131nda, ABD\u2019nin Libya operasyonunun komutas\u0131n\u0131 birka\u00e7 g\u00fcn i\u00e7inde bir ba\u015fka \u00fclkeye devredebilece\u011fini a\u00e7\u0131klad\u0131. Bakan Clinton, \u201cBirka\u00e7 g\u00fcn i\u00e7inde bu i\u015f halledilecek. Cumartesi mi yoksa bir ba\u015fka g\u00fcn m\u00fc olaca\u011f\u0131n\u0131 komutanlar\u0131m\u0131z\u0131n yan\u0131 s\u0131ra m\u00fcttefiklerimiz ve ortaklar\u0131m\u0131z\u0131n yapaca\u011f\u0131 de\u011ferlendirmeler belirleyecek\u201d dedi.  Clinton, liderli\u011fi kimin \u00fcstlenece\u011fi konusundaki detaylar\u0131n hen\u00fcz netle\u015fmedi\u011fini ancak NATO\u2019nun \u00f6n saflarda olaca\u011f\u0131n\u0131 belirtti.<\/p>\n<p style=\"text-align: justify;\"><a href=\"http:\/\/www.radikal.com.tr\/Radikal.aspx?aType=RadikalDetayV3&amp;ArticleID=1043852&amp;Date=23.03.2011&amp;CategoryID=81\" target=\"_blank\">Kaynak : Radikal<\/a><\/p>\n","protected":false},"excerpt":{"rendered":"<p style=\"text-align: center;\">\n<p style=\"text-align: justify;\">Deniz Kuvvetleri Komutan\u0131 U\u011fur Yi\u011fit, Libya&#8217;daki operasyonla ilgili olarak, T\u00fcrkiye&#8217;den 2 geminin Libya&#8217;da oldu\u011funu, di\u011fer 2 gemiyle denizalt\u0131n\u0131n da haz\u0131rl\u0131klar\u0131n\u0131 tamamlayarak yola \u00e7\u0131kt\u0131klar\u0131n\u0131 s\u00f6yledi.<\/p>\n<p style=\"text-align: justify;\">Yi\u011fit, Pakistan Milli G\u00fcn\u00fc kutlamas\u0131n\u0131n ger\u00e7ekle\u015ftirildi\u011fi Swiss Otel&#8217;de gazetecilere yapt\u0131\u011f\u0131 a\u00e7\u0131klamada, Libya&#8217;daki operasyon konusunda, tezkere \u00e7\u0131kt\u0131\u011f\u0131nda g\u00f6reve ba\u015flamak i\u00e7in gerekli \u00f6nlemleri ald\u0131klar\u0131n\u0131 kaydetti. Deniz <\/p>\n","protected":false},"author":1,"featured_media":0,"comment_status":"open","ping_status":"closed","sticky":false,"template":"","format":"standard","meta":{"footnotes":""},"categories":[105],"tags":[],"class_list":["post-29604","post","type-post","status-publish","format-standard","hentry","category-gundem","odd"],"_links":{"self":[{"href":"http:\/\/www.korhanyilmaz.com\/index.php?rest_route=\/wp\/v2\/posts\/29604","targetHints":{"allow":["GET"]}}],"collection":[{"href":"http:\/\/www.korhanyilmaz.com\/index.php?rest_route=\/wp\/v2\/posts"}],"about":[{"href":"http:\/\/www.korhanyilmaz.com\/index.php?rest_route=\/wp\/v2\/types\/post"}],"author":[{"embeddable":true,"href":"http:\/\/www.korhanyilmaz.com\/index.php?rest_route=\/wp\/v2\/users\/1"}],"replies":[{"embeddable":true,"href":"http:\/\/www.korhanyilmaz.com\/index.php?rest_route=%2Fwp%2Fv2%2Fcomments&post=29604"}],"version-history":[{"count":0,"href":"http:\/\/www.korhanyilmaz.com\/index.php?rest_route=\/wp\/v2\/posts\/29604\/revisions"}],"wp:attachment":[{"href":"http:\/\/www.korhanyilmaz.com\/index.php?rest_route=%2Fwp%2Fv2%2Fmedia&parent=29604"}],"wp:term":[{"taxonomy":"category","embeddable":true,"href":"http:\/\/www.korhanyilmaz.com\/index.php?rest_route=%2Fwp%2Fv2%2Fcategories&post=29604"},{"taxonomy":"post_tag","embeddable":true,"href":"http:\/\/www.korhanyilmaz.com\/index.php?rest_route=%2Fwp%2Fv2%2Ftags&post=29604"}],"curies":[{"name":"wp","href":"https:\/\/api.w.org\/{rel}","templated":true}]}}