{"id":29601,"date":"2011-03-23T14:15:41","date_gmt":"2011-03-23T12:15:41","guid":{"rendered":"http:\/\/www.korhanyilmaz.com\/?p=29601"},"modified":"2011-03-23T14:15:41","modified_gmt":"2011-03-23T12:15:41","slug":"bdp-sivil-itaatsizlik-eylemlerini-baslatiyor","status":"publish","type":"post","link":"http:\/\/www.korhanyilmaz.com\/?p=29601","title":{"rendered":"BDP sivil itaatsizlik eylemlerini ba\u015flat\u0131yor"},"content":{"rendered":"<p style=\"text-align: center;\"><a href=\"http:\/\/www.korhanyilmaz.com\/wp-content\/uploads\/2011\/03\/350.jpg\"  class=\"lightview\"><img loading=\"lazy\" decoding=\"async\" class=\"aligncenter size-full wp-image-29602\" src=\"http:\/\/www.korhanyilmaz.com\/wp-content\/uploads\/2011\/03\/350.jpg\" alt=\"\" width=\"320\" height=\"214\" \/><\/a><\/p>\n<p style=\"text-align: justify;\">BDP ve kapat\u0131lan DTP d\u00f6neminde kurulan &#8216;Demokratik Toplum Kongresi&#8217; (DTK), K\u00fcrt sorunun \u00e7\u00f6z\u00fcm\u00fc i\u00e7in &#8216;Sivil itaatsizlik&#8217; eylemleri ba\u015flatma karar\u0131 ald\u0131.<\/p>\n<p style=\"text-align: justify;\">D\u0130YARBAKIR &#8211; BDP Genel Ba\u015fkan\u0131 Selahattin Demirta\u015f, eylemleri yar\u0131n Diyarbak\u0131r\u2019da oturma eylemi ile ba\u015flatacaklar\u0131n\u0131 belirterek, 4 talepleri oldu\u011funu s\u00f6yledi. Demirta\u015f, &#8220;Taleplerimiz; ana dilde e\u011fitim, siyasi tutuklular\u0131n serbest b\u0131rak\u0131lmas\u0131, askeri ve siyasi operasyonlara derhal son verilmesi ve y\u00fczde 10 se\u00e7im baraj\u0131n\u0131n kald\u0131r\u0131lmas\u0131d\u0131r. Bu 4 talebimiz K\u00fcrt sorunun \u00e7\u00f6z\u00fcm\u00fcnde \u00f6nemli anahtard\u0131r ve kap\u0131y\u0131 a\u00e7acakt\u0131r&#8221; dedi. DTK Genel Ba\u015fkan\u0131 Ahmet T\u00fcrk, &#8220;Eylemimiz tamamen demokratiktir. Bizler bu konuda \u00e7ok duyarl\u0131 davranaca\u011f\u0131z. Gelip panzerler bizi ezse de hi\u00e7 bir kar\u015f\u0131l\u0131k vermeyece\u011fiz&#8221; dedi. <!--more--><\/p>\n<p style=\"text-align: justify;\">BDP Genel Ba\u015fkan\u0131 Selahattin Demirta\u015f, Genel Ba\u015fkan Yard\u0131mc\u0131s\u0131 G\u00fcltan K\u0131\u015fanak, DTK Genel Ba\u015fkan\u0131 Ahmet T\u00fcrk, yard\u0131mc\u0131s\u0131 Aysel Tu\u011fluk, Diyarbak\u0131r B\u00fcy\u00fck\u015fehir Belediye Ba\u015fkan\u0131 Osman Baydemir, parti y\u00f6neticileri Diyarbak\u0131r\u2019da G\u00fcneydo\u011fu Gazeteciler Cemiyeti\u2019nde bas\u0131n toplant\u0131s\u0131 yaparak yap\u0131lacak eylem konusunda ald\u0131klar\u0131 ortak kararlar\u0131 a\u00e7\u0131klad\u0131. BDP Genel Ba\u015fkan\u0131 Selahattin Demirta\u015f, T\u00fcrkiye\u2019de Cumhurba\u015fkan\u0131 Abdullah G\u00fcl\u2019\u00fcn bile K\u00fcrt sorununu \u2019T\u00fcrkiye\u2019nin en ac\u0131 sorunu\u2019 olarak tan\u0131mlad\u0131\u011f\u0131n\u0131 belirterek, \u015f\u00f6yle dedi:<\/p>\n<p style=\"text-align: justify;\">&#8220;K\u00fcrt halk\u0131 sorunun demokrasi, bar\u0131\u015f ve diyalogla \u00e7\u00f6z\u00fclmesi i\u00e7in uzun y\u0131llar \u00f6zverili yakla\u015f\u0131m g\u00f6sterdi. Ama AKP h\u00fck\u00fcmeti, T\u00fcrkiye Cumhuriyeti tarihinin ko\u015fullar a\u00e7\u0131s\u0131ndan en uygun son 8 y\u0131l\u0131n\u0131 kendi partisel \u00e7\u0131karlar\u0131, kendi pragmatist yakla\u015f\u0131mlar\u0131 nedeniyle heba etmi\u015f durumda. Geldi\u011fimiz a\u015famada bu \u00e7\u00f6z\u00fcms\u00fczl\u00fck s\u00fcrecinin daha fazla uzamas\u0131na r\u0131za g\u00f6stermeyece\u011fiz. AKP h\u00fck\u00fcmetinin se\u00e7imleri bahane ederek \u2019Demokratik a\u00e7\u0131l\u0131m\u2019 ad\u0131 alt\u0131nda s\u00fcreci uzatarak y\u0131llara yaymaya \u00e7al\u0131\u015ft\u0131\u011f\u0131, bir yandan da tasfiye operasyonlar\u0131yla \u00e7at\u0131\u015fma zeminini k\u00f6r\u00fckledi\u011fi ortamda art\u0131k sivil siyasetin do\u011frudan s\u00fcrece m\u00fcdahale etmesinin zaman\u0131d\u0131r. 2012 y\u0131l\u0131nda art\u0131k T\u00fcrkiye\u2019de K\u00fcrt sorunu do\u011frudan \u00e7\u00f6z\u00fcm a\u015famas\u0131na girmi\u015f olsun, T\u00fcrk\u2019\u00fc, K\u00fcrd\u00fc\u2019yle hak etti\u011fi bar\u0131\u015f ve demokrasi ortam\u0131na kavu\u015fsun istiyoruz. 2011 nevruzunda halk\u0131m\u0131z\u0131n ortaya koydu\u011fu kararl\u0131 tutum bu konudaki en b\u00fcy\u00fck referans\u0131m\u0131zd\u0131r, en g\u00fc\u00e7l\u00fc umudumuzdur. AKP h\u00fck\u00fcmetinin bu sorunu \u00e7\u00f6zece\u011fi yok. Bu devasa sorun kar\u015f\u0131s\u0131nda hi\u00e7 bir \u00e7\u00f6z\u00fcm a\u00e7\u0131klamayan bu h\u00fck\u00fcmetin tavr\u0131n\u0131 art\u0131k kabul etmiyoruz. Biz ayn\u0131 zamanda \u00e7at\u0131\u015fmalar\u0131n, \u00f6l\u00fcmlerin \u00f6n\u00fcne ge\u00e7mek istiyoruz. Bu konuda samimi bir duru\u015f g\u00f6stermek istiyoruz. Demokratik ve sivil itaatsizlik eylemleriyle s\u00fcrece m\u00fcdahale edilmesini istiyoruz. Halk\u0131m\u0131z\u0131n bize verdi\u011fi mesaj budur. T\u00fcrkiye\u2019nin b\u00fcy\u00fck bir \u00e7o\u011funlu\u011fu bu soruna demokrasi ve bar\u0131\u015f i\u00e7inde \u00e7\u00f6z\u00fcm istiyor. Halk bu konuda \u00e7ok \u0131srarc\u0131d\u0131r. Halk\u0131n AKP h\u00fck\u00fcmetinin bu oyalamac\u0131 tavr\u0131 kar\u015f\u0131s\u0131nda sabr\u0131da kalmam\u0131\u015ft\u0131r.&#8221;<\/p>\n<p style=\"text-align: justify;\">BDP VE DTK olarak demokratik direni\u015f haklar\u0131n\u0131 kullanacaklar\u0131n\u0131 kaydeden K\u00fcrt sorununun \u00e7\u00f6z\u00fcm\u00fc i\u00e7in 4 talepleri oldu\u011funu anlatan Demirta\u015f, \u015funlar\u0131 s\u00f6yledi: &#8220;Sivil itaatsizlik y\u00f6ntemleriyle hi\u00e7bir \u00e7at\u0131\u015fmaya mahal vermeden en b\u00fcy\u00fck halk g\u00fcc\u00fcyle meydanlarda olaca\u011f\u0131z ve h\u00fck\u00fcmeti \u00f6zellikle K\u00fcrt sorunun \u00e7\u00f6z\u00fcm\u00fcnde \u00f6n a\u00e7\u0131c\u0131 olan 4 \u00e7\u00f6z\u00fcm ad\u0131m\u0131 konusuna h\u00fck\u00fcmeti davet edece\u011fiz. 4 talebimiz asl\u0131nda b\u00fct\u00fcn \u00fclke toplumunun ortak talebi, arzular\u0131d\u0131r. Sadece K\u00fcrtler\u2019in talepleri de\u011fildir. Bu 4 talep konusunda h\u00fck\u00fcmet somut bir ad\u0131m atana kadar meydanlarda olaca\u011f\u0131z.&#8221;<\/p>\n<p style=\"text-align: justify;\">Demirta\u015f, BDP ve DTK olarak halkla birlikte h\u00fck\u00fcmet suskunlu\u011funu bozuncaya, \u00f6zellikle yeni anayasa konusunda somut a\u00e7\u0131klama yaparak taleplerine yan\u0131t verinceye kadar halkla her yerde alanlarda olacaklar\u0131n\u0131 anlatt\u0131.<\/p>\n<p style=\"text-align: justify;\">H\u00fck\u00fcmete \u00e7a\u011fr\u0131 da yapan Demirta\u015f, kar\u015f\u0131lar\u0131na g\u00fcvenlik g\u00fc\u00e7leri yerine siyasi temsil yetene\u011fi olan kabine temsilcileri, milletvekillerinin g\u00f6nderilmesini istedi. BDP Genel Ba\u015fkan\u0131, s\u00f6zlerini \u015f\u00f6yle s\u00fcrd\u00fcrd\u00fc: &#8220;Muhatab\u0131m\u0131z g\u00fcvenlik g\u00fc\u00e7leri de\u011fil. H\u00fck\u00fcmet halk\u0131n tahamm\u00fcl s\u0131n\u0131rlar\u0131n\u0131 art\u0131k g\u00f6rmelidir. Bu bir meydan okuma da de\u011fildir. Bu halk\u0131n 2012 y\u0131l\u0131nda art\u0131k bu sorunla ya\u015famayaca\u011f\u0131n\u0131 g\u00f6sterece\u011fi demokratik bir halk inisiyatifidir. H\u00fck\u00fcmet de, ba\u015fbakan da meselelere bu ciddiyetle yakla\u015fmal\u0131d\u0131r. Halk eylemlerinin ilkini yar\u0131n saat 12.00\u2019de Diyarbak\u0131r\u2019da Belediye Konukevi \u00f6n\u00fcnde ba\u015flataca\u011f\u0131z. DTK ve BDP\u2019nin e\u015f ba\u015fkanlar\u0131 olarak yine bu taleplerimizi deklere ederek oturma eylemi ba\u015flataca\u011f\u0131z. Bug\u00fcne kadar \u2019Sava\u015f istemiyorum, e\u015fitlik, huzur istiyorum\u2019 diyen herkesi bu demokratik eylemlere deste\u011fe \u00e7a\u011f\u0131r\u0131yoruz. Sivil itaatsizlik eylemi her yerde sonu\u00e7 al\u0131n\u0131ncaya kadar devam edecektir. \u2019Art\u0131k h\u00fck\u00fcmetin \u00e7\u00f6z\u00fcms\u00fczl\u00fck politikalar\u0131na tahamm\u00fcl\u00fcm\u00fcz kalmad\u0131. Art\u0131k yeter\u2019 demek i\u00e7in meydanlarda olaca\u011f\u0131z. Bu bir se\u00e7im yat\u0131r\u0131m\u0131, hesab\u0131 asla de\u011fil. Olas\u0131 \u00e7at\u0131\u015fmalar\u0131 \u00f6nleme, h\u00fck\u00fcmetin \u00e7at\u0131\u015fmalar\u0131 dayatan tutumuna kar\u015f\u0131 bir bar\u0131\u015f ve demokrasi giri\u015fimidir.&#8221;<\/p>\n<p style=\"text-align: justify;\"><strong>&#8220;PANZERLER EZSE DE KAR\u015eILIK VERMEYECE\u011e\u0130Z&#8221; <\/strong><\/p>\n<p style=\"text-align: justify;\">DTK Genel Ba\u015fkan\u0131 Ahmet T\u00fcrk, h\u00fck\u00fcmetin K\u00fcrt sorunu konusundaki duyars\u0131zl\u0131\u011f\u0131n\u0131n toplumu, halk\u0131 farkl\u0131 tehlikeli bir noktaya g\u00f6t\u00fcrebilecek durumda oldu\u011funu savundu. T\u00fcrk, olas\u0131 \u00e7at\u0131\u015fmalar\u0131n \u00f6n\u00fcne ge\u00e7mek ve K\u00fcrt halk\u0131n\u0131n istemlerini ger\u00e7ekle\u015fmesi i\u00e7in sivil demokratik eylemleri ba\u015flatt\u0131klar\u0131n\u0131 kaydederek, \u015f\u00f6yle dedi:<\/p>\n<p style=\"text-align: justify;\">&#8220;BDP ve DTK sivil itaatsizli\u011fi demokratik talepleri ger\u00e7ekle\u015finceye kadar, K\u00fcrt sorununun \u00e7\u00f6z\u00fcm\u00fc, K\u00fcrtlerin talepleri konusunda ad\u0131m at\u0131l\u0131ncaya kadar halk\u0131m\u0131z\u0131 meydanlara \u00e7a\u011f\u0131r\u0131yoruz. Bizim eylemimiz tamamen demokratik bir eylemdir. Bizler bu konuda \u00e7ok duyarl\u0131 davranaca\u011f\u0131z. Gelip panzerler bizi ezse de hi\u00e7 bir kar\u015f\u0131l\u0131k vermeyece\u011fiz. Bunlar bir halk\u0131n talebidir. Herkesin bu \u015fekilde okumas\u0131n\u0131 istiyoruz. \u0130nan\u0131yorum T\u00fcrkiye ayd\u0131nlar\u0131 ve demokratlar\u0131 da buna katk\u0131 sunar. Bu T\u00fcrkiye\u2019nin de sorunudur. T\u00fcrkiye\u2019nin bar\u0131\u015f i\u00e7inde ya\u015famas\u0131 i\u00e7in ortaya koydu\u011fumuz bir eylem ve taleptir. Bunun b\u00f6yle okunmas\u0131n\u0131 istiyoruz.&#8221;<\/p>\n<p style=\"text-align: justify;\">DTK Genel Ba\u015fkan Yard\u0131mc\u0131s\u0131 Aysel Tu\u011fluk ise, Ba\u015fbakan Recep Tayyip Erdo\u011fan\u2019\u0131n Ortado\u011fu\u2019da ve Kuzey Afrika\u2019ya g\u00f6sterdi\u011fi ilginin 10\u2019da 1\u2019ini K\u00fcrt halk\u0131n\u0131n iradesine kar\u015f\u0131 g\u00f6stermedi\u011fini belirterek, \u015funlar\u0131 s\u00f6yledi:<\/p>\n<p style=\"text-align: justify;\">&#8220;Maalesef say\u0131n Ba\u015fbakan, h\u00fck\u00fcmet yetkilileri bir f\u0131rsat\u0131 daha ka\u00e7\u0131r\u0131yor. K\u00fcrt sorununun \u00e7\u00f6z\u00fcm\u00fc i\u00e7in ko\u015fullar gayet uygun. Ancak, h\u00fck\u00fcmet bu f\u0131rsat\u0131 maalesef de\u011ferlendirmiyor, bu durum s\u00fcreci bir belirsizli\u011fe do\u011fru itiyor. Asl\u0131nda biz bu gidi\u015fat\u0131n yeni bir \u00e7at\u0131\u015fma ortam\u0131n\u0131 yaratabilece\u011finden duydu\u011fumuz kayg\u0131dan dolay\u0131 bu s\u00fcrece m\u00fcdahil olmak durumunday\u0131z, inisiyatif almak zorunday\u0131z. Halk\u0131n yine hakl\u0131 me\u015fru talepleri do\u011frultusunda ifade edilen 4 talep do\u011frultusunda demokratik sivil eylem s\u00fcrecini geli\u015ftirmenin belki de yeni bir \u00e7at\u0131\u015fma s\u00fcrecini engelleyebilece\u011fimize inand\u0131\u011f\u0131m\u0131z i\u00e7in b\u00f6yle bir s\u00fcre\u00e7 ba\u015flat\u0131yoruz. Halk\u0131m\u0131z ger\u00e7ekten nevruzda devlet ter\u00f6r\u00fcyle kar\u015f\u0131 kar\u015f\u0131ya kald\u0131. Bizler bunun i\u00e7inde kendimizi bulduk. Halk\u0131n topland\u0131\u011f\u0131 demokratik \u00e7\u00f6z\u00fcm \u00e7ad\u0131rlar\u0131na y\u00fczlerce gaz bombas\u0131 at\u0131ld\u0131. Bunlar; \u2019Biz sizin halk\u0131n iradesini hi\u00e7 bir \u015fekilde dikkate alm\u0131yoruz, bu hakl\u0131 talepleri g\u00f6rm\u00fcyoruz, duymuyoruz\u2019 demektir. \u2019Siz b\u00f6yle tepkiler dile getirirseniz size bir ter\u00f6r uygulayaca\u011f\u0131z\u2019 anlam\u0131na geliyor. E\u011fer sivil demokratik talepler me\u015fru bir \u015fekilde ortaya konmas\u0131na tahamm\u00fcl g\u00f6sterilmiyorsa bu \u00e7at\u0131\u015faya davetiye \u00e7\u0131karmakt\u0131r. Bu hi\u00e7 kimseye kazand\u0131rmaz. Ge\u00e7mi\u015fte ya\u015fad\u0131\u011f\u0131m\u0131z g\u00fcnlere maalesef d\u00f6neriz. Yakla\u015f\u0131m b\u00f6yle olmamal\u0131. Bir yandan \u2019meseleyi \u00e7\u00f6zece\u011fiz\u2019 derken hi\u00e7 bir \u015fey yap\u0131lamd\u0131\u011f\u0131 gibi halk\u0131n demokratik tepkileri bast\u0131r\u0131lmaya \u00e7al\u0131\u015f\u0131l\u0131yor, \u00e7ok yo\u011fun operasyonlar yap\u0131l\u0131yor. Bu durumun tahamm\u00fcl s\u0131n\u0131rlar\u0131n\u0131 zorlamamas\u0131n\u0131 istiyoruz. Ba\u015fbakan bu \u00fclkede gen\u00e7lerin \u00f6lmesini istemiyorsa bar\u0131\u015f istiyorsa bu konularda ad\u0131m atmal\u0131 en az\u0131ndan irade beyan\u0131nda bulunmal\u0131.&#8221;<\/p>\n<p style=\"text-align: justify;\">BDP lideri Selahattin Demirta\u015f, gazetecilerin eski \u00f6zel harekat\u00e7\u0131 polis Ayhan \u00c7ark\u0131n\u2019\u0131n 1990\u2019l\u0131 y\u0131llarda i\u015flenen faili me\u00e7hul cinayetlerle ilgili a\u00e7\u0131klamalar\u0131n\u0131 hat\u0131rlatmas\u0131 \u00fczerine, &#8220;Bu konuda savc\u0131lar bazen harekete ge\u00e7ti, bazen g\u00f6rmezden geldi. H\u00fck\u00fcmet \u015fu ana kadar hi\u00e7 bir itirafla ilgili siyasi giri\u015fimde bulunmad\u0131. Hakikatleri ara\u015ft\u0131rma komisyonunun kurulmas\u0131 ge\u00e7mi\u015fle y\u00fczle\u015fme a\u00e7\u0131s\u0131ndan \u00e7ok \u00f6nemlidir. Eski \u00f6zel harekat\u00e7\u0131n\u0131n bahsetti\u011fi \u015feyler t\u00fcyler \u00fcrperticidir ge\u00e7mi\u015fte dediklerimi teyit eden a\u00e7\u0131klamalard\u0131r. Denilenler bir katliam\u0131n itiraf\u0131d\u0131r. Ama, Say\u0131n Ba\u015fbakan\u2019dan \u00e7\u0131t yok. Ge\u00e7mi\u015fi e\u011fer ayd\u0131nlatmak istiyorlarsa, bu iddialar\u0131n \u00fczerine ciddiyetle gidilmeli. Bunun i\u00e7in de hakikatleri ara\u015ft\u0131rma komisyonu kurma d\u0131\u015f\u0131nda \u015fans\u0131m\u0131z da yok. Zaten eski \u00f6zel harekat\u00e7\u0131 da hakikatleri ara\u015ft\u0131rma komisyonunun kurulmas\u0131 halinde oraya gidip her \u015feyli anlataca\u011f\u0131n\u0131 s\u00f6yl\u00fcyor&#8221; diye konu\u015ftu.<\/p>\n<p style=\"text-align: justify;\"><a href=\"http:\/\/www.radikal.com.tr\/Radikal.aspx?aType=RadikalDetayV3&amp;ArticleID=1043849&amp;Date=23.03.2011&amp;CategoryID=78\" target=\"_blank\">Kaynak : Radikal<\/a><\/p>\n","protected":false},"excerpt":{"rendered":"<p style=\"text-align: center;\">\n<p style=\"text-align: justify;\">BDP ve kapat\u0131lan DTP d\u00f6neminde kurulan &#8216;Demokratik Toplum Kongresi&#8217; (DTK), K\u00fcrt sorunun \u00e7\u00f6z\u00fcm\u00fc i\u00e7in &#8216;Sivil itaatsizlik&#8217; eylemleri ba\u015flatma karar\u0131 ald\u0131.<\/p>\n<p style=\"text-align: justify;\">D\u0130YARBAKIR &#8211; BDP Genel Ba\u015fkan\u0131 Selahattin Demirta\u015f, eylemleri yar\u0131n Diyarbak\u0131r\u2019da oturma eylemi ile ba\u015flatacaklar\u0131n\u0131 belirterek, 4 talepleri oldu\u011funu s\u00f6yledi. Demirta\u015f, &#8220;Taleplerimiz; ana dilde e\u011fitim, siyasi tutuklular\u0131n serbest b\u0131rak\u0131lmas\u0131, <\/p>\n","protected":false},"author":1,"featured_media":0,"comment_status":"open","ping_status":"closed","sticky":false,"template":"","format":"standard","meta":{"footnotes":""},"categories":[105],"tags":[],"class_list":["post-29601","post","type-post","status-publish","format-standard","hentry","category-gundem","odd"],"_links":{"self":[{"href":"http:\/\/www.korhanyilmaz.com\/index.php?rest_route=\/wp\/v2\/posts\/29601","targetHints":{"allow":["GET"]}}],"collection":[{"href":"http:\/\/www.korhanyilmaz.com\/index.php?rest_route=\/wp\/v2\/posts"}],"about":[{"href":"http:\/\/www.korhanyilmaz.com\/index.php?rest_route=\/wp\/v2\/types\/post"}],"author":[{"embeddable":true,"href":"http:\/\/www.korhanyilmaz.com\/index.php?rest_route=\/wp\/v2\/users\/1"}],"replies":[{"embeddable":true,"href":"http:\/\/www.korhanyilmaz.com\/index.php?rest_route=%2Fwp%2Fv2%2Fcomments&post=29601"}],"version-history":[{"count":0,"href":"http:\/\/www.korhanyilmaz.com\/index.php?rest_route=\/wp\/v2\/posts\/29601\/revisions"}],"wp:attachment":[{"href":"http:\/\/www.korhanyilmaz.com\/index.php?rest_route=%2Fwp%2Fv2%2Fmedia&parent=29601"}],"wp:term":[{"taxonomy":"category","embeddable":true,"href":"http:\/\/www.korhanyilmaz.com\/index.php?rest_route=%2Fwp%2Fv2%2Fcategories&post=29601"},{"taxonomy":"post_tag","embeddable":true,"href":"http:\/\/www.korhanyilmaz.com\/index.php?rest_route=%2Fwp%2Fv2%2Ftags&post=29601"}],"curies":[{"name":"wp","href":"https:\/\/api.w.org\/{rel}","templated":true}]}}