{"id":296,"date":"2008-08-12T14:43:10","date_gmt":"2008-08-12T11:43:10","guid":{"rendered":"http:\/\/www.korhanyilmaz.com\/?p=296"},"modified":"2008-08-12T14:43:10","modified_gmt":"2008-08-12T11:43:10","slug":"sirplarin-buyuk-ayibi","status":"publish","type":"post","link":"http:\/\/www.korhanyilmaz.com\/?p=296","title":{"rendered":"S\u0131rplar&#8217;\u0131n b\u00fcy\u00fck ay\u0131b\u0131!"},"content":{"rendered":"<p style=\"text-align: center;\"><img loading=\"lazy\" decoding=\"async\" class=\"aligncenter size-full wp-image-297\" title=\"fft17_mf86021\" src=\"http:\/\/www.korhanyilmaz.com\/wp-content\/uploads\/2008\/08\/fft17_mf86021.jpg\" alt=\"\" width=\"343\" height=\"257\" \/><\/p>\n<p style=\"text-align: justify;\">Partizan ma\u00e7\u0131 bas\u0131n toplant\u0131s\u0131nda ba\u015flad\u0131&#8230;<\/p>\n<p style=\"text-align: justify;\">\u015eampiyonlar Ligi 3. \u00f6n eleme turu ilk ma\u00e7\u0131nda Fenerbah\u00e7e ile yar\u0131n kar\u015f\u0131la\u015facak olan Partizan&#8217;da teknik direkt\u00f6r Slavisla Jokanovic ile tak\u0131m kaptan\u0131 Nenad Djordjevic bug\u00fcn bir bas\u0131n toplant\u0131s\u0131 d\u00fczenledi.<\/p>\n<p style=\"text-align: justify;\">Partizan Teknik Direkt\u00f6r\u00fc Slavisla Jokanovic, \u0130stanbul&#8217;a avantajl\u0131 bir skorla gitmek istediklerini ve bunun i\u00e7in taraftar deste\u011fine b\u00fcy\u00fck ihtiya\u00e7 duyacaklar\u0131n\u0131 s\u00f6yledi. Jokanovic, \u015f\u00f6yle konu\u015ftu:<!--more--><\/p>\n<p style=\"text-align: justify;\">&#8220;Evimizdeki ilk ma\u00e7ta iyi bir sonu\u00e7 elde etmek istiyoruz. Art\u0131k \u015eampiyonlar Ligi&#8217;ne kalmak i\u00e7in son basama\u011fa gelmi\u015f durumday\u0131z. \u015eampiyonlar Ligi \u00e7ok farkl\u0131 bir arena ve biz burada m\u00fccadele etmek istiyoruz. Bu bizim kul\u00fcb\u00fcm\u00fcz i\u00e7in her anlamda \u00e7ok \u00f6nemli. Kar\u015f\u0131m\u0131zda da Fenerbah\u00e7e ekibi olacak. Onlar \u015eampiyonlar Ligi&#8217;nde bizden daha tecr\u00fcbeli. Rakibimize b\u00fcy\u00fck sayg\u0131m\u0131z var. \u00c7ok iyi oyunculara ve \u00e7ok tecr\u00fcbeli bir teknik adama sahip. Bu ma\u00e7ta taraftara \u00e7ok b\u00fcy\u00fck ihtiyac\u0131m\u0131z olacak. Rakibimiz ka\u011f\u0131t \u00fczerinde bizden g\u00fc\u00e7l\u00fc, bunu biliyoruz. Hem bizden g\u00fc\u00e7l\u00fcler, hem de eksiklerimiz var. Ancak biz tak\u0131m\u0131m\u0131z\u0131 \u015eampiyonlar Ligi havas\u0131na soktuk. Futbolcular\u0131m, sahada iyi oynarlarsa skorun da gelece\u011fini biliyorlar&#8221;<\/p>\n<p style=\"text-align: justify;\">Tak\u0131m kaptan\u0131 Nenad Djordjevic ise, kaybedecek hi\u00e7bir \u015feylerinin olmad\u0131\u011f\u0131n\u0131 ifade ederek, &#8220;Sahada elimizden geleni yapaca\u011f\u0131z. Fenerbah\u00e7e \u00e7ok pahal\u0131 bir ekip. Belki bir oyuncusu bizim tak\u0131m\u0131m\u0131z\u0131n de\u011ferinde olabilir. Ama bu hi\u00e7 \u00f6nemli de\u011fil. \u00d6nemli olan sahadaki m\u00fccadelemiz ve g\u00f6sterece\u011fimiz performanst\u0131r&#8221; dedi.<\/p>\n<p style=\"text-align: justify;\">SIRPLARIN B\u00dcY\u00dcK AYIBI!<\/p>\n<p style=\"text-align: justify;\">Bu arada bas\u0131n toplant\u0131s\u0131nda T\u00fcrk terc\u00fcman\u0131n yer almamas\u0131 T\u00fcrk bas\u0131n mensuplar\u0131 taraf\u0131ndan b\u00fcy\u00fck tepki g\u00f6rd\u00fc. S\u0131rp kul\u00fcb\u00fcn yetkilileri Fenerbah\u00e7e kul\u00fcb\u00fcn\u00fcn kendilerinden terc\u00fcman talebinde bulunmad\u0131\u011f\u0131n\u0131 \u00f6ne s\u00fcrerken, Fenerbah\u00e7e kul\u00fcb\u00fc ise b\u00f6yle bir talep gerekmedi\u011fini, her kul\u00fcb\u00fcn bas\u0131n toplant\u0131s\u0131 i\u00e7in terc\u00fcman bulundurmas\u0131 gerekti\u011fini ifade etti.<\/p>\n<p style=\"text-align: justify;\">\u00d6te yandan Partizan&#8217;da, Soran Tosic, Ljubomir Fejsa ve Marco Jovanovic Pekin&#8217;deki olimpiyat oyunlar\u0131nda olmalar\u0131 nedeniyle yar\u0131ki ma\u00e7ta forma giyemeyecekler. Da Silva Moreira ise cezal\u0131 olmas\u0131 nedeniyle Fenerbah\u00e7e kar\u015f\u0131s\u0131nda oynayamayacak<\/p>\n<p style=\"text-align: justify;\">\u00a0<\/p>\n","protected":false},"excerpt":{"rendered":"<p style=\"text-align: center;\">\n<p style=\"text-align: justify;\">Partizan ma\u00e7\u0131 bas\u0131n toplant\u0131s\u0131nda ba\u015flad\u0131&#8230;<\/p>\n<p style=\"text-align: justify;\">\u015eampiyonlar Ligi 3. \u00f6n eleme turu ilk ma\u00e7\u0131nda Fenerbah\u00e7e ile yar\u0131n kar\u015f\u0131la\u015facak olan Partizan&#8217;da teknik direkt\u00f6r Slavisla Jokanovic ile tak\u0131m kaptan\u0131 Nenad Djordjevic bug\u00fcn bir bas\u0131n toplant\u0131s\u0131 d\u00fczenledi.<\/p>\n<p style=\"text-align: justify;\">Partizan Teknik Direkt\u00f6r\u00fc Slavisla Jokanovic, \u0130stanbul&#8217;a avantajl\u0131 bir skorla gitmek istediklerini ve bunun <\/p>\n","protected":false},"author":1,"featured_media":0,"comment_status":"open","ping_status":"open","sticky":false,"template":"","format":"standard","meta":{"footnotes":""},"categories":[42],"tags":[],"class_list":["post-296","post","type-post","status-publish","format-standard","hentry","category-spor","odd"],"_links":{"self":[{"href":"http:\/\/www.korhanyilmaz.com\/index.php?rest_route=\/wp\/v2\/posts\/296","targetHints":{"allow":["GET"]}}],"collection":[{"href":"http:\/\/www.korhanyilmaz.com\/index.php?rest_route=\/wp\/v2\/posts"}],"about":[{"href":"http:\/\/www.korhanyilmaz.com\/index.php?rest_route=\/wp\/v2\/types\/post"}],"author":[{"embeddable":true,"href":"http:\/\/www.korhanyilmaz.com\/index.php?rest_route=\/wp\/v2\/users\/1"}],"replies":[{"embeddable":true,"href":"http:\/\/www.korhanyilmaz.com\/index.php?rest_route=%2Fwp%2Fv2%2Fcomments&post=296"}],"version-history":[{"count":0,"href":"http:\/\/www.korhanyilmaz.com\/index.php?rest_route=\/wp\/v2\/posts\/296\/revisions"}],"wp:attachment":[{"href":"http:\/\/www.korhanyilmaz.com\/index.php?rest_route=%2Fwp%2Fv2%2Fmedia&parent=296"}],"wp:term":[{"taxonomy":"category","embeddable":true,"href":"http:\/\/www.korhanyilmaz.com\/index.php?rest_route=%2Fwp%2Fv2%2Fcategories&post=296"},{"taxonomy":"post_tag","embeddable":true,"href":"http:\/\/www.korhanyilmaz.com\/index.php?rest_route=%2Fwp%2Fv2%2Ftags&post=296"}],"curies":[{"name":"wp","href":"https:\/\/api.w.org\/{rel}","templated":true}]}}