{"id":29597,"date":"2011-03-23T17:42:20","date_gmt":"2011-03-23T15:42:20","guid":{"rendered":"http:\/\/www.korhanyilmaz.com\/?p=29597"},"modified":"2011-03-23T17:42:20","modified_gmt":"2011-03-23T15:42:20","slug":"mersinli-ciftci-de-chpden-aday-adayi","status":"publish","type":"post","link":"http:\/\/www.korhanyilmaz.com\/?p=29597","title":{"rendered":"Mersinli \u00e7ift\u00e7i de CHP&#8217;den aday aday\u0131"},"content":{"rendered":"<p style=\"text-align: justify;\"><a href=\"http:\/\/www.korhanyilmaz.com\/wp-content\/uploads\/2011\/03\/349.jpg\"  class=\"lightview\"><img loading=\"lazy\" decoding=\"async\" class=\"aligncenter size-full wp-image-29598\" src=\"http:\/\/www.korhanyilmaz.com\/wp-content\/uploads\/2011\/03\/349.jpg\" alt=\"\" width=\"307\" height=\"236\" \/><\/a><\/p>\n<p style=\"text-align: justify;\">Ba\u015fbakan Erdo\u011fan&#8217;\u0131n &#8220;Anan\u0131 da al git&#8221; dedi\u011fi Mersinli \u00e7ift\u00e7i Kemal \u00d6ncel, &#8220;Ergenekon&#8221; davas\u0131n\u0131n tutuklu san\u0131klar\u0131 Tuncay \u00d6zkan ve Mustafa Balbay ile eski bakanlardan Y\u00fcksel Yalova CHP&#8217;den milletvekili aday aday\u0131 oldu.<\/p>\n<p style=\"text-align: justify;\">Aday adayl\u0131k ba\u015fvurular\u0131n\u0131n 25 Mart Cuma g\u00fcn\u00fc son bulaca\u011f\u0131 ana muhalefet partisinde ba\u015fvuru say\u0131s\u0131 3 bine yakla\u015ft\u0131. <!--more--><\/p>\n<p style=\"text-align: justify;\">Onlardan biri de Ba\u015fbakan Erdo\u011fan&#8217;\u0131n &#8220;Anan\u0131 da al git&#8221; dedi\u011fi Mersinli \u00e7ift\u00e7iye ait.<\/p>\n<p style=\"text-align: justify;\">Ve ana muhalefetin di\u011fer aday adaylar\u0131. &#8220;Ergenekon&#8221; san\u0131\u011f\u0131 Mustafa Balbay&#8217;\u0131n ard\u0131ndan Tuncay \u00d6zkan da ba\u015fvurusunu yapt\u0131.<\/p>\n<p style=\"text-align: justify;\">\u00d6zkan&#8217;\u0131n avukat\u0131 Ahmet \u00c7\u00f6rto\u011flu yapt\u0131\u011f\u0131 a\u00e7\u0131klamada, \u0130stanbul 1. B\u00f6lge&#8217;den \u00d6zkan ad\u0131na CHP&#8217;ye aday adayl\u0131\u011f\u0131 ba\u015fvurusu yapt\u0131klar\u0131n\u0131 s\u00f6yledi.<\/p>\n<p style=\"text-align: justify;\">ANAP d\u00f6neminin bakanlar\u0131ndan Y\u00fcksel Yalova da Ayd\u0131n&#8217;dan aday aday\u0131.<\/p>\n<p style=\"text-align: justify;\">\u00d6te yandan, Y\u0131lmaz G\u00fcney&#8217;in k\u0131zkarde\u015fi G\u00fczide Say\u0131l, oyuncu Peker A\u00e7\u0131kal\u0131n, sunucu Mehpare \u00c7elik, Seyhan M\u00fczik&#8217;in sahibi B\u00fclent Seyhan da CHP&#8217;ye aday adayl\u0131\u011f\u0131 ba\u015fvurusu yapan di\u011fer isimlerden.<\/p>\n<p style=\"text-align: justify;\"><a href=\"http:\/\/www.cnnturk.com\/2011\/turkiye\/03\/23\/mersinli.ciftci.de.chpden.aday.adayi\/610926.0\/index.html\" target=\"_blank\"><span style=\"color: #888888;\">CNN T\u00dcRK<\/span><\/a><\/p>\n","protected":false},"excerpt":{"rendered":"<p style=\"text-align: justify;\">\n<p style=\"text-align: justify;\">Ba\u015fbakan Erdo\u011fan&#8217;\u0131n &#8220;Anan\u0131 da al git&#8221; dedi\u011fi Mersinli \u00e7ift\u00e7i Kemal \u00d6ncel, &#8220;Ergenekon&#8221; davas\u0131n\u0131n tutuklu san\u0131klar\u0131 Tuncay \u00d6zkan ve Mustafa Balbay ile eski bakanlardan Y\u00fcksel Yalova CHP&#8217;den milletvekili aday aday\u0131 oldu.<\/p>\n<p style=\"text-align: justify;\">Aday adayl\u0131k ba\u015fvurular\u0131n\u0131n 25 Mart Cuma g\u00fcn\u00fc son bulaca\u011f\u0131 ana muhalefet partisinde ba\u015fvuru say\u0131s\u0131 3 bine yakla\u015ft\u0131. <\/p>\n","protected":false},"author":1,"featured_media":0,"comment_status":"open","ping_status":"closed","sticky":false,"template":"","format":"standard","meta":{"footnotes":""},"categories":[105],"tags":[],"class_list":["post-29597","post","type-post","status-publish","format-standard","hentry","category-gundem","odd"],"_links":{"self":[{"href":"http:\/\/www.korhanyilmaz.com\/index.php?rest_route=\/wp\/v2\/posts\/29597","targetHints":{"allow":["GET"]}}],"collection":[{"href":"http:\/\/www.korhanyilmaz.com\/index.php?rest_route=\/wp\/v2\/posts"}],"about":[{"href":"http:\/\/www.korhanyilmaz.com\/index.php?rest_route=\/wp\/v2\/types\/post"}],"author":[{"embeddable":true,"href":"http:\/\/www.korhanyilmaz.com\/index.php?rest_route=\/wp\/v2\/users\/1"}],"replies":[{"embeddable":true,"href":"http:\/\/www.korhanyilmaz.com\/index.php?rest_route=%2Fwp%2Fv2%2Fcomments&post=29597"}],"version-history":[{"count":0,"href":"http:\/\/www.korhanyilmaz.com\/index.php?rest_route=\/wp\/v2\/posts\/29597\/revisions"}],"wp:attachment":[{"href":"http:\/\/www.korhanyilmaz.com\/index.php?rest_route=%2Fwp%2Fv2%2Fmedia&parent=29597"}],"wp:term":[{"taxonomy":"category","embeddable":true,"href":"http:\/\/www.korhanyilmaz.com\/index.php?rest_route=%2Fwp%2Fv2%2Fcategories&post=29597"},{"taxonomy":"post_tag","embeddable":true,"href":"http:\/\/www.korhanyilmaz.com\/index.php?rest_route=%2Fwp%2Fv2%2Ftags&post=29597"}],"curies":[{"name":"wp","href":"https:\/\/api.w.org\/{rel}","templated":true}]}}