{"id":29592,"date":"2011-03-23T15:52:10","date_gmt":"2011-03-23T13:52:10","guid":{"rendered":"http:\/\/www.korhanyilmaz.com\/?p=29592"},"modified":"2011-03-23T15:52:10","modified_gmt":"2011-03-23T13:52:10","slug":"kapatma-davasi-yok","status":"publish","type":"post","link":"http:\/\/www.korhanyilmaz.com\/?p=29592","title":{"rendered":"Kapatma davas\u0131 yok"},"content":{"rendered":"<p style=\"text-align: justify;\"><a href=\"http:\/\/www.korhanyilmaz.com\/wp-content\/uploads\/2011\/03\/348.jpg\"  class=\"lightview\"><img loading=\"lazy\" decoding=\"async\" class=\"aligncenter size-full wp-image-29593\" src=\"http:\/\/www.korhanyilmaz.com\/wp-content\/uploads\/2011\/03\/348.jpg\" alt=\"\" width=\"414\" height=\"220\" \/><\/a><\/p>\n<p style=\"text-align: justify;\">Yarg\u0131tay Cumhuriyet Ba\u015fsavc\u0131l\u0131\u011f\u0131, CHP&#8217;ye kapatma davas\u0131 a\u00e7\u0131laca\u011f\u0131 iddialar\u0131yla ilgili olarak a\u00e7\u0131klama yapt\u0131.<\/p>\n<p style=\"text-align: justify;\">ANKARA- Yarg\u0131tay Cumhuriyet Ba\u015fsavc\u0131l\u0131\u011f\u0131, CHP ile Halk TV aras\u0131nda ili\u015fki olup olmad\u0131\u011f\u0131na dair bilgi ve belgelere ula\u015f\u0131ld\u0131\u011f\u0131nda yasal gere\u011finin yap\u0131laca\u011f\u0131n\u0131 belirterek, Ba\u015fsavc\u0131l\u0131\u011f\u0131n siyasi parti kapatma davalar\u0131n\u0131 a\u00e7ma konusunda y\u00f6nlendirildi\u011fine ili\u015fkin yaz\u0131, haber, yorum ve d\u00fc\u015f\u00fcnce a\u00e7\u0131klamalar\u0131n\u0131 k\u0131nad\u0131klar\u0131n\u0131, Ba\u015fsavc\u0131l\u0131\u011fa yap\u0131lan sald\u0131r\u0131lar\u0131n, kabul edilemez ve kamuoyunu kas\u0131tl\u0131 olarak yanl\u0131\u015f bilgilendirme amac\u0131na y\u00f6nelik bir nitelikte g\u00f6r\u00fcld\u00fc\u011f\u00fcn\u00fc bildirdi. <!--more--><\/p>\n<p style=\"text-align: justify;\">Yarg\u0131tay Cumhuriyet Ba\u015fsavc\u0131l\u0131\u011f\u0131 Bas\u0131n B\u00fcrosundan yap\u0131lan yaz\u0131l\u0131 a\u00e7\u0131klamada, bir gazetede yer alan &#8221;CHP&#8217;ye Kapatma Davas\u0131&#8221; ba\u015fl\u0131kl\u0131 k\u00f6\u015fe yaz\u0131s\u0131nda yer alan iddialar nedeniyle a\u00e7\u0131klama yap\u0131larak, kamuoyunun ayd\u0131nlat\u0131lmas\u0131nda fayda g\u00f6r\u00fcld\u00fc\u011f\u00fc belirtildi.<\/p>\n<p style=\"text-align: justify;\">Anayasa Mahkemesince bir siyasi partinin Anayasa&#8217;n\u0131n 68, 69. ve 2820 say\u0131l\u0131 Siyasi Partiler Kanunu&#8217;nun 101. maddelerine ayk\u0131r\u0131 eylemlerde bulunmas\u0131 halinde kapat\u0131lmas\u0131na karar verilebilece\u011fi an\u0131msat\u0131lan a\u00e7\u0131klamada, bu maddelerde yazan hallerin d\u0131\u015f\u0131nda kalan siyasi parti eylemleri nedeniyle kapatma davas\u0131 a\u00e7\u0131lamayaca\u011f\u0131 gibi kapatma karar\u0131 da verilemeyece\u011fi kaydedildi.<\/p>\n<p style=\"text-align: justify;\">Herkesin basit bir ara\u015ft\u0131rma ile bu bilgilere ula\u015fmas\u0131n\u0131n m\u00fcmk\u00fcn oldu\u011fu kaydedilen a\u00e7\u0131klamada \u015fu ifadelere yer verildi:<\/p>\n<p style=\"text-align: justify;\">&#8221;Ancak bu ara\u015ft\u0131rmadan ka\u00e7\u0131n\u0131larak Anayasal bir kurum olan Yarg\u0131tay Cumhuriyet Ba\u015fsavc\u0131l\u0131\u011f\u0131na y\u00f6nelik bu t\u00fcr iddialar\u0131n hi\u00e7bir hukuki dayana\u011f\u0131 ve izah\u0131 bulunmamaktad\u0131r. Yanl\u0131\u015f ve isabetsiz yorumlarla sonu\u00e7lara varma gayretleri kamuoyunu yan\u0131ltmaya y\u00f6nelik olup kabul edilemez niteliktedir. As\u0131l amac\u0131 do\u011fru ve ger\u00e7ek haber yapmak olan bas\u0131n mensuplar\u0131n\u0131n bas\u0131n meslek ilkelerini g\u00f6z ard\u0131 ederek haber niteli\u011fi ta\u015f\u0131yan konular\u0131 oldu\u011fu gibi aktarmak yerine, i\u00e7eri\u011fi ve sonucu tamamen yanl\u0131\u015f \u015fekilde topluma ger\u00e7ek d\u0131\u015f\u0131 bilgi vermelerinin bas\u0131n \u00f6zg\u00fcrl\u00fc\u011f\u00fcyle de izah\u0131 m\u00fcmk\u00fcn de\u011fildir.<\/p>\n<p style=\"text-align: justify;\">Zira yaz\u0131da ge\u00e7en Ya\u015fam Televizyon Yay\u0131n Hizmetleri A\u015e (Kanalt\u00fcrk) ile CHP aras\u0131ndaki ili\u015fki ile ilgili olarak 21 Nisan 2008 g\u00fcnl\u00fc ve 6 say\u0131l\u0131 Bas\u0131n Bildirimizde de a\u00e7\u0131kland\u0131\u011f\u0131 \u00fczere Anayasa&#8217;n\u0131n 69 ve 2820 say\u0131l\u0131 Siyasi Partiler Kanununun 61-77 maddeleri uyar\u0131nca siyasi partinin mali denetimi kapsam\u0131nda g\u00f6r\u00fcld\u00fc\u011f\u00fcnden yetkili ve g\u00f6revli Anayasa Mahkemesi Ba\u015fkanl\u0131\u011f\u0131na g\u00f6nderildi\u011fi de kamuoyunun bilgisi dahilindedir.<\/p>\n<p style=\"text-align: justify;\">Anayasa Mahkemesinin konu ile ilgili karar\u0131 ise 08 Temmuz 2008 g\u00fcn ve 26930 say\u0131l\u0131 Resmi Gazete&#8217;de yay\u0131mlanm\u0131\u015f bulunmaktad\u0131r. Yarg\u0131tay Cumhuriyet Ba\u015fsavc\u0131l\u0131\u011f\u0131 taraf\u0131ndan, CHP ile Halk TV aras\u0131nda ili\u015fki oldu\u011funa dair bilgi ve belgelere ula\u015f\u0131ld\u0131\u011f\u0131nda da yap\u0131lacak de\u011ferlendirme sonucu yasal gere\u011fi yap\u0131lacakt\u0131r. Cumhuriyet savc\u0131lar\u0131n\u0131n y\u00fcr\u00fctt\u00fc\u011f\u00fc soru\u015fturmalarda ve a\u00e7t\u0131\u011f\u0131 davalarda hi\u00e7bir organ, makam, merci veya ki\u015filerden emir veya talimat almayan, tavsiye ve telkinlerle hareket etmeyen ba\u011f\u0131ms\u0131z bir kurumdur.<\/p>\n<p style=\"text-align: justify;\">Hukuki bilgi birikimleri bulunduklar\u0131 makam ve Anayasa ile yasalar\u0131n verdi\u011fi yetki ve g\u00f6rev gere\u011fi hi\u00e7bir kimsenin y\u00f6nlendirmesine, yard\u0131m\u0131na ve deste\u011fine ihtiyac\u0131 yoktur. Bu nedenle Yarg\u0131tay Cumhuriyet Ba\u015fsavc\u0131l\u0131\u011f\u0131n\u0131n siyasi parti kapatma davalar\u0131n\u0131 a\u00e7ma konusunda y\u00f6nlendirildi\u011fine ili\u015fkin yaz\u0131, haber, yorum ve d\u00fc\u015f\u00fcnce a\u00e7\u0131klamalar\u0131n\u0131 k\u0131n\u0131yor, hukuk devletinin de g\u00fcvencesi olan Ba\u015fsavc\u0131l\u0131\u011f\u0131m\u0131za yap\u0131lan sald\u0131r\u0131lar\u0131 kabul edilemez ve kamuoyunu kas\u0131tl\u0131 olarak yanl\u0131\u015f bilgilendirme amac\u0131na y\u00f6nelik bir nitelikte g\u00f6r\u00fcyoruz. Yarg\u0131tay Cumhuriyet Ba\u015fsavc\u0131l\u0131\u011f\u0131n\u0131 y\u0131pratmaya y\u00f6nelik, bas\u0131n \u00f6zg\u00fcrl\u00fc\u011f\u00fcn\u00fcn s\u0131n\u0131rlar\u0131n\u0131 ve bas\u0131n meslek ilkelerini yok sayan ger\u00e7ek d\u0131\u015f\u0131 haberler izlenmekte olup gerekti\u011finde yasal yollara ba\u015fvurulmaktad\u0131r.&#8221;<\/p>\n<p style=\"text-align: justify;\"><a href=\"http:\/\/www.gazeteport.com.tr\/GUNCEL\/NEWS\/GP_874527\" target=\"_blank\"><span style=\"color: #888888;\">Kaynak : GAZETEPORT<\/span><\/a><\/p>\n","protected":false},"excerpt":{"rendered":"<p style=\"text-align: justify;\">\n<p style=\"text-align: justify;\">Yarg\u0131tay Cumhuriyet Ba\u015fsavc\u0131l\u0131\u011f\u0131, CHP&#8217;ye kapatma davas\u0131 a\u00e7\u0131laca\u011f\u0131 iddialar\u0131yla ilgili olarak a\u00e7\u0131klama yapt\u0131.<\/p>\n<p style=\"text-align: justify;\">ANKARA- Yarg\u0131tay Cumhuriyet Ba\u015fsavc\u0131l\u0131\u011f\u0131, CHP ile Halk TV aras\u0131nda ili\u015fki olup olmad\u0131\u011f\u0131na dair bilgi ve belgelere ula\u015f\u0131ld\u0131\u011f\u0131nda yasal gere\u011finin yap\u0131laca\u011f\u0131n\u0131 belirterek, Ba\u015fsavc\u0131l\u0131\u011f\u0131n siyasi parti kapatma davalar\u0131n\u0131 a\u00e7ma konusunda y\u00f6nlendirildi\u011fine ili\u015fkin yaz\u0131, haber, yorum ve d\u00fc\u015f\u00fcnce a\u00e7\u0131klamalar\u0131n\u0131 <\/p>\n","protected":false},"author":1,"featured_media":0,"comment_status":"open","ping_status":"closed","sticky":false,"template":"","format":"standard","meta":{"footnotes":""},"categories":[105],"tags":[],"class_list":["post-29592","post","type-post","status-publish","format-standard","hentry","category-gundem","odd"],"_links":{"self":[{"href":"http:\/\/www.korhanyilmaz.com\/index.php?rest_route=\/wp\/v2\/posts\/29592","targetHints":{"allow":["GET"]}}],"collection":[{"href":"http:\/\/www.korhanyilmaz.com\/index.php?rest_route=\/wp\/v2\/posts"}],"about":[{"href":"http:\/\/www.korhanyilmaz.com\/index.php?rest_route=\/wp\/v2\/types\/post"}],"author":[{"embeddable":true,"href":"http:\/\/www.korhanyilmaz.com\/index.php?rest_route=\/wp\/v2\/users\/1"}],"replies":[{"embeddable":true,"href":"http:\/\/www.korhanyilmaz.com\/index.php?rest_route=%2Fwp%2Fv2%2Fcomments&post=29592"}],"version-history":[{"count":0,"href":"http:\/\/www.korhanyilmaz.com\/index.php?rest_route=\/wp\/v2\/posts\/29592\/revisions"}],"wp:attachment":[{"href":"http:\/\/www.korhanyilmaz.com\/index.php?rest_route=%2Fwp%2Fv2%2Fmedia&parent=29592"}],"wp:term":[{"taxonomy":"category","embeddable":true,"href":"http:\/\/www.korhanyilmaz.com\/index.php?rest_route=%2Fwp%2Fv2%2Fcategories&post=29592"},{"taxonomy":"post_tag","embeddable":true,"href":"http:\/\/www.korhanyilmaz.com\/index.php?rest_route=%2Fwp%2Fv2%2Ftags&post=29592"}],"curies":[{"name":"wp","href":"https:\/\/api.w.org\/{rel}","templated":true}]}}