{"id":29587,"date":"2011-03-22T16:44:29","date_gmt":"2011-03-22T14:44:29","guid":{"rendered":"http:\/\/www.korhanyilmaz.com\/?p=29587"},"modified":"2011-03-22T16:44:29","modified_gmt":"2011-03-22T14:44:29","slug":"demirtas-pkkyi-tahrik-etmek-istiyorlar","status":"publish","type":"post","link":"http:\/\/www.korhanyilmaz.com\/?p=29587","title":{"rendered":"Demirta\u015f: PKK&#8217;y\u0131 tahrik etmek istiyorlar"},"content":{"rendered":"<p style=\"text-align: justify;\"><a href=\"http:\/\/www.korhanyilmaz.com\/wp-content\/uploads\/2011\/03\/347.jpg\"  class=\"lightview\"><img loading=\"lazy\" decoding=\"async\" class=\"aligncenter size-full wp-image-29588\" src=\"http:\/\/www.korhanyilmaz.com\/wp-content\/uploads\/2011\/03\/347.jpg\" alt=\"\" width=\"398\" height=\"236\" \/><\/a><\/p>\n<p style=\"text-align: justify;\">BDP Genel Ba\u015fkan\u0131 Selahattin Demirta\u015f, \u0130stanbul Miletvekili Babahat Tunceli\u2019ni \u015e\u0131rnak\u2019\u0131n Silopi \u0130l\u00e7esi\u2019nde ba\u015fkomiseri tokatlamas\u0131yla ilgili, &#8220;Milletvekili arkada\u015flar\u0131m\u0131z\u0131n \u00f6zellikle i\u00e7inde bulunduklar\u0131 durum say\u0131n Tuncel ve say\u0131n Bengi Y\u0131ld\u0131z\u2019\u0131n i\u00e7inde bulunduklar\u0131 durum bizler a\u00e7\u0131s\u0131nda da \u2019Ke\u015fke ya\u015fanmayd\u0131\u2019 dedi\u011fimiz durumlard\u0131&#8221; dedi. <!--more--><\/p>\n<p style=\"text-align: justify;\">Tuncel\u2019e \u2019Densiz\u2019 diyen Ba\u015fbakan Recep Tayyip Erdo\u011fan\u2019\u0131 ele\u015ftiren Demirta\u015f, &#8220;Densizlikse sizin elinizde \u00f6zel g\u00fcvenlik g\u00fcc\u00fc haline getirdi\u011finiz polisiniz arac\u0131l\u0131\u011f\u0131yla bize yapt\u0131\u011f\u0131n\u0131z densizli\u011fin daniskas\u0131d\u0131r&#8221; dedi. Demirta\u015f, &#8220;Say\u0131n Ba\u015fbakan \u00e7\u0131k\u0131p, \u2019Kaos plan\u0131\u2019ndan bahsediyor. Kaos plan\u0131 budur i\u015fte. \u00d6zelikle alt\u0131n\u0131 \u00e7izerek belirtmek istiyorum g\u00f6r\u00fcnen o ki PKK\u2019y\u0131 tahrik etmeye ve ate\u015fkesi fiili olarak zorlamaya \u00e7al\u0131\u015fan birileri var&#8221; dedi.<\/p>\n<p style=\"text-align: justify;\">BDP Genel Ba\u015fkan\u0131 Selahattin Demirta\u015f, yard\u0131mc\u0131s\u0131 G\u00fcltan K\u0131\u015fanak ile partisinin Diyarbak\u0131r \u0130l Ba\u015fkanl\u0131\u011f\u0131\u2019nda yapt\u0131\u011f\u0131 bas\u0131n toplant\u0131s\u0131nda, son g\u00fcnlerde b\u00f6lgedeki geli\u015fmeler ve \u0130stanbul Milletvekili Sebahat Tuncel\u2019in \u015e\u0131rnak\u2019\u0131n Silopi \u0130l\u00e7esi\u2019nde ba\u015fkomiseri tokat atmas\u0131n\u0131 de\u011ferlendirdi. Ba\u015fbakan Recep Tayyip Erdo\u011fan\u2019\u0131n nevruz \u00f6ncesi ve sonras\u0131 yapt\u0131\u011f\u0131 a\u00e7\u0131klamalarda h\u00fck\u00fcmetin verdikleri mesaj\u0131 duymad\u0131\u011f\u0131n\u0131n anla\u015f\u0131ld\u0131\u011f\u0131n\u0131 s\u00f6yleyen Demirta\u015f, h\u00fck\u00fcmetin h\u00e2l\u00e2 k\u00f6rler ve sa\u011f\u0131rlar\u0131 oynad\u0131\u011f\u0131n\u0131 ileri s\u00fcrd\u00fc. Demirta\u015f, \u015f\u00f6yle dedi:<\/p>\n<p style=\"text-align: justify;\">&#8220;Diyarbak\u0131r, Batman, Viran\u015fehir, Hakkari, Y\u00fcksekova, Silopi\u2019de, Cizre\u2019de bir\u00e7ok yerde son derece hukuksuz, hi\u00e7bir m\u00fcdahale gerek\u00e7esi olmamas\u0131na ra\u011fmen. \u00c7ok ilgin\u00e7tir alt\u0131n\u0131 \u00e7izerek ifade ediyorum; Yasal a\u00e7\u0131dan hi\u00e7bir m\u00fcdahale ko\u015fulu olu\u015fmams\u0131na ra\u011fmen polisin a\u015f\u0131r\u0131 g\u00fc\u00e7 kullan\u0131m\u0131, \u00e7ok sert m\u00fcdahaleler ger\u00e7ekle\u015ftirmesi h\u00fck\u00fcmetin herhalde mesajlar\u0131m\u0131za, taleplerimize verdi\u011fi bir yan\u0131t oldu. Biz \u015fundan art\u0131k eminiz ki do\u011frudan h\u00fck\u00fcmetten emir alarak yerel inisiyatifle de\u011fil, merkezi bir inisiyatifle h\u00fck\u00fcmetten emir alarak bu m\u00fcdahaleler ger\u00e7ekle\u015fiyor. Polis AKP\u2019nin emrinde, h\u00fck\u00fcmetin de\u011fil. AKP\u2019nin emrinde \u00e7al\u0131\u015f\u0131r posizyona d\u00fc\u015fm\u00fc\u015f durumda m\u00fcdahaleler \u00e7ok sert, \u00e7ok orant\u0131s\u0131z, kad\u0131n, \u00e7ocuk \u00f6zellikle hedeflenerek saatlerce gaz bombalar\u0131yla, coplarla, kalaslarla insanlar meydanlarda i\u015fkencelerden ge\u00e7iriliyor. Maalesef co\u015fkulu nevruz kutlamalar\u0131 ve bu m\u00fcdahaleler T\u00fcrkiye medyas\u0131nda yer alm\u0131yor. D\u00fcnyan\u0131n ba\u015fka bir yerinde bunlar ya\u015fansa belki de g\u00fcnlerce medyan\u0131n i\u015fleyece\u011fi konular medyada yer alm\u0131yor. 4 g\u00fcn i\u00e7erisinde 3 milyondan fazla insan alanlarda nevruzu kutluyor. Ama bunlar T\u00fcrkiye\u2019de malasef haber de\u011feri ta\u015f\u0131m\u0131yor. Ya da bir\u00e7ok yerde k\u00fc\u00e7\u00fck \u00e7ocuklardan kad\u0131nlara kadar, kad\u0131nlar sa\u00e7lar\u0131ndan yerlerden s\u00fcr\u00fcklenerek kalas ve coplarla i\u015fkencelerden ge\u00e7iriliyor. Bunlar yay\u0131nlanm\u0131yor.&#8221;<\/p>\n<p style=\"text-align: justify;\"><strong>&#8220;KE\u015eKE YA\u015eANMASAYDI&#8221; <\/strong><\/p>\n<p style=\"text-align: justify;\">Demirta\u015f, nevruz kutlamalar\u0131nda &#8220;Ke\u015fke olmasayd\u0131&#8221;, &#8220;Ke\u015fke ya\u015fanmas\u0131yd\u0131&#8221; dedikleri olaylar oldu\u011funu s\u00f6yledi. Demirta\u015f, &#8220;Milletvekili arkada\u015flar\u0131m\u0131z\u0131n \u00f6zellikle i\u00e7inde bulunduklar\u0131 durum say\u0131n Tuncel ve say\u0131n Bengi Y\u0131ld\u0131z\u2019\u0131n i\u00e7inde bulunduklar\u0131 durum bizler a\u00e7\u0131s\u0131nda da, \u2019Ke\u015fke ya\u015fanmayd\u0131\u2019 dedi\u011fimiz durumlard\u0131&#8221; dedikten sonra \u015f\u00f6yle konu\u015ftu;<\/p>\n<p style=\"text-align: justify;\">&#8220;Ama \u00f6ncesine y\u00f6nelik \u00f6zellikle milletvekillerimizin kontrollerini kaybetmesine neden olan \u00f6nceki olaylar yans\u0131may\u0131nca, T\u00fcrkiye kamuoyu taraf\u0131ndan g\u00f6r\u00fclmeyince bilinmeyince mesele de anla\u015f\u0131lm\u0131yor. Say\u0131n Ba\u015fbakan bu durumla ilgili en hafif tabir olarak \u2019densizli\u011fi\u2019 kullan\u0131yor. Orada bir milletin vekili var. O milletin vekili, milletin temsilcidir. Milletin temsilcisine polis gaz s\u0131kacak, bas\u0131n\u00e7l\u0131 su s\u0131kacak, k\u00fcf\u00fcr edecek, hakaret edecek buna kar\u015f\u0131 tek bir soru\u015fturma a\u00e7ma ihtiyac\u0131 duymayacak, tek bir c\u00fcmle sarf etmeyeceksiniz. Ama milletin temsilcisi, devlet temsilcisine fiili bir durumda bulundu diye k\u0131yameti kopar\u0131p savc\u0131lar\u0131 g\u00f6reve \u00e7a\u011f\u0131racaks\u0131n\u0131z. Bunun da ad\u0131 en hafif deyimiyle iki y\u00fczl\u00fcl\u00fckt\u00fcr. Silopi\u2019de, devletin polisi dedi\u011fimiz asl\u0131nda AKP\u2019nin polisi, milletvekilimizin baca\u011f\u0131n\u0131 k\u0131rd\u0131\u011f\u0131nda ki kendisi hala yurt d\u0131\u015f\u0131nda hala tedavi g\u00f6r\u00fcyor. A\u00e7\u0131klama yapmayan, yapma ihtiyac\u0131 duymayan bu nas\u0131l bir densizliktir. Demeyen, diyemeyen bir Ba\u015fbakan\u2019\u0131n bug\u00fcn \u00e7\u0131k\u0131p nevruzda ya\u015fanan bu kadar \u015fiddet olay\u0131n\u0131, halk\u0131n \u00fczerine bu kadar bask\u0131y\u0131 \u00f6rtbas etmek istercesine BDP\u2019liler \u015fiddet kullan\u0131yor demesi iki y\u00fczl\u00fcl\u00fckt\u00fcr. Vicdans\u0131zl\u0131kt\u0131r.&#8221;<\/p>\n<p style=\"text-align: justify;\">Demirta\u015f, \u015eanl\u0131urfa\u2019da pazartesi g\u00fcn\u00fc yap\u0131lan nevruz kutlamas\u0131n\u0131n alana giri\u015finde polisin bir genel ba\u015fkan, milletvekili olarak kendisini tartaklad\u0131\u011f\u0131n\u0131 \u00f6ne s\u00fcrd\u00fc. Bu g\u00f6r\u00fct\u00fclerin polisin elinde oldu\u011funu ve medyaya aktarmas\u0131n\u0131 isteyen Demirta\u015f, daha \u00f6nce bir\u00e7ok milletvekilleriin polis taraf\u0131ndan defalarca sald\u0131r\u0131ya u\u011frad\u0131\u011f\u0131n\u0131 ileri s\u00fcrd\u00fc. K\u00fcf\u00fcr, hakaretlere maruz kald\u0131klar\u0131n\u0131 ancak a\u00e7\u0131klama ihtiyac\u0131 duymad\u0131klar\u0131n\u0131 anlatan Demirta\u015f, \u015f\u00f6yle dedi:<\/p>\n<p style=\"text-align: justify;\">&#8220;Densizlikse sizin elinizde \u00f6zel g\u00fcvenlik g\u00fcc\u00fc haline getirdi\u011finiz polisiniz arac\u0131l\u0131\u011f\u0131yla bize yapt\u0131\u011f\u0131n\u0131z densizli\u011fin daniskas\u0131d\u0131r. \u00c7\u0131k\u0131n bunlara cevap verin kad\u0131n, \u00e7oluk- \u00e7ocuk demeden kalaslarla yerlerde s\u00fcr\u00fckleyip. Coplarla yasal s\u0131n\u0131rlar\u0131, m\u00fcdahale durumunu a\u015fan yurtta\u015flar\u0131 d\u00fc\u015fmanca g\u00f6r\u00fcp \u00f6ld\u00fcresiye d\u00f6ven anlay\u0131\u015f densizlik olmuyor da buna kar\u015f\u0131 arzulamad\u0131\u011f\u0131m\u0131z, \u2019Ke\u015fke olmasayd\u0131\u2019 dedi\u011fim durum ortaya \u00e7\u0131k\u0131nca miletvekillerimize y\u00f6nelik savc\u0131lar\u0131 g\u00f6reve \u00e7a\u011f\u0131racaks\u0131n\u0131z. Say\u0131n Sevahir Bay\u0131nd\u0131r\u2019\u0131n baca\u011f\u0131n\u0131 k\u0131ran polis hak\u0131nda ne yapt\u0131n say\u0131n Ba\u015fbakan? Bir miletin vekili Silopi\u2019de orada Sabahat han\u0131m\u0131n i\u00e7ine d\u00fc\u015ft\u00fc\u011f\u00fc durumun ya\u015fand\u0131\u011f\u0131 \u015fehirde bir miletvekilinin baca\u011f\u0131 k\u0131r\u0131ld\u0131 a\u00e7\u0131klama yapt\u0131n m\u0131? \u0130\u00e7i\u015fleri Bakan\u0131 bir milletvekili senin emrindeki polis taraf\u0131ndan d\u00f6v\u00fcl\u00fcrken a\u00e7\u0131klama yapt\u0131n m\u0131? Kendi polisinle ilgili soru\u015fturma yapt\u0131n m\u0131 bunlar\u0131 a\u00e7\u0131kla \u00f6nce? Bug\u00fcnlere gelirken ge\u00e7mi\u015fte neler ya\u015fand\u0131 o miletvekilerimiz o duruma gelinceye kadar orada neler ya\u015fand\u0131 bunlar\u0131 a\u00e7\u0131klay\u0131n \u00f6nce.&#8221;<\/p>\n<p style=\"text-align: justify;\">Olaylarla ilgili milletvekili arkada\u015flar\u0131yla g\u00f6r\u00fc\u015ft\u00fc\u011f\u00fcn\u00fc belirten Demirta\u015f, arkada\u015flar\u0131n\u0131n polisin dakikalarca gaz bombas\u0131 att\u0131\u011f\u0131n\u0131 aktard\u0131\u011f\u0131n\u0131 anlatt\u0131. Diyarbak\u0131\u2019da helikopterden gaz bombas\u0131 at\u0131ld\u0131\u011f\u0131n\u0131, Batman, Silopi\u2019de gaz bombalar\u0131 kullan\u0131ld\u0131\u011f\u0131n\u0131 s\u00f6yleyen Demirta\u015f, &#8220;Siz kime ne m\u00fcdahalesi yap\u0131yorsunuz? D\u00fc\u015fman m\u0131, d\u00fc\u015fman kuvvetleri mi var? Milletvekilerim oradaki a\u015f\u0131r\u0131 m\u00fcdahaleyi durdurmaya \u00e7ocuklar\u0131 kad\u0131nlar\u0131 \u00f6l\u00fcmden kurtarmaya \u00e7al\u0131\u015f\u0131yor. Bunlar niye g\u00f6r\u00fclm\u00fcyor? Medya niye bunlar\u0131 vermiyor = Say\u0131n Ba\u015fbakan bunlar\u0131 niye a\u00e7\u0131klam\u0131yor? Bunlar bilinmeyince, g\u00f6r\u00fclmeyince sanki ortal\u0131k g\u00fcll\u00fck g\u00fclistanl\u0131k, sanki ortada AKP\u2019nin kaos plan\u0131 yok, BDP \u015fiddet kulanmaya \u00e7al\u0131\u015f\u0131yor. B\u00f6yle bir \u015fey yok; zinhar reddediyoruz. Nevruzda \u2019En bar\u0131\u015f\u00e7\u0131l \u015fekilde ta\u015fk\u0131nl\u0131k olmadan ge\u00e7mesi i\u00e7in \u00e7aba sarf edece\u011fiz\u2019 dedik. Bu \u00e7abay\u0131 sarf ettik. Ama, her yerde \u00f6zellikle emir alm\u0131\u015f\u00e7as\u0131na a\u015f\u0131r\u0131 g\u00fc\u00e7 kullan\u0131ld\u0131. Maalesef bug\u00fcn b\u00f6ylesi bir tablonun ortaya \u00e7\u0131kmas\u0131na yol a\u00e7m\u0131\u015ft\u0131r. Bunlar\u0131n g\u00f6r\u00fclmesi laz\u0131m&#8221; dedi.<\/p>\n<p style=\"text-align: justify;\">Demirta\u015f, Ba\u015fbakan Erdo\u011fan\u2019\u0131n nevruz vesilesiyle de tavr\u0131n\u0131 bir kez daha ortaya koydu\u011funu, b\u00f6lgedeki m\u00fcdahalelerde abart\u0131l\u0131 gaz kulan\u0131ld\u0131\u011f\u0131n\u0131, milyonlarca K\u00fcrd\u2019\u00fcn meydana \u00e7\u0131k\u0131p bar\u0131\u015f istedi\u011fini ifade ederken, &#8220;Say\u0131n Ba\u015fbakan\u2019a \u015funu ifade ediyorum. K\u00fcrt halk\u0131ndan korkmay\u0131n. Korkacaksan\u0131z yapt\u0131\u011f\u0131n\u0131z, kendi zul\u00fcm\u00fcn\u00fczden korkun. Sizi g\u00f6t\u00fcrecekse, kendi zulm\u00fcn\u00fcz g\u00f6t\u00fcrecek. \u00d6rtmeye \u00e7al\u0131\u015ft\u0131\u011f\u0131n\u0131z zul\u00fcm\u00fcn\u00fc g\u00f6t\u00fcrecek. Bunu bilmenizde fayda var&#8221; dedi.<\/p>\n<p style=\"text-align: justify;\"><strong>TATLISES VAKASIYLA PART\u0130M\u0130Z\u0130N B\u0130R \u0130LG\u0130S\u0130 YOK<\/strong><\/p>\n<p style=\"text-align: justify;\">Demirta\u015f, \u0130stanbul\u2019da u\u011frad\u0131\u011f\u0131 silahl\u0131 sald\u0131r\u0131da a\u011f\u0131r yaralanan \u0130brahim Tatl\u0131ses soru\u015fturmas\u0131nda kompyo operasyonuyla tutuklanan parti y\u00f6neticileri oldu\u011funu s\u00f6yledi. Demirta\u015f, &#8220;Arkada\u015flar\u0131m\u0131z, Tatl\u0131ses sald\u0131r\u0131s\u0131yla ili\u015fkilendirilmeye \u00e7al\u0131\u015f\u0131larak en az\u0131ndan medya \u00fczerinden \u00f6zellikle de AKP\u2019ye yak\u0131n medya \u00fczerinden kirli propa\u011fanda y\u00fcr\u00fct\u00fclerek tutukland\u0131. Tutuklanan arkada\u015flar\u0131m\u0131z\u0131n veya herhangi bir partili yetkilimizin asla Tatl\u0131ses vakas\u0131yla hi\u00e7 bir ili\u015fkisi yoktur. B\u00f6yle kirli, al\u00e7akla tezgah\u0131n i\u00e7inde asla olmad\u0131k, olmay\u0131z. Bunun bilinmesini istiyoruz. Fakat bu komplonun ad\u0131m ad\u0131m nas\u0131l ger\u00e7ekle\u015fti\u011fini de her halde \u00f6n\u00fcm\u00fczdeki yarg\u0131lama s\u00fcre\u00e7inde ortaya \u00e7\u0131karaca\u011f\u0131z. Bu kirli tezgah bir \u015fekilde partimizle ili\u015fkilendirilmeye \u00e7al\u0131\u015f\u0131ly\u0131yor, \u00fclk\u00fcc\u00fc mafyan\u0131n ger\u00e7ekle\u015ftirdi\u011fi, arkas\u0131nda derin g\u00fc\u00e7lerin oldu\u011fu bu tezgah partimizle ili\u015fkilendirilmeye \u00e7al\u0131\u015f\u0131l\u0131yor, se\u00e7im \u00f6ncesinde BDP vurulmaya \u00e7al\u0131\u015f\u0131l\u0131yor&#8221; dedi.<\/p>\n<p style=\"text-align: justify;\">Demirta\u015f, siyasi ve askeri operasyonlar\u0131n devam etti\u011fini, PKK\u2019y\u0131 tahrik etmeye ve \u00f6rg\u00fct\u00fcn ilan etti\u011fi ate\u015fkesi fiili olarak zorlamaya \u00e7al\u0131\u015fan birileri oldu\u011funu ileri s\u00fcrerken, &#8220;Bu askeri, siyasi operasyonlarla ve nevruza y\u00f6nelik m\u00fcdahaleleri bu y\u00fczden ger\u00e7ekle\u015ftiriyorlar diye d\u00fc\u015f\u00fcn\u00fcyor ve buna inan\u0131yorum. Yoksa bizim yapt\u0131\u011f\u0131m\u0131z kitlesel eylem ve etkinliklerin en \u00f6nemli amac\u0131; sava\u015f\u0131 durdurabilmek, \u00e7at\u0131\u015fmalar\u0131n \u00f6n\u00fcne ge\u00e7mektir. Halk taleplerini demokratik olarak ifade etti\u011fi oranda siyasetin \u00f6n\u00fc a\u00e7\u0131ld\u0131\u011f\u0131 oranda \u00e7at\u0131\u015fma sava\u015f bitme ve bar\u0131\u015f\u0131n gelme olas\u0131l\u0131\u011f\u0131 y\u00fcksek olur. Bu nedenle bunu engelleyenler bilinsin ki kaos plan\u0131n\u0131 yapanlard\u0131r. Bunu engelleyenler halka y\u00f6nelik siyasi operasyonlar\u0131 ger\u00e7ekle\u015ftirenler bu kaos plan\u0131n\u0131n par\u00e7as\u0131 olurlar bilerek veya bilmeyerek&#8221;<\/p>\n<p style=\"text-align: justify;\">diye devam etti:<\/p>\n<p style=\"text-align: justify;\">Demirta\u015f, Libya lideri Kaddafi, M\u0131s\u0131r eski cumhurba\u015fkan\u0131 M\u00fcbarek\u2019e kar\u015f\u0131 di\u011fer diktat\u00f6rlere kar\u015f\u0131 bug\u00fcne kadar tek c\u00fcmle etmedi\u011fini ileri s\u00fcrd\u00fc\u011f\u00fc h\u00fck\u00fcmetinin acizk duruma d\u00fc\u015ft\u00fc\u011f\u00fcn\u00fc, h\u00fck\u00fcmetten a\u00e7\u0131k\u00e7a operasyonun son bulmas\u0131 \u0131\u00e7\u0131n gerekli giri\u015fimlerde bulunmas\u0131n\u0131 istediklerini s\u00f6yledi.<\/p>\n<p style=\"text-align: justify;\">Gazetecilerin sorular\u0131n\u0131 yan\u0131tlayan Selahattin Demirta\u015f, \u00e7at\u0131\u015fmas\u0131zl\u0131k ortam\u0131n\u0131n ne kadar s\u00fcrece\u011fiyle ilgili bir soruya, &#8220;Bu konuda biz, BDP karar verici de\u011filiz. Bizim her zamanki tavr\u0131m\u0131z \u00e7at\u0131\u015fmas\u0131zl\u0131ktan yanad\u0131r. Ancak h\u00fck\u00fcmetin bu konuda ataca\u011f\u0131 somut ad\u0131mlar \u00e7ok \u00f6nemliydi. 3 milyon insan bir haftad\u0131r sokakta. Ba\u015fbakan ise nevruzla ilgili \u2019Bu milletvekilerinden hesab\u0131n\u0131 soraca\u011f\u0131z\u2019 diyor. Nevruzla ilgili s\u00f6yledi\u011fi tek \u015fey bu. Sen kimsin, kimden hesap soruyorsun. 3 milyon insan senden hesap sormak i\u00e7in soka\u011fa inmi\u015f. Sen buna cevap ver \u00f6nce. Bu talebi duydun mu, duymad\u0131n m\u0131? H\u00fck\u00fcmetin bu durumu bizi a\u00e7\u0131k\u00e7a kayg\u0131land\u0131r\u0131yor&#8221; dedi.<\/p>\n<p style=\"text-align: justify;\">Demirta\u015f, PKK\u2019y\u0131 kimlerin tahrik etmek istedi\u011fine ili\u015fkin soru \u00fczerine, &#8220;Hi\u00e7 de derin de\u011fil bu g\u00fc\u00e7ler. Polis derin bir g\u00fc\u00e7 m\u00fcd\u00fcr? H\u00fck\u00fcmetin emrindedir. H\u00fck\u00fcmet bu kadar operasyonu tutuklamay\u0131 niye yap\u0131yor? H\u00fck\u00fcmetin bar\u0131\u015f konusunda somut ad\u0131m atma niyetlerinin olmad\u0131\u011f\u0131n\u0131 somut g\u00f6stergesidir bunlar&#8221; dedi. Demirta\u015f, 2012 y\u0131l\u0131nda K\u00fcrt sorununun bu a\u015famada olmayaca\u011f\u0131n\u0131, AK Parti\u2019den sadece operasyonlar\u0131 durdurmas\u0131n\u0131 ve s\u00fcreci provoke eden yakla\u015f\u0131mlar\u0131 durdmas\u0131n\u0131 istediklerini, ortaya koyduklar\u0131 talepleri halk\u0131m\u0131z\u0131n \u00f6z g\u00fcc\u00fcyle ger\u00e7ekle\u015ftireceklerini s\u00f6yledi.<\/p>\n<p style=\"text-align: justify;\">BDP Genel Ba\u015fkan Yard\u0131mc\u0131s\u0131 G\u00fcltan K\u0131\u015fanak ise, Sabahat Tuncer\u2019in polise tokat atma olay\u0131yla ilgili, &#8220;Tabii ki biz bu i\u015fin vard\u0131\u011f\u0131 nokta itibar\u0131yle \u2019Ke\u015fke olmas\u0131n\u2019 diyoruz. Ama ger\u00e7ektende 4 y\u0131ld\u0131r ayn\u0131 sald\u0131r\u0131lara maruz kal\u0131yoruz. Gitti\u011fimiz hi\u00e7 bir yerde kamu g\u00f6revlilerinden \u2019Bu miletin temsilcisidir\u2019, \u2019Buna gereken sayg\u0131nl\u0131\u011f\u0131 g\u00f6sterme\u2019 yakla\u015f\u0131m\u0131n\u0131 g\u00f6rm\u00fcyoruz. Bunun da asl\u0131nda siyasi iktidar\u0131n tutumundan cesaret alan bir tutum oldu\u011funu biliyoruz. Daha 2 hafta \u00f6nce 1 Mart\u2019ta 8 mart mitinglerinin start\u0131n\u0131 Silopi\u2019de vermeye gitti\u011fimde ayn\u0131 yakla\u015f\u0131m\u0131 ben de g\u00f6rd\u00fcm. Bu durum kar\u015f\u0131s\u0131nda sa\u011fduyuyu korumak bu kadar kolay de\u011fil. Her zaman da sineye \u00e7ekemiyorsunuz. Bizim 4 y\u0131ld\u0131r nelerle kar\u015f\u0131la\u015ft\u0131\u011f\u0131m\u0131z\u0131 herkes biliyor. \u00d6nceki g\u00fcn nevruzda Diyarbak\u0131r\u2019da ben de gaz bombalar\u0131na maruz kald\u0131m&#8221; dedi.<\/p>\n<p style=\"text-align: justify;\"><span style=\"color: #888888;\">Canan ALTINTA\u015e- Serdar SUNAR\/D\u0130YARBAKIR, (DHA)<\/span><\/p>\n<p style=\"text-align: justify;\"><a href=\"http:\/\/www.milliyet.com.tr\/demirtas-pkk-yi-tahrik-etmek-istiyorlar\/siyaset\/sondakika\/22.03.2011\/1367703\/default.htm\" target=\"_blank\"><span style=\"color: #888888;\">Kaynak : Milliyet<\/span><\/a><\/p>\n","protected":false},"excerpt":{"rendered":"<p style=\"text-align: justify;\">\n<p style=\"text-align: justify;\">BDP Genel Ba\u015fkan\u0131 Selahattin Demirta\u015f, \u0130stanbul Miletvekili Babahat Tunceli\u2019ni \u015e\u0131rnak\u2019\u0131n Silopi \u0130l\u00e7esi\u2019nde ba\u015fkomiseri tokatlamas\u0131yla ilgili, &#8220;Milletvekili arkada\u015flar\u0131m\u0131z\u0131n \u00f6zellikle i\u00e7inde bulunduklar\u0131 durum say\u0131n Tuncel ve say\u0131n Bengi Y\u0131ld\u0131z\u2019\u0131n i\u00e7inde bulunduklar\u0131 durum bizler a\u00e7\u0131s\u0131nda da \u2019Ke\u015fke ya\u015fanmayd\u0131\u2019 dedi\u011fimiz durumlard\u0131&#8221; dedi. <\/p>\n","protected":false},"author":1,"featured_media":0,"comment_status":"open","ping_status":"closed","sticky":false,"template":"","format":"standard","meta":{"footnotes":""},"categories":[105],"tags":[],"class_list":["post-29587","post","type-post","status-publish","format-standard","hentry","category-gundem","odd"],"_links":{"self":[{"href":"http:\/\/www.korhanyilmaz.com\/index.php?rest_route=\/wp\/v2\/posts\/29587","targetHints":{"allow":["GET"]}}],"collection":[{"href":"http:\/\/www.korhanyilmaz.com\/index.php?rest_route=\/wp\/v2\/posts"}],"about":[{"href":"http:\/\/www.korhanyilmaz.com\/index.php?rest_route=\/wp\/v2\/types\/post"}],"author":[{"embeddable":true,"href":"http:\/\/www.korhanyilmaz.com\/index.php?rest_route=\/wp\/v2\/users\/1"}],"replies":[{"embeddable":true,"href":"http:\/\/www.korhanyilmaz.com\/index.php?rest_route=%2Fwp%2Fv2%2Fcomments&post=29587"}],"version-history":[{"count":0,"href":"http:\/\/www.korhanyilmaz.com\/index.php?rest_route=\/wp\/v2\/posts\/29587\/revisions"}],"wp:attachment":[{"href":"http:\/\/www.korhanyilmaz.com\/index.php?rest_route=%2Fwp%2Fv2%2Fmedia&parent=29587"}],"wp:term":[{"taxonomy":"category","embeddable":true,"href":"http:\/\/www.korhanyilmaz.com\/index.php?rest_route=%2Fwp%2Fv2%2Fcategories&post=29587"},{"taxonomy":"post_tag","embeddable":true,"href":"http:\/\/www.korhanyilmaz.com\/index.php?rest_route=%2Fwp%2Fv2%2Ftags&post=29587"}],"curies":[{"name":"wp","href":"https:\/\/api.w.org\/{rel}","templated":true}]}}