{"id":29583,"date":"2011-03-22T15:52:26","date_gmt":"2011-03-22T13:52:26","guid":{"rendered":"http:\/\/www.korhanyilmaz.com\/?p=29583"},"modified":"2011-03-22T15:52:26","modified_gmt":"2011-03-22T13:52:26","slug":"bdpli-vekillere-ankaradan-cok-sert-tepki","status":"publish","type":"post","link":"http:\/\/www.korhanyilmaz.com\/?p=29583","title":{"rendered":"BDP&#8217;li vekillere Ankara&#8217;dan \u00e7ok sert tepki"},"content":{"rendered":"<p style=\"text-align: center;\"><a href=\"http:\/\/www.korhanyilmaz.com\/wp-content\/uploads\/2011\/03\/346.jpg\"  class=\"lightview\"><img loading=\"lazy\" decoding=\"async\" class=\"aligncenter size-full wp-image-29584\" src=\"http:\/\/www.korhanyilmaz.com\/wp-content\/uploads\/2011\/03\/346.jpg\" alt=\"\" width=\"411\" height=\"204\" \/><\/a><\/p>\n<p style=\"text-align: justify;\">BDP milletvekili Sebahat Tuncel&#8217;in bir ba\u015fkomisere att\u0131\u011f\u0131 tokat ve BDP Grup Ba\u015fkanvekili Bengi Y\u0131ld\u0131z&#8217;\u0131n elinde ta\u015fla yol kesmesi Ankara g\u00fcndemine d\u00fc\u015ft\u00fc. Vekillere \u00e7ok sert tepkiler geliyor. \u015e\u0131rnak Emniyeti Tuncel hakk\u0131nda su\u00e7 duyurusunda bulundu.<!--more--><\/p>\n<p style=\"text-align: justify;\">\u0130stanbul- Silopi il\u00e7esinde d\u00fcn d\u00fczenlenen Nevruz kutlamalar\u0131n\u0131n ard\u0131ndan d\u00fczenlenen izinsiz y\u00fcr\u00fcy\u00fc\u015fte BDP \u0130stanbul Milletvekili Sebahat Tuncel&#8217;in Ba\u015fkomiser Murat \u00c7etiner&#8217;e tokat atmas\u0131 ile ilgili \u015e\u0131rnak Emniyet M\u00fcd\u00fcrl\u00fc\u011f\u00fc ve Ba\u015fkomiser \u00c7etiner, Cumhuriyet Ba\u015fsavc\u0131l\u0131\u011f\u0131&#8217;na &#8221;Halk\u0131 su\u00e7 i\u015flemeye tahrik etmek, ter\u00f6r \u00f6rg\u00fct\u00fcn\u00fcn propagandas\u0131n\u0131 yapmak, g\u00f6revli memura mukavemet ve hakaret&#8221; ile &#8221;2911 say\u0131l\u0131 kanuna muhalefet&#8221; iddias\u0131yla ayr\u0131 ayr\u0131 su\u00e7 duyurusunda bulundu.<\/p>\n<p style=\"text-align: justify;\"><strong>\u0130zinsiz g\u00f6steriye soru\u015fturma <\/strong><\/p>\n<p style=\"text-align: justify;\">\u00d6te yandan Silopi Cumhuriyet Ba\u015fsavc\u0131l\u0131\u011f\u0131 da izinsiz y\u00fcr\u00fcy\u00fc\u015fte \u00e7\u0131kan olaylarla ilgili soru\u015fturma ba\u015flatt\u0131\u011f\u0131 \u00f6\u011frenildi.<\/p>\n<p style=\"text-align: justify;\"><strong>&#8220;Asla kabul edilmeyecek davran\u0131\u015f&#8221; <\/strong><\/p>\n<p style=\"text-align: justify;\">Nevruz kutlamalar\u0131nda, objektiflere ellerinde ta\u015f ve polise tokatla yans\u0131yan BDP&#8217;li vekiller i\u00e7in Meclis Ba\u015fkan\u0131 Mehmet Ali \u015eahin de\u011ferlendirmede bulundu. Elinde ta\u015f bulunan milletvekilinin ayn\u0131 zamanda bir siyasi partinin grup ba\u015fkanvekili oldu\u011funu an\u0131msatan \u015eahin, \u015funlar\u0131 s\u00f6yledi:<\/p>\n<p style=\"text-align: justify;\">&#8221;Milletvekilleri, \u00f6zellikle grup ba\u015fkanvekilli\u011fi gibi bir s\u0131fat\u0131 ta\u015f\u0131yan ki\u015finin \u00e7ok sorumlu davranmalar\u0131 ve \u00f6rnek olmalar\u0131 gerekir. Bu son derece yad\u0131rganan iki davran\u0131\u015f\u0131, inan\u0131yorum ki halk\u0131m\u0131z de\u011ferlendirecektir. Meclis \u0130\u00e7 T\u00fcz\u00fc\u011f\u00fc \u00e7er\u00e7evesi i\u00e7inde ele alabilece\u011fimiz davran\u0131\u015flar de\u011fil. Genel h\u00fck\u00fcmler \u00e7er\u00e7evesinde ancak i\u015flem ger\u00e7ekle\u015ftirilebilecek iki yak\u0131\u015f\u0131ks\u0131z davran\u0131\u015f olarak de\u011ferlendiriyorum. O da benim g\u00f6rev alan\u0131m d\u0131\u015f\u0131ndad\u0131r. Ama son derece \u00fcz\u00fcnt\u00fc verici ve halk\u0131m\u0131z\u0131n da b\u00fcy\u00fck tepkisine yol a\u00e7aca\u011f\u0131n\u0131 d\u00fc\u015f\u00fcn\u00fcyorum. \u00d6zellikle o milletvekilini se\u00e7en, se\u00e7menler taraf\u0131ndan dahi asla kabul edilemeyecek davran\u0131\u015flard\u0131r diye d\u00fc\u015f\u00fcn\u00fcyorum.&#8221;<\/p>\n<p style=\"text-align: justify;\"><strong>&#8216;Densiz&#8217;<\/strong><\/p>\n<p style=\"text-align: justify;\">Ba\u015fbakan Recep Tayyip Erdo\u011fan, Meclis&#8217;teki grup toplant\u0131s\u0131nda, polise tokat atan BDP&#8217;li Sebahat Tuncel&#8217;e tepki g\u00f6stererek &#8216;densiz&#8217; dedi. Erdo\u011fan, &#8220;Bir milletvekili milletin kendisine y\u00fckledi\u011fi emaneti bu kadar ayaklar alt\u0131na alabilir mi? Bizzat kendileri \u015fiddete ba\u015fvurmaya ba\u015flad\u0131. Dokunulmazl\u0131k z\u0131rh\u0131n\u0131n alt\u0131na s\u0131\u011f\u0131n\u0131p polise tokat atmak en basit tabiriyle densizliktir&#8221; diyerek tepkisini dile getirdi.<\/p>\n<p style=\"text-align: justify;\"><strong>&#8220;Yaz\u0131klar olsun&#8221; <\/strong><\/p>\n<p style=\"text-align: justify;\">\u0130\u00e7i\u015fleri eski Bakan\u0131 Be\u015fir Atalay Nevruz kutlamalar\u0131 \u00e7er\u00e7evesinde BDP&#8217;li milletvekillerinin polisi tokatlayan ve yine polise ta\u015f atan g\u00f6r\u00fcnt\u00fclerini de\u011ferlendirirken \u00e7ok sert tepki g\u00f6sterdi.<\/p>\n<p style=\"text-align: justify;\">Atalay, &#8220;Hi\u00e7 kimsenin kimseye hele g\u00f6revi ba\u015f\u0131nda bir ki bir polise tokat atma hakk\u0131 yoktur. O milletvekili Meclis k\u00fcrs\u00fcs\u00fcnde ne konu\u015fuyor g\u00f6r\u00fcyorsunuz. Bir milletvekiline yak\u0131\u015fmayan \u015feyler bunlar. \u00c7ok b\u00fcy\u00fck bir yanl\u0131\u015f. Yaz\u0131klar olsun o milletvekillerine. Herhalde polisler hakk\u0131n\u0131 arayacakt\u0131r&#8221; diye konu\u015ftu.<\/p>\n<p style=\"text-align: justify;\"><strong>Bah\u00e7eli&#8217;den a\u011f\u0131r ele\u015ftiri <\/strong><\/p>\n<p style=\"text-align: justify;\">MHP Genel Ba\u015fkan\u0131 Devlet Bah\u00e7eli, BDP \u0130stanbul Milletvekili Sebahat Tuncel&#8217;in Nevruz kutlamalar\u0131 s\u0131ras\u0131nda \u015e\u0131rnak Emniyet M\u00fcd\u00fcrl\u00fc\u011f\u00fcnde g\u00f6revli Ba\u015fkomiser Murat \u00c7etiner&#8217;e tokat atmas\u0131yla ilgili yapt\u0131\u011f\u0131 yaz\u0131l\u0131 a\u00e7\u0131klamada, &#8221;T\u00fcrkiye&#8217;nin, y\u0131k\u0131m ve tahribat\u0131n mihmandarl\u0131\u011f\u0131nda ilerleyen AKP politikalar\u0131n\u0131n. t\u00fcm ac\u0131 sonu\u00e7lar\u0131na 8 y\u0131l\u0131 a\u015fk\u0131n bir s\u00fcredir katland\u0131\u011f\u0131n\u0131 ve sabr\u0131n\u0131n s\u0131n\u0131r\u0131na yakla\u015ft\u0131\u011f\u0131n\u0131&#8221; ifade etti.<\/p>\n<p style=\"text-align: justify;\">Ba\u015fbakan Recep Tayyip Erdo\u011fan&#8217;\u0131n y\u00f6netimi alt\u0131nda, &#8221;T\u00fcrkiye&#8217;nin vahim bir s\u00fcrece do\u011fru h\u0131zla yol ald\u0131\u011f\u0131n\u0131&#8221; ileri s\u00fcren Bah\u00e7eli, \u015funlar\u0131 kaydetti:<\/p>\n<p style=\"text-align: justify;\">&#8221;K\u00fcresel g\u00fc\u00e7 merkezlerinin \u00e7ekim alan\u0131na kap\u0131lan AKP iktidar\u0131, ba\u015fkalar\u0131n\u0131n senaryolar\u0131nda fig\u00fcranl\u0131k yaparken, kendi i\u00e7imizdeki sorun alanlar\u0131 i\u00e7inden \u00e7\u0131k\u0131lmaz bir a\u015famaya gelmi\u015f bulunmaktad\u0131r. AKP&#8217;yle birlikte felaketlerin parke ta\u015flar\u0131, bir bir milletimizin \u00f6n\u00fcne d\u00f6\u015fenmi\u015f ve yanan ayr\u0131l\u0131k\u00e7\u0131 ve fitne ate\u015fi her ge\u00e7en g\u00fcn k\u00f6r\u00fcklenmi\u015ftir. H\u00fck\u00fcmet, T\u00fcrk milletinin kutlu varl\u0131\u011f\u0131na musallat olan ihanet odaklar\u0131n\u0131 rahata erdirmi\u015f, s\u0131rtlar\u0131n\u0131 s\u0131vazlam\u0131\u015f, \u00f6nlerini a\u00e7m\u0131\u015f, umutland\u0131rm\u0131\u015f ve c\u00fcretkar olmalar\u0131ndan birinci derecede sorumlu olmu\u015ftur.<\/p>\n<p style=\"text-align: justify;\">E\u011fer bug\u00fcn b\u00f6l\u00fcc\u00fc mihraklar \u015f\u0131marm\u0131\u015f ve gemi az\u0131ya alm\u0131\u015flarsa bunun en \u00f6nde gelen nedeni, AKP&#8217;nin milli ge\u00e7eklerden uzak politikalar\u0131 ve PKK a\u00e7\u0131l\u0131m\u0131ndaki inat ve \u0131srar\u0131d\u0131r. Z\u0131vanadan \u00e7\u0131kan eli kanl\u0131 canilerin T\u00fcrk milletine a\u00e7\u0131k\u00e7a ve k\u00fcstah\u00e7a meydan okumalar\u0131 Ba\u015fbakan Erdo\u011fan&#8217;\u0131n \u015fuursuz, aciz ve teslimiyet\u00e7i politikalar\u0131ndan cesaret alm\u0131\u015ft\u0131r. T\u00fcrkiye s\u00f6zde &#8216;demokratik a\u00e7\u0131l\u0131m&#8217; ad\u0131 verilen y\u0131k\u0131m projesinin t\u00fcm sanc\u0131lar\u0131n\u0131 ve a\u011f\u0131r sars\u0131nt\u0131lar\u0131n\u0131 bir bir ya\u015famaktad\u0131r.<\/p>\n<p style=\"text-align: justify;\">Her f\u0131rsatta \u00f6fke ve kinlerini kusan b\u00f6l\u00fcc\u00fc ter\u00f6r uzant\u0131lar\u0131, tahrik ve sald\u0131r\u0131lar\u0131n\u0131 al\u00e7ak\u00e7a art\u0131rmaya ba\u015flam\u0131\u015flard\u0131r. Nitekim bunun en son \u00f6rne\u011fini, Nevruz Bayram\u0131 m\u00fcnasebetiyle vatan\u0131m\u0131z\u0131n bir y\u00f6resinde cereyan eden hadiselerde g\u00f6rmek m\u00fcmk\u00fcn olmu\u015ftur. Ter\u00f6r \u00f6rg\u00fct\u00fc pa\u00e7avralar\u0131n\u0131 \u00fczerine ge\u00e7iren ve sokaklarda militanl\u0131k yapan Meclisteki siyasi b\u00f6l\u00fcc\u00fclerin temsilcileri, milletimizin g\u00f6z\u00fc \u00f6n\u00fcnde i\u011fren\u00e7 eylemlerini ortaya koymaktan herhangi bir sak\u0131nca g\u00f6rmemi\u015flerdir.&#8221;<\/p>\n<p style=\"text-align: justify;\"><strong>&#8221;\u00c7\u00fcr\u00fcm\u00fc\u015f ve kokmu\u015f \u015fahsiyet&#8221; <\/strong><\/p>\n<p style=\"text-align: justify;\">Bah\u00e7eli, demokratik a\u00e7\u0131l\u0131m projesinin, millet i\u00e7in felaket olaca\u011f\u0131n\u0131 ileri s\u00fcrd\u00fc. MHP Lideri Bah\u00e7eli, a\u00e7\u0131klamas\u0131n\u0131 \u015f\u00f6yle s\u00fcrd\u00fcrd\u00fc:<\/p>\n<p style=\"text-align: justify;\">&#8221;En a\u011f\u0131r k\u00fcf\u00fcr ve hakaretler e\u015fli\u011finde yaln\u0131zca g\u00f6revini yapan T\u00fcrk polisine tokat atmaya c\u00fcret eden \u00e7\u00fcr\u00fcm\u00fc\u015f ve koku\u015fmu\u015f \u015fahsiyetlerin kirli y\u00fczlerine, milletimiz Nevruz vesilesiyle bir kez daha \u015fahit olmu\u015ftur. Milliyet\u00e7i Hareket Partisi, bu a\u015fa\u011f\u0131l\u0131k fiile hi\u00e7bir g\u00fcvenlik mensubumuzun lay\u0131k olmad\u0131\u011f\u0131n\u0131 ve kendilerine uzanan ellerin mutlaka k\u0131r\u0131l\u0131p at\u0131lmas\u0131 gerekti\u011fine y\u00fcrekten inanmaktad\u0131r.<\/p>\n<p style=\"text-align: justify;\">Kendisi ad\u0131na Y\u00fcce Divan rezervasyonu \u00e7oktan yap\u0131lan y\u0131k\u0131m koordinat\u00f6r\u00fc m\u00fcstafi \u0130\u00e7i\u015fleri Bakan\u0131&#8217;n\u0131n, polisimizi i\u00e7ine d\u00fc\u015f\u00fcrd\u00fc\u011f\u00fc i\u00e7ler ac\u0131s\u0131 halin manzaras\u0131, bu en son olayda daha da iyi g\u00f6r\u00fclm\u00fc\u015ft\u00fcr. Demokrasi ve insan haklar\u0131 boyalar\u0131n\u0131 y\u00fczlerine s\u00fcrerek sokaklarda zehir ve nifak sa\u00e7an, ter\u00f6rist eylemlerle milletimizi bezdirece\u011fini sanan gafillerin g\u00fc\u00e7 kayna\u011f\u0131 ve deste\u011fi &#8216;a\u00e7\u0131l\u0131m&#8217; denilen y\u0131k\u0131m projesi oldu\u011fu a\u00e7\u0131k ve ortadad\u0131r. Bunun vebal\u0131 da hi\u00e7 \u015f\u00fcphesiz Ba\u015fbakan Erdo\u011fan ve koordinat\u00f6r bakan\u0131n \u00fczerindedir.<\/p>\n<p style=\"text-align: justify;\">S\u00f6zde &#8216;milli birlik ve karde\u015flik projesi&#8217; ad\u0131 alt\u0131nda y\u00fcr\u00fcyen ve da\u011f\u0131lmayla, par\u00e7alanmayla son bulacak hain s\u00fcrecin, milletimiz i\u00e7in tam bir felaket olaca\u011f\u0131 \u015f\u00fcphesizdir. Anla\u015f\u0131lmaktad\u0131r ki AKP, giderayak T\u00fcrk milletini i\u00e7inden \u00e7\u0131kamayaca\u011f\u0131 sorun dehlizlerine itmektedir. Canilere insan haklar\u0131 kapsam\u0131nda kol kanat gerilmesi, buna kar\u015f\u0131l\u0131k g\u00fcvenlik kuvvetlerinin kaderine terk edilmeleri, AKP zihniyetinin bir eseridir. Ter\u00f6ristle m\u00fczakere eden, b\u00f6l\u00fcc\u00fclere \u015firin g\u00f6r\u00fcnen, e\u015fk\u0131yaya el uzatan AKP iktidar\u0131, art\u0131k kendi g\u00fcvenlik g\u00f6revlilerimizin bile hakk\u0131n\u0131 koruyamayacak zelil bir a\u015famaya gerilemi\u015ftir.&#8221;<\/p>\n<p style=\"text-align: justify;\">Devlet Bah\u00e7eli, polise y\u00f6nelik sald\u0131r\u0131y\u0131 lanetlediklerini vurgulayarak, &#8221;Kimden ve nereden gelirse gelsin, milletin esenli\u011fi ve emniyeti i\u00e7in fedakarca g\u00f6revlerini y\u00fcr\u00fcten g\u00fcvenlik g\u00f6revlilerine y\u00f6nelik hunharca sald\u0131r\u0131lar\u0131n, tahriklerin def edilmesi, vatanseverlerin en b\u00fcy\u00fck iste\u011fi ve hedefidir. T\u00fcrk polisi ve askeri sahipsiz ve yaln\u0131z de\u011fildir. Bilinmelidir ki AKP&#8217;nin gidi\u015fiyle, bir avu\u00e7 \u00e7apulcunun ve g\u00f6z\u00fc d\u00f6nm\u00fc\u015f e\u015fk\u0131yan\u0131n kanl\u0131 elleri, hi\u00e7bir \u015ferefli g\u00fcvenlik g\u00f6revlisine uzanamayacakt\u0131r. AKP H\u00fck\u00fcmeti, T\u00fcrk milletinin haysiyet ve onurunu \u0130mral\u0131&#8217;ya pe\u015fke\u015f \u00e7ekmenin, Kandil&#8217;le irtibat kurman\u0131n, k\u00fcresel ayak oyunlar\u0131na alet olman\u0131n hesab\u0131n\u0131 \u00e7ok yak\u0131n bir zamanda ac\u0131 bir \u015fekilde verecektir&#8221; g\u00f6r\u00fc\u015f\u00fcn\u00fc ifade etti.<\/p>\n<p style=\"text-align: justify;\"><strong>&#8220;Cinsiyet E\u015fitli\u011fi Bulu\u015fmas\u0131&#8217;nda konu\u015fmas\u0131n&#8221; <\/strong><\/p>\n<p style=\"text-align: justify;\">CHP \u0130zmir Milletvekili Canan Aritman, TBMM Kad\u0131n Erkek F\u0131rsat E\u015fitli\u011fi Komisyonu ile BM Kalk\u0131nma Program\u0131 T\u00fcrkiye Temsilcili\u011fi&#8217;ne yaz\u0131l\u0131 ba\u015fvuru yaparak, &#8220;polise tokat atan&#8221; BDP \u0130stanbul Milletvekili Sebahat Tuncel ile kendisine s\u00f6zel \u015fiddet uygulad\u0131\u011f\u0131n\u0131 s\u00f6yledi\u011fi AKP Samsun Milletvekili Fatih \u00d6zt\u00fcrk&#8217;\u00fcn, Toplumsal Cinsiyet E\u015fitli\u011fi Bulu\u015fmas\u0131&#8217;nda konu\u015fturulmamalar\u0131n\u0131 istedi.<\/p>\n<p style=\"text-align: justify;\"><a href=\"http:\/\/www.cumhuriyet.com.tr\/?hn=227016&amp;kw=BDP%27li+vekillere+Ankara%27dan+%E7ok+sert+tepki\" target=\"_blank\">Kaynak : Cumhuriyet Haber Portal\u0131<\/a><\/p>\n","protected":false},"excerpt":{"rendered":"<p style=\"text-align: center;\">\n<p style=\"text-align: justify;\">BDP milletvekili Sebahat Tuncel&#8217;in bir ba\u015fkomisere att\u0131\u011f\u0131 tokat ve BDP Grup Ba\u015fkanvekili Bengi Y\u0131ld\u0131z&#8217;\u0131n elinde ta\u015fla yol kesmesi Ankara g\u00fcndemine d\u00fc\u015ft\u00fc. Vekillere \u00e7ok sert tepkiler geliyor. \u015e\u0131rnak Emniyeti Tuncel hakk\u0131nda su\u00e7 duyurusunda bulundu.<\/p>\n","protected":false},"author":1,"featured_media":0,"comment_status":"open","ping_status":"closed","sticky":false,"template":"","format":"standard","meta":{"footnotes":""},"categories":[105],"tags":[],"class_list":["post-29583","post","type-post","status-publish","format-standard","hentry","category-gundem","odd"],"_links":{"self":[{"href":"http:\/\/www.korhanyilmaz.com\/index.php?rest_route=\/wp\/v2\/posts\/29583","targetHints":{"allow":["GET"]}}],"collection":[{"href":"http:\/\/www.korhanyilmaz.com\/index.php?rest_route=\/wp\/v2\/posts"}],"about":[{"href":"http:\/\/www.korhanyilmaz.com\/index.php?rest_route=\/wp\/v2\/types\/post"}],"author":[{"embeddable":true,"href":"http:\/\/www.korhanyilmaz.com\/index.php?rest_route=\/wp\/v2\/users\/1"}],"replies":[{"embeddable":true,"href":"http:\/\/www.korhanyilmaz.com\/index.php?rest_route=%2Fwp%2Fv2%2Fcomments&post=29583"}],"version-history":[{"count":0,"href":"http:\/\/www.korhanyilmaz.com\/index.php?rest_route=\/wp\/v2\/posts\/29583\/revisions"}],"wp:attachment":[{"href":"http:\/\/www.korhanyilmaz.com\/index.php?rest_route=%2Fwp%2Fv2%2Fmedia&parent=29583"}],"wp:term":[{"taxonomy":"category","embeddable":true,"href":"http:\/\/www.korhanyilmaz.com\/index.php?rest_route=%2Fwp%2Fv2%2Fcategories&post=29583"},{"taxonomy":"post_tag","embeddable":true,"href":"http:\/\/www.korhanyilmaz.com\/index.php?rest_route=%2Fwp%2Fv2%2Ftags&post=29583"}],"curies":[{"name":"wp","href":"https:\/\/api.w.org\/{rel}","templated":true}]}}