{"id":29574,"date":"2011-03-22T17:05:00","date_gmt":"2011-03-22T15:05:00","guid":{"rendered":"http:\/\/www.korhanyilmaz.com\/?p=29574"},"modified":"2011-03-22T17:05:00","modified_gmt":"2011-03-22T15:05:00","slug":"cubbesini-cikartip-bombaladi","status":"publish","type":"post","link":"http:\/\/www.korhanyilmaz.com\/?p=29574","title":{"rendered":"C\u00fcbbesini \u00e7\u0131kart\u0131p bombalad\u0131!"},"content":{"rendered":"<p style=\"text-align: center;\"><a href=\"http:\/\/www.korhanyilmaz.com\/wp-content\/uploads\/2011\/03\/343.jpg\"  class=\"lightview\"><img loading=\"lazy\" decoding=\"async\" class=\"aligncenter size-full wp-image-29576\" src=\"http:\/\/www.korhanyilmaz.com\/wp-content\/uploads\/2011\/03\/343.jpg\" alt=\"\" width=\"420\" height=\"210\" \/><\/a><\/p>\n<p style=\"text-align: justify;\">Yarg\u0131tay 13. Hukuk Dairesi \u00fcyesiyken 12 Haziran\u2019da yap\u0131lacak genel se\u00e7imde milletvekili aday aday\u0131 olmak amac\u0131yla emekliye ayr\u0131lan Kadir \u00d6zbek i\u00e7in t\u00f6ren d\u00fczenlendi.<!--more--><\/p>\n<p style=\"text-align: justify;\">Yarg\u0131taydaki emeklilik t\u00f6renine Yarg\u0131tay Ba\u015fkan\u0131 Hasan Ger\u00e7eker, Yarg\u0131tay Cumhuriyet Ba\u015fsavc\u0131s\u0131 Abdurrahman Yal\u00e7\u0131nkaya, Yarg\u0131tay \u00fcyeleri ve \u00e7al\u0131\u015fma arkada\u015flar\u0131 kat\u0131ld\u0131.<\/p>\n<p style=\"text-align: justify;\">T\u00f6rende konu\u015fan Yarg\u0131tay Ba\u015fkan\u0131 Ger\u00e7eker, Kadir \u00d6zbek ile mesle\u011fe birlikte ba\u015flad\u0131klar\u0131n\u0131, kader arkada\u015fl\u0131\u011f\u0131 yapt\u0131klar\u0131n\u0131 belirterek, &#8220;O s\u0131ray\u0131 bozdu, ben daha \u00f6nce gidecektim o beni u\u011furlayacakt\u0131&#8221; dedi. \u00d6zbek\u2019in y\u0131llarca adalet hizmetine katk\u0131da bulundu\u011funu, Hakimler ve Savc\u0131lar Y\u00fcksek Kurulunda g\u00f6revler yapt\u0131\u011f\u0131n\u0131 ifade eden Ger\u00e7eker, &#8220;Bug\u00fcn de kendi arzusuyla, ko\u015fullar \u00f6yle gerektirdi\u011fi i\u00e7in meslekta\u015f\u0131m\u0131z olarak aram\u0131zdan ayr\u0131l\u0131yor&#8221; diye konu\u015ftu.<\/p>\n<p style=\"text-align: justify;\">Ger\u00e7eker, Kadir \u00d6zbek\u2019e bundan sonraki ya\u015fam\u0131nda ba\u015far\u0131lar dileyerek, T\u00fcrk yarg\u0131s\u0131na katk\u0131lar\u0131ndan dolay\u0131 te\u015fekk\u00fcr etti.<\/p>\n<p style=\"text-align: justify;\"><strong>-\u00d6ZBEK\u2019\u0130N KONU\u015eMASI- <\/strong><\/p>\n<p style=\"text-align: justify;\">\u00d6zbek de t\u00f6rende yapt\u0131\u011f\u0131 konu\u015fmada, bug\u00fcn\u00fcn kendisi i\u00e7in devir teslim g\u00fcn\u00fc oldu\u011funu belirterek, aln\u0131n\u0131n ak, vicdan\u0131n\u0131n rahat oldu\u011funu s\u00f6yledi. \u00d6zbek, &#8220;Ancak, g\u00f6nl\u00fcm\u00fcn rahat oldu\u011funu s\u00f6ylemem m\u00fcmk\u00fcn de\u011fil. \u00c7\u00fcnk\u00fc 3 y\u0131ldan beri s\u00f6ylediklerimizin ve birlikte payla\u015ft\u0131\u011f\u0131m\u0131z endi\u015felerimizin hepsi \u00e7\u0131kt\u0131, yarg\u0131n\u0131n kimyas\u0131 bozuldu, hukuk devletinin, cumhuriyetin ana unsuru kuvvetler ayr\u0131l\u0131\u011f\u0131 ortadan kald\u0131r\u0131ld\u0131. \u0130\u015fte bu noktada c\u00fcbbemi \u00e7\u0131kartmam gerekti\u011fini d\u00fc\u015f\u00fcnd\u00fcm&#8221; \u015feklinde konu\u015ftu.<\/p>\n<p style=\"text-align: justify;\">\u00d6zbek, yoksullu\u011fun ve yoksunlu\u011fun ku\u015fatt\u0131\u011f\u0131 Anadolu kasabalar\u0131n\u0131n yarg\u0131c\u0131, savc\u0131s\u0131 ve g\u00fcveni olduklar\u0131n\u0131 belirterek, \u015funlar\u0131 s\u00f6yledi: &#8220;Hukukun ayaklar alt\u0131nda ezilmesinin ac\u0131s\u0131n\u0131 da ya\u015fad\u0131k, muktedirlerin ihtiraslar\u0131na ara\u00e7 k\u0131l\u0131nd\u0131\u011f\u0131n\u0131 da g\u00f6rd\u00fck. Ama bu meslek hep dayanma g\u00fcc\u00fcm\u00fcz,tertemiz namusumuz kararl\u0131 umudumuz oldu. Bu sayededir ki ah\u0131rdan bozma evleri saray, \u00e7ocuklar\u0131m\u0131z\u0131n okul \u00fccretini \u00f6deyip paras\u0131z kalmay\u0131 onur sayd\u0131k. Bizler,hukukun \u00fcst \u00fcste, h\u0131nca h\u0131n\u00e7 bir mevzuat y\u0131\u011f\u0131n\u0131 olmad\u0131\u011f\u0131n\u0131 idrak ettik. Hukuku ama\u00e7tan ve \u00f6zden yoksun kal\u0131plara indirgemedik. Bildik ki hukuk insan\u0131n ve toplumun mutlulu\u011funa y\u00f6nelik bir ara\u00e7t\u0131r. Bu y\u00fczden hukuk haks\u0131z g\u00fc\u00e7l\u00fcye kar\u015f\u0131 hakl\u0131 g\u00fc\u00e7s\u00fcz\u00fcn s\u0131\u011f\u0131na\u011f\u0131d\u0131r. Bu y\u00fczden yarg\u0131\u00e7 ba\u011f\u0131ms\u0131z, tarafs\u0131z, d\u00fcr\u00fcst ve vicdanl\u0131 s\u0131fatlar\u0131n\u0131n hepsini lay\u0131k\u0131yla ve gururla ta\u015f\u0131r, ta\u015f\u0131mal\u0131d\u0131r. Meslekte ge\u00e7en 38 y\u0131lda \u00f6\u011frendiklerimin \u00f6z\u00fc budur. Emeklili\u011fin de benimsedi\u011fim bu de\u011ferlere, edindi\u011fim bilin\u00e7 ve birikime ayn\u0131 inan\u00e7la sahip \u00e7\u0131kmama engel olmayacakt\u0131r.&#8221;<\/p>\n<p style=\"text-align: justify;\">Konu\u015fmalar\u0131n ard\u0131ndan Yarg\u0131tay Ba\u015fkan\u0131 Ger\u00e7eker, \u00d6zbek\u2019e onur belgesi verdi.<\/p>\n<p style=\"text-align: justify;\">\u00d6zbek, Yarg\u0131taydan alk\u0131\u015flarla u\u011furland\u0131.<\/p>\n<p style=\"text-align: justify;\"><a href=\"http:\/\/haber.gazetevatan.com\/cubbesini-cikartip-bombaladi\/366715\/1\/Gundem\" target=\"_blank\">Kaynak : VATAN Gazetesi<\/a><\/p>\n","protected":false},"excerpt":{"rendered":"<p style=\"text-align: center;\">\n<p style=\"text-align: justify;\">Yarg\u0131tay 13. Hukuk Dairesi \u00fcyesiyken 12 Haziran\u2019da yap\u0131lacak genel se\u00e7imde milletvekili aday aday\u0131 olmak amac\u0131yla emekliye ayr\u0131lan Kadir \u00d6zbek i\u00e7in t\u00f6ren d\u00fczenlendi.<\/p>\n","protected":false},"author":1,"featured_media":0,"comment_status":"open","ping_status":"closed","sticky":false,"template":"","format":"standard","meta":{"footnotes":""},"categories":[105],"tags":[],"class_list":["post-29574","post","type-post","status-publish","format-standard","hentry","category-gundem","odd"],"_links":{"self":[{"href":"http:\/\/www.korhanyilmaz.com\/index.php?rest_route=\/wp\/v2\/posts\/29574","targetHints":{"allow":["GET"]}}],"collection":[{"href":"http:\/\/www.korhanyilmaz.com\/index.php?rest_route=\/wp\/v2\/posts"}],"about":[{"href":"http:\/\/www.korhanyilmaz.com\/index.php?rest_route=\/wp\/v2\/types\/post"}],"author":[{"embeddable":true,"href":"http:\/\/www.korhanyilmaz.com\/index.php?rest_route=\/wp\/v2\/users\/1"}],"replies":[{"embeddable":true,"href":"http:\/\/www.korhanyilmaz.com\/index.php?rest_route=%2Fwp%2Fv2%2Fcomments&post=29574"}],"version-history":[{"count":0,"href":"http:\/\/www.korhanyilmaz.com\/index.php?rest_route=\/wp\/v2\/posts\/29574\/revisions"}],"wp:attachment":[{"href":"http:\/\/www.korhanyilmaz.com\/index.php?rest_route=%2Fwp%2Fv2%2Fmedia&parent=29574"}],"wp:term":[{"taxonomy":"category","embeddable":true,"href":"http:\/\/www.korhanyilmaz.com\/index.php?rest_route=%2Fwp%2Fv2%2Fcategories&post=29574"},{"taxonomy":"post_tag","embeddable":true,"href":"http:\/\/www.korhanyilmaz.com\/index.php?rest_route=%2Fwp%2Fv2%2Ftags&post=29574"}],"curies":[{"name":"wp","href":"https:\/\/api.w.org\/{rel}","templated":true}]}}