{"id":29571,"date":"2011-03-22T16:07:04","date_gmt":"2011-03-22T14:07:04","guid":{"rendered":"http:\/\/www.korhanyilmaz.com\/?p=29571"},"modified":"2011-03-22T16:07:04","modified_gmt":"2011-03-22T14:07:04","slug":"kudret-bulbul-kim","status":"publish","type":"post","link":"http:\/\/www.korhanyilmaz.com\/?p=29571","title":{"rendered":"Kudret B\u00fclb\u00fcl kim?"},"content":{"rendered":"<p style=\"text-align: center;\"><a href=\"http:\/\/www.korhanyilmaz.com\/wp-content\/uploads\/2011\/03\/342.jpg\"  class=\"lightview\"><img loading=\"lazy\" decoding=\"async\" class=\"aligncenter size-full wp-image-29572\" src=\"http:\/\/www.korhanyilmaz.com\/wp-content\/uploads\/2011\/03\/342.jpg\" alt=\"\" width=\"420\" height=\"210\" \/><\/a><\/p>\n<p style=\"text-align: justify;\">CHP Lideri K\u0131l\u0131\u00e7daro\u011flu, &#8220;Balyoz Davas\u0131&#8221; ile ilgili de bir ki\u015fiyi g\u00fcndeme getirdi. &#8220;Recep Bey\u2019i arabadan kurtaran balyozdan s\u00f6z etmedi\u011fini&#8221; belirten K\u0131l\u0131\u00e7daro\u011flu, soru\u015fturma kapsam\u0131nda bir belgenin ele ge\u00e7irildi\u011finin s\u00f6ylendi\u011fini, &#8220;G\u00fcvenlik Harekat Plan\u0131na Ek Lahika&#8221; adl\u0131 belgede &#8220;\u0130stanbul \u00e7evresi \u015fehirlerde birinci \u00f6ncelikli sivil ki\u015filer&#8221; ba\u015fl\u0131kl\u0131 bu belgedeki isimler aras\u0131nda 224. s\u0131rada Kudret B\u00fclb\u00fcl\u2019\u00fcn yer ald\u0131\u011f\u0131n\u0131 ifade etti. <!--more--><\/p>\n<p style=\"text-align: justify;\">K\u0131l\u0131\u00e7daro\u011flu, \u015funlar\u0131 kaydetti:<\/p>\n<p style=\"text-align: justify;\">&#8220;Bu ki\u015finin, darbe plan\u0131n\u0131 haz\u0131rlayan 1. Ordu Komutanl\u0131\u011f\u0131 ile irtibatl\u0131 ve \u00f6ncelikli \u015fah\u0131slar listesinde ad\u0131 ge\u00e7iyor. Bir\u00e7ok ki\u015fi tutukland\u0131, soru\u015fturma a\u00e7\u0131ld\u0131, bu ki\u015fi hari\u00e7. Bu ki\u015fi \u015fu anda Kamu D\u00fczeni ve G\u00fcvenli\u011fi M\u00fcste\u015farl\u0131\u011f\u0131nda m\u00fcste\u015far yard\u0131mc\u0131l\u0131\u011f\u0131na vekalet ediyor. Ba\u015fbakan\u2019dan yan\u0131t bekliyoruz. Bu m\u00fcste\u015farl\u0131k, s\u0131radan bir m\u00fcste\u015farl\u0131k de\u011fil. Darbe belgelerinde ad\u0131 ge\u00e7iyor bu ki\u015finin. Herkesin sorgusu suali yap\u0131l\u0131yor, kim bu ki\u015fi, neden orada duruyor, neden Ba\u015fbakan\u2019\u0131n \u00f6zel korumas\u0131 alt\u0131nda? Onu bilmeye de bizim ihtiyac\u0131m\u0131z var.&#8221;<\/p>\n<p style=\"text-align: justify;\"><strong>B\u00dcLB\u00dcL K\u0130MD\u0130R?<\/strong><\/p>\n<p style=\"text-align: justify;\">Balyoz Plan\u0131 ile ilgili soru\u015fturmada, \u0130stihbarat Ba\u015fkan\u0131 Kurmay Albay \u0130zzet Ocak&#8217;\u0131n imzas\u0131na a\u00e7\u0131lan Ek-M (Personel) belgesinde &#8220;1&#8217;inci Ordu Komutanl\u0131\u011f\u0131 G\u00fcvenlik Harek\u00e2t Plan\u0131na Ek-M Lahika-2 \u0130stanbul ve \u00c7evresi \u015eehirlerde \u0130ltisakl\u0131 1&#8217;inci \u00d6ncelikli Sivil Ki\u015filer&#8221; ba\u015fl\u0131kl\u0131 bir liste ele ge\u00e7irildi. Liste, askeri literat\u00fcrde &#8220;iltisakl\u0131&#8221; yani ba\u011flant\u0131l\u0131, yanda\u015f sivillerin isimlerinden olu\u015fuyordu. Darbe yanda\u015f\u0131 ki\u015filerin detayl\u0131 a\u00e7\u0131k kimlikleri de listede yer al\u0131yordu. \u0130\u015fte Kudret B\u00fclb\u00fcl&#8217;\u00fcn ismi de bu listedeki 224&#8217;\u00fcnc\u00fc s\u0131rada bulunuyordu. Kamu D\u00fczeni ve G\u00fcvenli\u011fi M\u00fcste\u015far\u0131&#8217;n\u0131n iki yard\u0131mc\u0131l\u0131k koltu\u011fundan birine Balyoz Darbe Plan\u0131&#8217;ndan \u00e7\u0131kan listelerde &#8220;iltisakl\u0131&#8221; olarak ad\u0131 ge\u00e7en Do\u00e7. Dr.Kudret B\u00fclb\u00fcl atanm\u0131\u015ft\u0131. \u0130\u00e7i\u015fleri Bakan\u0131 Be\u015fir Atalay&#8217;\u0131n K\u0131r\u0131kkale \u00dcniversitesi rekt\u00f6rl\u00fc\u011f\u00fc d\u00f6neminde ara\u015ft\u0131rma g\u00f6revlisi olan Kudret B\u00fclb\u00fcl, &#8220;Do\u011fu Siyasal D\u00fc\u015f\u00fcncesi&#8221; ve &#8220;Siyaset Bilimi&#8221; alanlar\u0131nda uzman.<\/p>\n<p style=\"text-align: justify;\"><a href=\"http:\/\/haber.gazetevatan.com\/kudret-bulbul-kim\/366702\/9\/Siyaset\" target=\"_blank\">Kaynak : VATAN Gazetesi<\/a><\/p>\n","protected":false},"excerpt":{"rendered":"<p style=\"text-align: center;\">\n<p style=\"text-align: justify;\">CHP Lideri K\u0131l\u0131\u00e7daro\u011flu, &#8220;Balyoz Davas\u0131&#8221; ile ilgili de bir ki\u015fiyi g\u00fcndeme getirdi. &#8220;Recep Bey\u2019i arabadan kurtaran balyozdan s\u00f6z etmedi\u011fini&#8221; belirten K\u0131l\u0131\u00e7daro\u011flu, soru\u015fturma kapsam\u0131nda bir belgenin ele ge\u00e7irildi\u011finin s\u00f6ylendi\u011fini, &#8220;G\u00fcvenlik Harekat Plan\u0131na Ek Lahika&#8221; adl\u0131 belgede &#8220;\u0130stanbul \u00e7evresi \u015fehirlerde birinci \u00f6ncelikli sivil ki\u015filer&#8221; ba\u015fl\u0131kl\u0131 bu belgedeki isimler aras\u0131nda 224. s\u0131rada Kudret <\/p>\n","protected":false},"author":1,"featured_media":0,"comment_status":"open","ping_status":"closed","sticky":false,"template":"","format":"standard","meta":{"footnotes":""},"categories":[105],"tags":[],"class_list":["post-29571","post","type-post","status-publish","format-standard","hentry","category-gundem","odd"],"_links":{"self":[{"href":"http:\/\/www.korhanyilmaz.com\/index.php?rest_route=\/wp\/v2\/posts\/29571","targetHints":{"allow":["GET"]}}],"collection":[{"href":"http:\/\/www.korhanyilmaz.com\/index.php?rest_route=\/wp\/v2\/posts"}],"about":[{"href":"http:\/\/www.korhanyilmaz.com\/index.php?rest_route=\/wp\/v2\/types\/post"}],"author":[{"embeddable":true,"href":"http:\/\/www.korhanyilmaz.com\/index.php?rest_route=\/wp\/v2\/users\/1"}],"replies":[{"embeddable":true,"href":"http:\/\/www.korhanyilmaz.com\/index.php?rest_route=%2Fwp%2Fv2%2Fcomments&post=29571"}],"version-history":[{"count":0,"href":"http:\/\/www.korhanyilmaz.com\/index.php?rest_route=\/wp\/v2\/posts\/29571\/revisions"}],"wp:attachment":[{"href":"http:\/\/www.korhanyilmaz.com\/index.php?rest_route=%2Fwp%2Fv2%2Fmedia&parent=29571"}],"wp:term":[{"taxonomy":"category","embeddable":true,"href":"http:\/\/www.korhanyilmaz.com\/index.php?rest_route=%2Fwp%2Fv2%2Fcategories&post=29571"},{"taxonomy":"post_tag","embeddable":true,"href":"http:\/\/www.korhanyilmaz.com\/index.php?rest_route=%2Fwp%2Fv2%2Ftags&post=29571"}],"curies":[{"name":"wp","href":"https:\/\/api.w.org\/{rel}","templated":true}]}}