{"id":29567,"date":"2011-03-22T11:05:55","date_gmt":"2011-03-22T09:05:55","guid":{"rendered":"http:\/\/www.korhanyilmaz.com\/?p=29567"},"modified":"2011-03-22T11:05:55","modified_gmt":"2011-03-22T09:05:55","slug":"boyner-turkiye-tehdit-altinda","status":"publish","type":"post","link":"http:\/\/www.korhanyilmaz.com\/?p=29567","title":{"rendered":"Boyner: T\u00fcrkiye tehdit alt\u0131nda"},"content":{"rendered":"<p style=\"text-align: justify;\"><a href=\"http:\/\/www.korhanyilmaz.com\/wp-content\/uploads\/2011\/03\/341.jpg\"  class=\"lightview\"><img loading=\"lazy\" decoding=\"async\" class=\"aligncenter size-full wp-image-29568\" src=\"http:\/\/www.korhanyilmaz.com\/wp-content\/uploads\/2011\/03\/341.jpg\" alt=\"\" width=\"414\" height=\"221\" \/><\/a><\/p>\n<p style=\"text-align: justify;\">AB ile ili\u015fkilerin \u00f6nemine de\u011finen T\u00dcS\u0130AD Ba\u015fkan\u0131 Boyner , T\u00fcrkiye&#8217;nin bas\u0131n, ifade \u00f6zg\u00fcrl\u00fc\u011f\u00fc gibi konularda gerileme ya\u015fad\u0131\u011f\u0131n\u0131 kaydetti.<\/p>\n<p style=\"text-align: justify;\">T\u00dcS\u0130AD Ba\u015fkan\u0131 \u00dcmit Boyner, T\u00dcS\u0130AD Y\u00fcksek \u0130sti\u015fare Konseyi (Y\u0130K) toplant\u0131s\u0131n\u0131n a\u00e7\u0131l\u0131\u015f\u0131nda yapt\u0131\u011f\u0131 konu\u015fmada, 40 y\u0131l \u00f6nce T\u00dcS\u0130AD&#8217;\u0131n kuruldu\u011fu d\u00f6nemdeki toplumsal, ekonomik, uluslararas\u0131 ko\u015fullara de\u011finerek, o d\u00f6nemin, ekonomilerin daha kapal\u0131 kald\u0131\u011f\u0131, so\u011fuk sava\u015f mant\u0131\u011f\u0131n\u0131n uluslararas\u0131 siyasetin \u00e7er\u00e7evesini belirledi\u011fi, kurallar\u0131n esnemedi\u011fi bir d\u00fcnya oldu\u011funu anlatt\u0131.<!--more--><\/p>\n<p style=\"text-align: justify;\">40 y\u0131l sonra bug\u00fcn d\u00fcnya ekonomisinin ilk k\u00fcresel krizinin ya\u015fand\u0131\u011f\u0131n\u0131, d\u00fcnya ekonomisindeki b\u00fcy\u00fcme emarelerinin k\u0131r\u0131lgan oldu\u011funu, Ortado\u011fu&#8217;da dalga dalga yay\u0131lan hak ve \u00f6zg\u00fcrl\u00fck isyanlar\u0131n\u0131n tetikleyebilece\u011fi \u015foklar\u0131n etkisiyle ivmesini kaybedebilece\u011fini s\u00f6yleyen Boyner, ABD&#8217;nin g\u00fc\u00e7 ve prestij kayb\u0131na u\u011frama durumuyla kar\u015f\u0131 kar\u015f\u0131ya kald\u0131\u011f\u0131, BRIC \u00fclkelerinin \u00f6n plana \u00e7\u0131kt\u0131\u011f\u0131, ancak y\u00fckselen g\u00fc\u00e7lerin d\u00fcnya sistemi \u00fczerinde siyaseten etkili olabilecek ya da sorumluluk \u00fcstlenebilecek kapasiteye sahip olmad\u0131\u011f\u0131, Bat\u0131 d\u00fcnyas\u0131n\u0131n ise zay\u0131flamas\u0131 ve kendi i\u00e7indeki anla\u015fmazl\u0131klar nedeniyle rota belirleyemez durumda oldu\u011fu bir ortamda bulunuldu\u011funu kaydetti.<\/p>\n<p style=\"text-align: justify;\">Boyner, bug\u00fcn\u00fcn T\u00fcrkiye&#8217;sinin k\u00fcresel ekonomiyle eklemlenmi\u015f, etraf\u0131ndaki geli\u015fmeleri etkileme imkan\u0131 olan, bu iddiay\u0131 ta\u015f\u0131yan bir \u00fclke haline geldi\u011fini, ancak 40 y\u0131l \u00f6nce oldu\u011fu gibi temel baz\u0131 sorunlar\u0131 halletmesi gerekti\u011fini ifade etti.<\/p>\n<p style=\"text-align: justify;\">Ortado\u011fu ve Kuzey Afrika&#8217;daki geli\u015fmelere de de\u011finen Boyner, Tunus ve M\u0131s\u0131r&#8217;da diktat\u00f6rl\u00fckler nispeten k\u0131sa s\u00fcrede y\u0131k\u0131lm\u0131\u015fken, di\u011fer b\u00f6lge \u00fclkelerinde de\u011fi\u015fimin \u00e7ok kanl\u0131 olabilece\u011finin Libya \u00f6rne\u011finden de anla\u015f\u0131labildi\u011fini belirtti. \u00dcmit Boyner, s\u00f6zlerini \u015f\u00f6yle s\u00fcrd\u00fcrd\u00fc:<\/p>\n<p style=\"text-align: justify;\">&#8221;Yine de, uzun bir tarihsel perspektiften bakt\u0131\u011f\u0131m\u0131zda tan\u0131kl\u0131k etti\u011fimiz olay ve geli\u015fmelerin tarihin ak\u0131\u015f\u0131na uygun oldu\u011funu s\u00f6ylememiz gerekir. K\u00fcresel sistemin hem ekonomik hem siyasal bak\u0131mdan d\u0131\u015f\u0131nda kalm\u0131\u015f ya da b\u0131rak\u0131lm\u0131\u015f bir b\u00f6lgenin insanlar\u0131, nihayet kendi kaderlerini kontrol edebilecekleri, vatanda\u015f olarak haklar\u0131na sahip \u00e7\u0131kabilecekleri y\u00f6netim bi\u00e7imlerini talep ediyorlar. Biz bu talepleri do\u011fal, yerinde ve hakl\u0131 buluyoruz. \u00c7ok farkl\u0131 bir tarihe ve geli\u015fme \u00e7izgisine sahip T\u00fcrkiye&#8217;de de hala devam etmekte olan bir hak ve \u00f6zg\u00fcrl\u00fck aray\u0131\u015f\u0131 var. B\u00f6lge insanlar\u0131n\u0131n g\u0131pta ile izledi\u011fi bir \u00fclkenin vatanda\u015flar\u0131 olarak da bize d\u00fc\u015fen onlara destek vermektir.&#8221;<\/p>\n<p style=\"text-align: justify;\">Libya&#8217;da huzurun bir an \u00f6nce, daha fazla kan akmadan sa\u011flanmas\u0131 ve \u00fclkenin in\u015fas\u0131na, kalk\u0131nmas\u0131na bir an \u00f6nce yeniden ba\u015flanmas\u0131 dile\u011finde bulunan Boyner, Libya olaylar\u0131n\u0131n, f\u0131rt\u0131nal\u0131 sularda d\u0131\u015f politika y\u00fcr\u00fctmenin zorlu\u011funu g\u00f6sterdi\u011fine i\u015faret etti.<\/p>\n<p style=\"text-align: justify;\">T\u00fcm \u00fclkelerin pozisyonlar\u0131n\u0131 s\u0131k s\u0131k g\u00f6zden ge\u00e7irmek zorunda kald\u0131\u011f\u0131 bir d\u00f6nemden ge\u00e7ildi\u011fini s\u00f6yleyen Boyner, &#8221;Bu durumda acele tav\u0131rlar almaktan ka\u00e7\u0131nmak, sonradan zorluk yaratabilecek s\u00f6ylemlerin cazibesine kap\u0131lmamak gerekiyor&#8221; dedi.<\/p>\n<p style=\"text-align: justify;\">Boyner, T\u00fcrkiye&#8217;nin b\u00f6lge \u00fclkeleri a\u00e7\u0131s\u0131ndan model olup olmayaca\u011f\u0131 tart\u0131\u015fmalar\u0131 konusunda ise \u015f\u00f6yle konu\u015ftu:<\/p>\n<p style=\"text-align: justify;\">&#8221;Ya\u015fananlar, b\u00f6lgede tek bir ge\u00e7i\u015f s\u00fcreci ya\u015fanmayaca\u011f\u0131n\u0131, farkl\u0131 \u00fclkelerin de\u011fi\u015fim ve d\u00f6n\u00fc\u015f\u00fcm y\u00f6ntemlerinin farkl\u0131 olaca\u011f\u0131n\u0131 g\u00f6sterdi. T\u00fcrkiye&#8217;nin de bir model olmaktan \u00e7ok deneyiminden yararlan\u0131labilecek bir \u00f6rnek olu\u015fturaca\u011f\u0131na inan\u0131yorum. Tarihsel deneyimimiz ve 200 y\u0131ll\u0131k modernle\u015fme tarihimizin bizi getirdi\u011fi yerin \u00f6nemi de burada yat\u0131yor. B\u00f6lge \u00fclkelerindeki halklar\u0131n nihayet ellerine ge\u00e7irdikleri bu f\u0131rsat\u0131 de\u011ferlendirirken T\u00fcrkiye \u00f6rne\u011finden yararlanmalar\u0131, bizim onlar\u0131n m\u00fccadelelerine destek vermemiz do\u011fald\u0131r. Ancak belirleyici olan, her \u00fclkenin kendi yurtta\u015flar\u0131n\u0131n iradesi olacakt\u0131r.&#8221;<\/p>\n<p style=\"text-align: justify;\"><strong>&#8220;\u0130RT\u0130FA KAYBI KUTUPLA\u015eMAYI K\u00d6R\u00dcKLER&#8221;<\/strong><\/p>\n<p style=\"text-align: justify;\">T\u00fcrkiye&#8217;nin demokratik bir sistem s\u00fcrecinde etkin olabilece\u011fini kaydeden Boyner konuyla ilgili \u015funlar\u0131 s\u00f6yledi. &#8221;AB s\u00fcreci gev\u015femesinden beri demokratikle\u015fme, ifade \u00f6zg\u00fcrl\u00fc\u011f\u00fc, bas\u0131n \u00f6zg\u00fcrl\u00fc\u011f\u00fc gibi konularda gerileme ya\u015f\u0131yoruz. Ge\u00e7mi\u015fin hat\u0131rlamak istemedi\u011fimiz \u00e7at\u0131\u015fmac\u0131 g\u00fcnlerine geri d\u00f6nemeyiz, buna izin vermemeliyiz. B\u00f6ylesi bir irtifa kayb\u0131 \u00fclkede kutupla\u015fmay\u0131 k\u00f6r\u00fckleyecektir.&#8221;<\/p>\n<p style=\"text-align: justify;\"><strong>YARGIDA G\u00d6R\u00dcLEN AKSAKLIKLAR \u0130NANCA HASAR VER\u0130R<\/strong><\/p>\n<p style=\"text-align: justify;\">T\u00fcrkiye&#8217;de de\u011ferlerin tehdit alt\u0131nda oldu\u011fundan duydu\u011fu endi\u015feyi dile getiren Boyner \u015funlar\u0131 kaydetti: &#8221; \u0130leti\u015fim \u00f6zg\u00fcrl\u00fc\u011f\u00fcn\u00fcn f\u00fctursuzca ayaklar alt\u0131na al\u0131nmas\u0131, nefret s\u00f6yleminin yayg\u0131nla\u015fmas\u0131 kar\u015f\u0131s\u0131nda sergilenen duyars\u0131zl\u0131k, kad\u0131na y\u00f6nelik \u015fiddet s\u00f6z konusu  oldu\u011funda g\u00f6rd\u00fc\u011f\u00fcm\u00fcz vurdumduymazl\u0131k demokrasimiz a\u00e7\u0131s\u0131ndan hay\u0131rl\u0131 geli\u015fmeler de\u011fildir. G\u00f6r\u00fcn\u00fcrdeki su\u00e7lar\u0131 mesleklerini icra etmek olan ve bu u\u011furda bir hayli risk \u00fcstlenen gazetecilerin neyle su\u00e7land\u0131klar\u0131n\u0131 bilmeden tutuklanmalar\u0131, tutuklama i\u015fleminin giderek cezan\u0131n bir par\u00e7as\u0131 haline gelmesi vicdanlar\u0131 rahats\u0131z etmektedir. Bu ba\u011flamda yarg\u0131da g\u00f6r\u00fclen aksakl\u0131klar\u0131n yarg\u0131n\u0131n hukuk referans\u0131ndan ziyade siyasi saiklerle hareket etti\u011fi izlenimini veren tasarruflar\u0131n adalete inanc\u0131m\u0131za daha fazla hasar verilmesinin \u00f6n\u00fcne ge\u00e7ilmesini d\u00fc\u015f\u00fcn\u00fcyoruz.&#8221;<\/p>\n<p style=\"text-align: justify;\">Yakla\u015fan se\u00e7imlerin T\u00fcrkiye i\u00e7in bir yol ayr\u0131m\u0131 oldu\u011funu kaydeden Boyner s\u00f6zlerini \u015f\u00f6yle s\u00fcrd\u00fcrd\u00fc: &#8221;Se\u00e7imlerin T\u00fcrkiye i\u00e7in yol ayr\u0131m\u0131 oldu\u011fu konusunda kimsenin teredd\u00fct\u00fc yok. Yeni meclis anayasay\u0131 yapacak. Bu se\u00e7imlerde kabul edilemeyecek y\u00fcksekliteki se\u00e7im baraj\u0131n\u0131 de\u011fi\u015ftirmeden siyasi partilerimizi daha kat\u0131l\u0131mc\u0131 ve demokratik k\u0131lacak bir siyasi partiler yasas\u0131 haz\u0131rlamadan, se\u00e7meni kendisini de\u011fil parti ba\u015fkan\u0131n\u0131 temsil eden se\u00e7me vekiller s\u0131k\u0131nt\u0131s\u0131ndan kurtaracak de\u011fi\u015fiklikler yap\u0131lmadan gitti\u011fimizi g\u00f6rmezden gelememiz m\u00fcmk\u00fcn de\u011fil.&#8221;<\/p>\n<p style=\"text-align: justify;\">T\u00fcrkiye&#8217;nin  yeni yap\u0131lanmas\u0131 i\u00e7inde hak ve \u00f6zg\u00fcrl\u00fcklerin ne \u015fekilde tan\u0131mlanaca\u011f\u0131, cumhuriyetin hangi temeller \u00e7er\u00e7evesinde daha demokratik bir \u015fekilde nas\u0131l kurgulanaca\u011f\u0131na ili\u015fkin meseleler g\u00fcndemimizde olacak. \u00d6n\u00fcm\u00fczdeki g\u00fcnlerde l\u00fctfedip davetimizi kabul ettikleri takdirde say\u0131n siyasi liderlerimiz ve kurmaylar\u0131m\u0131zla birlikte bir araya gelebilmeyi arzu ediyoruz.<\/p>\n<p style=\"text-align: justify;\"><strong>T\u00dcRK\u0130YE&#8217;N\u0130N DEMOKRAS\u0130 A\u00c7I\u011eI HALA G\u0130DER\u0130LEMED\u0130<\/strong><\/p>\n<p style=\"text-align: justify;\">T\u00dcS\u0130AD olarak T\u00fcrkiye&#8217;nin bir demokrasi a\u00e7\u0131\u011f\u0131 bulundu\u011funu, bunun giderilmesi i\u00e7in kapsaml\u0131 bir demokratikle\u015fme giri\u015fimi ba\u011flam\u0131nda birey odakl\u0131, ayr\u0131cal\u0131klara yer vermeyen, kuvvetler ayr\u0131l\u0131\u011f\u0131 ilkesinin ge\u00e7erli oldu\u011fu \u00e7o\u011fulcu ve anayasa yap\u0131lmas\u0131 gerekti\u011fini uzun zamand\u0131r dile getiriyoruz. Yeni anayasan\u0131n her\u015feyden \u00f6nce vatanda\u015flar\u0131m\u0131z\u0131n farl\u0131kl\u0131klar\u0131yla birarada ya\u015fama iradesini temsil eden bir toplum sz\u00f6le\u015fmesi olmas\u0131 gerekiyor. kat\u0131l\u0131mcu\u0131 ve uzla\u015fmac\u0131 bir s\u00fcre\u00e7te haz\u0131rlanacak anayasan\u0131n T\u00fcrkiye&#8217;yi b\u00f6len sorunlar\u0131 birle\u015ftiriceye d\u00f6n\u00fc\u015ft\u00fcrmeye hizmet etmesi \u015fart.<\/p>\n<p style=\"text-align: justify;\">Yeni anayasa haz\u0131rl\u0131klar\u0131 s\u0131ras\u0131ndaki 11 toplant\u0131da 22 akademisyen ve kanaat \u00f6nderini biraraya getirdik. Kas\u0131m 2010- mart 2010 d\u00f6neminde yap\u0131lan toplant\u0131lar dizisinin ard\u0131ndan  bug\u00fcne kadar al\u0131\u015f\u0131k oldu\u011fumuzdan farkl\u0131 ideolojik tercihler dayatmayan, bireyin haklar\u0131n\u0131 devletin menfaatinin \u00f6n\u00fcne koyan, g\u00fcvenlik nedeniyle temel hak ve \u00f6zg\u00fcrl\u00fcklere k\u0131s\u0131tlama getirmeyen bir anlay\u0131\u015fta fikir birli\u011fine var\u0131ld\u0131\u011f\u0131n\u0131 g\u00f6rd\u00fck. \u00d6rne\u011fin bu metin, parlamenter sistemimizin daha verimli bir \u015fekilde i\u015flemesi i\u00e7in tavsiyelerde bulunuyor, \u00f6zg\u00fcrl\u00fck alanlar\u0131n\u0131 geni\u015fletiyor. Anayasadki bu yakla\u015f\u0131m \u00fcyesi olmak istedi\u011fimiz AB temel ilkelerine uygundur. Biz, yeni anayasa yapma heyecan\u0131n\u0131 yitirmemeyi \u00e7ok \u00f6nemsiyoruz. Yeni anayasas\u0131 genel se\u00e7im sonras\u0131 g\u00fcndemimizin ba\u015f maddesi olarak g\u00f6rmek istiyoruz. Bug\u00fcn yeni anayasa yolunda yap\u0131c\u0131 ve canl\u0131 bir tart\u0131\u015fma platformunu ba\u015flat\u0131yoruz.&#8221;<\/p>\n<p style=\"text-align: justify;\"><strong>&#8221;GAZETEC\u0130LER\u0130N NEYLE SU\u00c7LANDIKLARINI B\u0130LMEDEN TUTUKLANMALARI&#8230;&#8221;<\/strong><\/p>\n<p style=\"text-align: justify;\">B\u00f6yle bir durumun \u00fclkede kutupla\u015fmalar\u0131 da k\u00f6r\u00fckleyece\u011fine i\u015faret eden Boyner, s\u00f6zlerini \u015f\u00f6yle s\u00fcrd\u00fcrd\u00fc:<\/p>\n<p style=\"text-align: justify;\">&#8221;Giderek yayg\u0131nla\u015fmakta olan izlenimler do\u011frultusunda, savunageldi\u011fimiz de\u011ferlerin tehdit alt\u0131nda oldu\u011fundan endi\u015fe etmekteyiz. \u0130leti\u015fim \u00f6zg\u00fcrl\u00fc\u011f\u00fcn\u00fcn f\u00fctursuzca ayaklar alt\u0131na al\u0131nmas\u0131, nefret s\u00f6yleminin yayg\u0131nla\u015fmas\u0131 kar\u015f\u0131s\u0131nda sergilenen duyars\u0131zl\u0131k, kad\u0131nlara y\u00f6nelik \u015fiddet s\u00f6z konusu oldu\u011funda g\u00f6rd\u00fc\u011f\u00fcm\u00fcz vurdumduymazl\u0131k, demokrasimiz a\u00e7\u0131s\u0131ndan hay\u0131rl\u0131 geli\u015fmeler de\u011fildir.<\/p>\n<p style=\"text-align: justify;\">G\u00f6r\u00fcn\u00fcrdeki su\u00e7lar\u0131 mesleklerini icra etmek olan ve bu u\u011furda bir hayli risk de \u00fcstlenen gazetecilerin neyle su\u00e7land\u0131klar\u0131n\u0131 bilmeden tutuklanmalar\u0131, tutuklama i\u015fleminin giderek cezan\u0131n bir par\u00e7as\u0131 haline gelmesi vicdanlar\u0131 rahats\u0131z etmektedir.&#8221;<\/p>\n<p style=\"text-align: justify;\">\u00dcmit Boyner, yarg\u0131lama s\u00fcre\u00e7lerinde g\u00f6r\u00fclen aksakl\u0131klar\u0131n, yarg\u0131n\u0131n hukuk referans\u0131ndan ziyade siyasi saiklerle hareket etti\u011fi izlenimini veren tasarruflar\u0131n adalete olan inanca daha fazla hasar vermesinin \u00f6n\u00fcne ge\u00e7ilmesi gerekti\u011fi g\u00f6r\u00fc\u015f\u00fcn\u00fc dile getirdi.<\/p>\n<p style=\"text-align: justify;\"><strong>ANAYASA \u00c7ALI\u015eMALARI<\/strong><\/p>\n<p style=\"text-align: justify;\">Haziran ay\u0131ndaki se\u00e7imlerin ard\u0131ndan olu\u015facak meclisin, yeni anayasay\u0131 yapaca\u011f\u0131n\u0131 umut ettiklerini s\u00f6yleyen Boyner, &#8221;Bu se\u00e7imlere kabul edilemeyecek y\u00fckseklikteki se\u00e7im baraj\u0131n\u0131 de\u011fi\u015ftirmeden, siyasi partilerimizi daha kat\u0131l\u0131mc\u0131 ve demokratik k\u0131lacak bir siyasi partiler yasas\u0131 haz\u0131rlamadan, se\u00e7meni, kendisini de\u011fil parti ba\u015fkan\u0131n\u0131 temsil eden vekiller se\u00e7me s\u0131k\u0131nt\u0131s\u0131ndan kurtaracak de\u011fi\u015fiklikler yap\u0131lmadan gitti\u011fimizi g\u00f6rmezden gelmek m\u00fcmk\u00fcn de\u011fildir&#8221; de\u011ferlendirmesinde bulundu. Boyner, yine de se\u00e7imler sonras\u0131ndaki g\u00fcndem \u00fczerine konu\u015fulmas\u0131 gerekti\u011fini belirtti.<\/p>\n<p style=\"text-align: justify;\">T\u00dcS\u0130AD&#8217;\u0131n, T\u00fcrkiye&#8217;nin bir demokrasi a\u00e7\u0131\u011f\u0131 bulundu\u011funu, bunun giderilmesi i\u00e7in kapsaml\u0131 bir demokratikle\u015fme giri\u015fimi ba\u011flam\u0131nda, birey odakl\u0131, ayr\u0131cal\u0131klara yer vermeyen, kuvvetler ayr\u0131l\u0131\u011f\u0131 ilkesinin ge\u00e7erli oldu\u011fu, \u00e7o\u011fulcu ve parlamenter sistemi esas alan yeni bir anayasa yap\u0131lmas\u0131 gere\u011fini uzun zamand\u0131r dile getirdi\u011fini ifade eden Boyner, yeni anayasan\u0131n, her \u015feyden \u00f6nce, vatanda\u015flar\u0131n farkl\u0131l\u0131klar\u0131yla bir arada ya\u015fama iradesini temsil eden bir toplum s\u00f6zle\u015fmesi olmas\u0131 gerekti\u011fini vurgulad\u0131.<\/p>\n<p style=\"text-align: justify;\">Kat\u0131l\u0131mc\u0131 ve uzla\u015fmac\u0131 bir s\u00fcre\u00e7le haz\u0131rlanacak yeni anayasan\u0131n, T\u00fcrkiye&#8217;yi b\u00f6len sorunlar\u0131 birer birle\u015ftiren haline d\u00f6n\u00fc\u015ft\u00fcrmeye de hizmet etmesi gerekti\u011fini s\u00f6yleyen Boyner, yeni anayasa yapma heyecan\u0131n\u0131 yitirmemeyi \u00e7ok \u00f6nemsediklerini kaydetti. Boyner, &#8221;Yeni anayasay\u0131, genel se\u00e7im sonras\u0131 g\u00fcndemimizin ba\u015f maddesi olarak g\u00f6rmek istiyoruz&#8221; dedi.<\/p>\n<p style=\"text-align: justify;\"><strong>&#8221;N\u00dcKLEER KARARI S\u0130YASET\u00c7\u0130LERE A\u0130T OLAMAZ&#8221;<\/strong><\/p>\n<p style=\"text-align: justify;\">Boyner, n\u00fckleer santraller konusunda ise \u015funlar\u0131 kaydetti:<\/p>\n<p style=\"text-align: justify;\">&#8221;40 y\u0131l \u00f6nce T\u00fcrkiye n\u00fcfusu 36 milyon, \u015fehirlilik oran\u0131 y\u00fczde 39&#8217;du. Bug\u00fcn ikiye katlanan n\u00fcfusun y\u00fczde 75&#8217;inden fazlas\u0131 kentli. Bunun  anlam\u0131, ge\u00e7mi\u015fe g\u00f6re bug\u00fcn vatanda\u015fl\u0131k bilincinin daha y\u00fcksek olmas\u0131d\u0131r.<\/p>\n<p style=\"text-align: justify;\">Japonya&#8217;daki t\u00fcm d\u00fcnyay\u0131 deh\u015fet i\u00e7inde b\u0131rakan depremin ve tsunaminin ard\u0131ndan bir de n\u00fckleer felaket ya\u015fand\u0131. T\u00fcm uygar ve a\u00e7\u0131k topluma sahip \u00fclkelerde n\u00fckleer enerji mercek alt\u0131na ald\u0131, yeni projeler donduruldu. B\u00f6yle bir ortamda, T\u00fcrkiye&#8217;nin kentli d\u00fcnayaya a\u00e7\u0131k vatanda\u015flar\u0131n\u0131n n\u00fckleer enerji konusunda at\u0131lacak ad\u0131mlar\u0131 k\u00f6r\u00fc k\u00f6r\u00fcne kabullenmesi s\u00f6z konusu olamaz. T\u00fcrkiye&#8217;nin enerji a\u00e7\u0131\u011f\u0131n\u0131 kapamak amac\u0131yla n\u00fckleer santral kurulacaksa, bunun yeri, kullan\u0131lacak teknolojinin \u00f6zellikleri, g\u00fcvenlik sistemlerinin niteli\u011fi gibi konularda verilecek kararlar\u0131 verme hakk\u0131 da yaln\u0131zca teknokratlara ya da siyaset\u00e7ilere ait olamaz. Bu karar s\u00fcrecinin \u015feffaf kamuoyunun do\u011fru bilgilendirilmesine \u00f6zen g\u00f6stererek dayatmac\u0131l\u0131ktan uzak bir \u015fekilde y\u00fcr\u00fct\u00fclmesi elzemdir. Demokrasi yaln\u0131zca oy vermekten ibaret bir sistem de\u011filse ki de\u011fildir vatanda\u015flar\u0131n kayg\u0131 ve iradelerinin b\u00f6ylesi \u00f6nemli konularda dikkate al\u0131nmas\u0131ndan ka\u00e7mak s\u00f6z konusu olmamal\u0131d\u0131r diye d\u00fc\u015f\u00fcn\u00fcyorum.&#8221;<\/p>\n<p style=\"text-align: justify;\"><a href=\"http:\/\/www.gazeteport.com.tr\/EKONOMI\/NEWS\/GP_873628\" target=\"_blank\">Kaynak : GAZETEPORT<\/a><\/p>\n","protected":false},"excerpt":{"rendered":"<p style=\"text-align: justify;\">\n<p style=\"text-align: justify;\">AB ile ili\u015fkilerin \u00f6nemine de\u011finen T\u00dcS\u0130AD Ba\u015fkan\u0131 Boyner , T\u00fcrkiye&#8217;nin bas\u0131n, ifade \u00f6zg\u00fcrl\u00fc\u011f\u00fc gibi konularda gerileme ya\u015fad\u0131\u011f\u0131n\u0131 kaydetti.<\/p>\n<p style=\"text-align: justify;\">T\u00dcS\u0130AD Ba\u015fkan\u0131 \u00dcmit Boyner, T\u00dcS\u0130AD Y\u00fcksek \u0130sti\u015fare Konseyi (Y\u0130K) toplant\u0131s\u0131n\u0131n a\u00e7\u0131l\u0131\u015f\u0131nda yapt\u0131\u011f\u0131 konu\u015fmada, 40 y\u0131l \u00f6nce T\u00dcS\u0130AD&#8217;\u0131n kuruldu\u011fu d\u00f6nemdeki toplumsal, ekonomik, uluslararas\u0131 ko\u015fullara de\u011finerek, o d\u00f6nemin, ekonomilerin daha kapal\u0131 kald\u0131\u011f\u0131, <\/p>\n","protected":false},"author":1,"featured_media":0,"comment_status":"open","ping_status":"closed","sticky":false,"template":"","format":"standard","meta":{"footnotes":""},"categories":[105],"tags":[],"class_list":["post-29567","post","type-post","status-publish","format-standard","hentry","category-gundem","odd"],"_links":{"self":[{"href":"http:\/\/www.korhanyilmaz.com\/index.php?rest_route=\/wp\/v2\/posts\/29567","targetHints":{"allow":["GET"]}}],"collection":[{"href":"http:\/\/www.korhanyilmaz.com\/index.php?rest_route=\/wp\/v2\/posts"}],"about":[{"href":"http:\/\/www.korhanyilmaz.com\/index.php?rest_route=\/wp\/v2\/types\/post"}],"author":[{"embeddable":true,"href":"http:\/\/www.korhanyilmaz.com\/index.php?rest_route=\/wp\/v2\/users\/1"}],"replies":[{"embeddable":true,"href":"http:\/\/www.korhanyilmaz.com\/index.php?rest_route=%2Fwp%2Fv2%2Fcomments&post=29567"}],"version-history":[{"count":0,"href":"http:\/\/www.korhanyilmaz.com\/index.php?rest_route=\/wp\/v2\/posts\/29567\/revisions"}],"wp:attachment":[{"href":"http:\/\/www.korhanyilmaz.com\/index.php?rest_route=%2Fwp%2Fv2%2Fmedia&parent=29567"}],"wp:term":[{"taxonomy":"category","embeddable":true,"href":"http:\/\/www.korhanyilmaz.com\/index.php?rest_route=%2Fwp%2Fv2%2Fcategories&post=29567"},{"taxonomy":"post_tag","embeddable":true,"href":"http:\/\/www.korhanyilmaz.com\/index.php?rest_route=%2Fwp%2Fv2%2Ftags&post=29567"}],"curies":[{"name":"wp","href":"https:\/\/api.w.org\/{rel}","templated":true}]}}