{"id":29559,"date":"2011-03-22T09:30:26","date_gmt":"2011-03-22T07:30:26","guid":{"rendered":"http:\/\/www.korhanyilmaz.com\/?p=29559"},"modified":"2011-03-22T09:30:26","modified_gmt":"2011-03-22T07:30:26","slug":"saldiri-emri-erbilden","status":"publish","type":"post","link":"http:\/\/www.korhanyilmaz.com\/?p=29559","title":{"rendered":"Sald\u0131r\u0131 emri Erbil&#8217;den"},"content":{"rendered":"<p style=\"text-align: center;\"><a href=\"http:\/\/www.korhanyilmaz.com\/wp-content\/uploads\/2011\/03\/339.jpg\"  class=\"lightview\"><img loading=\"lazy\" decoding=\"async\" class=\"aligncenter size-full wp-image-29560\" src=\"http:\/\/www.korhanyilmaz.com\/wp-content\/uploads\/2011\/03\/339.jpg\" alt=\"\" width=\"309\" height=\"231\" \/><\/a><\/p>\n<p style=\"text-align: justify;\">Tatl\u0131ses\u2019in azmettiricisi U\u00e7mak\u2019\u0131n ceketinde BDP Erbil Temsilcisi ve avukat Ruh\u015fen Mahmuto\u011flu\u2019nun mail adresi ve telefon numaras\u0131 \u00e7\u0131kt\u0131. Polis, Mahmuto\u011flu\u2019nun Kuzey Irak ba\u011flant\u0131l\u0131 N.\u015e. ile irtibat\u0131n\u0131 belirledi. N.\u015e.\u2019den gelen bir mailde \u201cyar\u0131m kalan i\u015fi bitirin\u201d deniliyordu. Tetik\u00e7inin Erbil\u2019den geldi\u011fi belirtiliyor.<!--more--><\/p>\n<p style=\"text-align: justify;\">T\u00fcrk\u00fcc\u00fc \u0130brahim Tatl\u0131ses\u2019in a\u011f\u0131r yaralanmas\u0131yla sonu\u00e7lanan silahl\u0131 sald\u0131r\u0131n\u0131n ard\u0131nda PKK ter\u00f6r \u00f6rg\u00fct\u00fcn\u00fcn oldu\u011fu iddia edilmi\u015fti. Tatl\u0131ses\u2019i se\u00e7imlerde AK Parti\u2019den milletvekili aday\u0131 olmamas\u0131 y\u00f6n\u00fcnde bask\u0131 alt\u0131na alan \u00f6rg\u00fct\u00fcn, BDP\u2019den veya Ba\u011f\u0131ms\u0131z aday olmay\u0131 kabul etmeyince suikast karar\u0131 ald\u0131\u011f\u0131 ve ma\u015fa olarak da Tatl\u0131ses\u2019in 13 y\u0131ll\u0131k d\u00fc\u015fman\u0131 Abdullah U\u00e7mak\u2019\u0131 kulland\u0131\u011f\u0131 \u00f6ne s\u00fcr\u00fclm\u00fc\u015ft\u00fc.  Sald\u0131r\u0131n\u0131n ard\u0131ndan ba\u015flat\u0131lan geni\u015f \u00e7apl\u0131 soru\u015fturmada U\u00e7mak\u2019\u0131n \u00f6rg\u00fct ile ba\u011flant\u0131s\u0131 tespit edilince soru\u015fturmaya \u0130stanbul Ter\u00f6rle m\u00fccadele \u015eube M\u00fcd\u00fcrl\u00fc\u011f\u00fc ekipleri de dahil edildi. \u0130stanbul\u2019da yap\u0131lan operasyonlarda ter\u00f6rle m\u00fccadele ekipleri taraf\u0131ndan 10 ki\u015fi g\u00f6zalt\u0131na al\u0131nd\u0131. G\u00f6zalt\u0131na al\u0131nanlar aras\u0131nda ise bir isim dikkatleri \u00fczerine \u00e7ekti. O isim \u0130stanbul Barosu avukatlar\u0131ndan BDP Parti Meclisi (PM) \u00dcyesi ve Ruh\u015fen Mahmuto\u011flu\u2019ydu.<\/p>\n<p style=\"text-align: justify;\"><strong>KUZEY IRAK&#8217;TAN TAL\u0130MAT<\/strong><\/p>\n<p style=\"text-align: justify;\">Vatan&#8217;da yer alan iddialara g\u00f6re sald\u0131r\u0131n\u0131n ard\u0131ndan operasyon d\u00fczenleyen polis, U\u00e7mak\u2019\u0131n Pendik\u2019teki evinde \u00fczerinde mail adresi ve telefon numaralar\u0131n\u0131n yaz\u0131l\u0131 oldu\u011fu bir \u015feker ilac\u0131 prospekt\u00fcs\u00fc buldu. U\u00e7mak\u2019\u0131n ceketinin i\u00e7 cebinden \u00e7\u0131kan numaralar\u0131 ve mail adresini incelemeye alan polis, sahibinin BDP PM \u00dcyesi Ruh\u015fen Mahmuto\u011flu oldu\u011funu belirledi. Mail adresi telefonlar takibe al\u0131nd\u0131. Mahmuto\u011flu\u2019nun Kuzey Irak ba\u011flant\u0131l\u0131 N.\u015e. isimli bir ki\u015fi ile s\u00fcrekli maille\u015fti\u011fi belirlendi. N.\u015e. taraf\u0131ndan g\u00f6nderilen bir mailde \u201cYar\u0131m kalan i\u015fi tamamlay\u0131n. O halk\u0131na ihanet etti\u201d deniliyordu. Yap\u0131lan teknik incelemelerde ise Mahmuto\u011flu\u2019nun U\u00e7mak taraf\u0131ndan ankes\u00f6rle telefondan defalarca arand\u0131\u011f\u0131 ortaya \u00e7\u0131kt\u0131.<\/p>\n<p style=\"text-align: justify;\"><strong>HASTANE KROK\u0130S\u0130 \u00c7IKTI<\/strong><\/p>\n<p style=\"text-align: justify;\">Bunun \u00fczerine soru\u015fturmas\u0131n\u0131 derinle\u015ftiren Organize Su\u00e7larla M\u00fccadele ekiplerine Ter\u00f6rle M\u00fccadele ekipleri de destek verdi. Yap\u0131lan \u00e7al\u0131\u015fmalar do\u011frultusunda ani bir operasyonla Tatl\u0131ses\u2019e d\u00fczenlenen sald\u0131r\u0131 ile ilgisi bulundu\u011fu d\u00fc\u015f\u00fcn\u00fclen 10 ki\u015fi g\u00f6zalt\u0131na al\u0131nd\u0131. Aralar\u0131nda Mahmuto\u011flu\u2019nun da bulundu\u011fu zanl\u0131lar\u0131n evlerinde yap\u0131lan aramada Tatl\u0131ses\u2019in kald\u0131\u011f\u0131 Maslak\u2019taki Ac\u0131badem Hastanesi\u2019nin internetten indirilmi\u015f krokisi bulundu. Suikast ihtimaline kar\u015f\u0131 h\u0131zl\u0131 hareket eden polisin \u015f\u00fcphelilerin suikast i\u00e7in haz\u0131rl\u0131k yapmalar\u0131na f\u0131rsat tan\u0131mad\u0131\u011f\u0131 \u00f6ne s\u00fcr\u00fcld\u00fc.<\/p>\n<p style=\"text-align: justify;\"><strong>ERB\u0130L TEMS\u0130LC\u0130S\u0130<\/strong><\/p>\n<p style=\"text-align: justify;\">Bu geli\u015fmeler \u00fczerine ara\u015ft\u0131rmas\u0131n\u0131 derinle\u015ftiren polis avukat Ruh\u015fen Mahmuto\u011flu\u2019nun BDP\u2019nin Irak\u2019taki temsilcisi oldu\u011funu belirledi. Mahmuto\u011flu\u2019nun ge\u00e7ti\u011fimiz y\u0131l Temmuz ay\u0131nda BDP eski Genel Ba\u015fkan\u0131 Ahmet T\u00fcrk\u2019\u00fcn de bulundu\u011fu bir heyet ile birlikte Erbil\u2019e gitti\u011fi ve Burada Mesut Barzani ile g\u00f6r\u00fc\u015ft\u00fc\u011f\u00fc belirlendi. G\u00f6r\u00fc\u015fmenin ard\u0131ndan Mahmuto\u011flu\u2019nun BDP\u2019nin Erbil Temsilcisi olarak atand\u0131\u011f\u0131 ve heyetin T\u00fcrkiye\u2019ye d\u00f6nmesine kar\u015f\u0131n Mahmuto\u011flu\u2019nun uzun bir s\u00fcre Erbil\u2019de kald\u0131\u011f\u0131 ortaya \u00e7\u0131kt\u0131.<\/p>\n<p style=\"text-align: justify;\"><strong>TET\u0130K\u00c7\u0130 DE ERB\u0130L&#8217;DEN<\/strong><\/p>\n<p style=\"text-align: justify;\">Tatl\u0131ses\u2019e d\u00fczenlenen silahl\u0131 sald\u0131r\u0131da teti\u011fi \u00e7ekti\u011fi \u00f6ne s\u00fcr\u00fclen Ersin Altun\u2019un da Mahmuto\u011flu gibi Erbil\u2019den geldi\u011fi \u00f6ne s\u00fcr\u00fcld\u00fc. Altun\u2019un 8 y\u0131l \u00f6nce PKK ile ba\u011flant\u0131l\u0131 oldu\u011fu gerek\u00e7esiyle polis taraf\u0131ndan takibe al\u0131nd\u0131\u011f\u0131 \u00f6\u011frenildi. Marmara \u00dcniversitesi Hukuk Fak\u00fcltesi\u2019nde okudu\u011fu s\u0131rada Irak\u2019\u0131n Erbil kentine ge\u00e7en Altun\u2019un bu s\u0131rada izini kaybettirdi\u011fi ortaya \u00e7\u0131kt\u0131. Sald\u0131r\u0131dan yakla\u015f\u0131k 3 ay \u00f6nce T\u00fcrkiye\u2019ye giri\u015f yapan Altun\u2019un daha sonra Mahmuto\u011flu\u2019nun y\u00f6nlendirmesiyle Abdullah U\u00e7mak\u2019\u0131n yan\u0131na yerle\u015fti\u011fi \u00f6ne s\u00fcr\u00fcl\u00fcyor.<\/p>\n<p style=\"text-align: justify;\"><strong>350 L\u0130RA ALDIK<\/strong><\/p>\n<p style=\"text-align: justify;\">Tatl\u0131ses\u2019in vuruldu\u011fu sald\u0131r\u0131 arac\u0131n\u0131 kullanan \u015fof\u00f6r itiraf etti: Bunu 500 bin dolar i\u00e7in yapt\u0131k, 350 lira har\u00e7l\u0131k ald\u0131k.<\/p>\n<p style=\"text-align: justify;\">Habert\u00fcrk\u2019ten Muharrem \u00c7a\u011flar ve Nihat Uluda\u011f\u2019\u0131n haberine g\u00f6re, Tatl\u0131ses\u2019e d\u00fczenlenen sald\u0131r\u0131n\u0131n azmettiricisi Abdullah U\u00e7mak ile tetik\u00e7iyi ta\u015f\u0131yan \u015fof\u00f6r Yunus Ay\u0131k, itiraf\u00e7\u0131 olarak polise sald\u0131r\u0131n\u0131n t\u00fcm detaylar\u0131n\u0131 anlatt\u0131.<\/p>\n<p style=\"text-align: justify;\">U\u00e7mak\u2019\u0131n ifadesinde tan\u0131mad\u0131\u011f\u0131n\u0131 s\u00f6yledi\u011fi Ersin Altun\u2019un sald\u0131r\u0131 \u00f6ncesinde 15 g\u00fcn s\u00fcresince U\u00e7mak\u2019\u0131n evinde yat\u0131p kalkt\u0131\u011f\u0131 ve beraber 3 defa ke\u015ffe gittikleri de ortaya \u00e7\u0131kt\u0131. Sald\u0131r\u0131dan sonra 500 bin dolar vaat edilen s\u00fcr\u00fcc\u00fc ile tetik\u00e7inin sadece 350 lira har\u00e7l\u0131k ald\u0131klar\u0131 da anla\u015f\u0131ld\u0131.<\/p>\n<p style=\"text-align: justify;\"><strong>HER \u015eEY\u0130 ANLATTI<\/strong><\/p>\n<p style=\"text-align: justify;\">Gebze\u2019de kahvehanede oyun oynarken g\u00f6zalt\u0131na al\u0131nan s\u00fcr\u00fcc\u00fc Ay\u0131k, itiraf\u00e7\u0131 olarak sald\u0131r\u0131n\u0131n detaylar\u0131n\u0131 polise anlatt\u0131. Ay\u0131k, ifadesinde U\u00e7mak ile 15 g\u00fcn \u00f6nce tan\u0131\u015ft\u0131\u011f\u0131n\u0131 s\u00f6yleyerek \u201cS\u00fcleyman adl\u0131 arkada\u015f\u0131m sayesinde tan\u0131\u015ft\u0131k. Ailevi sorunlar\u0131m oldu\u011fu i\u00e7in daveti \u00fczerine Pendik\u2019te kalmaya ba\u015flad\u0131m. Bana, Tatl\u0131ses ile olan husumetinden dolay\u0131 intikam almak istedi\u011fini ve plan yap\u0131p arabas\u0131n\u0131 kur\u015funlamam\u0131z\u0131 teklif etti. Biz de Ersin ile birlikte kabul ettik. Abdullah U\u00e7mak, \u201cKorkmay\u0131n size bir \u015fey olmaz, ben her \u015feyi ayarlad\u0131m\u201d dedi.<\/p>\n<p style=\"text-align: justify;\">Daha \u00f6nce iki kez olay yerinde ke\u015fif yapt\u0131klar\u0131n\u0131 belirten Ay\u0131k, olay gecesini \u015f\u00f6yle anlatt\u0131: 23:00\u2019te evden \u00e7\u0131kt\u0131k. Araban\u0131n \u00f6n koltu\u011fu ile arka koltu\u011fu aras\u0131 U\u00e7mak\u2019\u0131n Kala\u015fnikof silah\u0131n\u0131 saklad\u0131\u011f\u0131 \u00e7anta vard\u0131. Sa\u011f \u00f6n koltuk bo\u015ftu, Ersin benim arkamda Abdullah Abi ise sa\u011f arka cam kenar\u0131nda oturuyordu. Nurol Plaza\u2019ya 200 metre kala \u00fcst ge\u00e7idin alt\u0131nda arabay\u0131 durdurmam\u0131 istedi. Abdsullah Abi, \u201cBen sizi arayaca\u011f\u0131m, siz de o zaman harekete ge\u00e7ersiniz\u201d dedi.<\/p>\n<p style=\"text-align: justify;\"><strong>ERS\u0130N ATE\u015e ETT\u0130<\/strong><\/p>\n<p style=\"text-align: justify;\">U\u00e7mak otodan inip kameralar\u0131n olmad\u0131\u011f\u0131 ancak sald\u0131r\u0131 yerini tam kar\u015f\u0131dan g\u00f6ren k\u00f6r bir noktada bekledi. Bizi aray\u0131p \u201cHareketlenme var\u201d diyerek uyard\u0131. Tatl\u0131ses\u2019im Mercedes\u2019i hareket edince mecburen hareket etmek zorunda kald\u0131k. Ersin sa\u011f arka camdan ate\u015f a\u00e7maya ba\u015flad\u0131. Mercedes\u2019in \u00f6n\u00fcnde hi\u00e7 durmadan ge\u00e7ip gittik. Ersin ate\u015f ederken ara\u00e7 y\u00fcr\u00fcyordu.<\/p>\n<p style=\"text-align: justify;\"><a href=\"http:\/\/www.gazeteport.com.tr\/GUNCEL\/NEWS\/GP_873540\" target=\"_blank\">Kaynak : GAZETEPORT<\/a><\/p>\n","protected":false},"excerpt":{"rendered":"<p style=\"text-align: center;\">\n<p style=\"text-align: justify;\">Tatl\u0131ses\u2019in azmettiricisi U\u00e7mak\u2019\u0131n ceketinde BDP Erbil Temsilcisi ve avukat Ruh\u015fen Mahmuto\u011flu\u2019nun mail adresi ve telefon numaras\u0131 \u00e7\u0131kt\u0131. Polis, Mahmuto\u011flu\u2019nun Kuzey Irak ba\u011flant\u0131l\u0131 N.\u015e. ile irtibat\u0131n\u0131 belirledi. N.\u015e.\u2019den gelen bir mailde \u201cyar\u0131m kalan i\u015fi bitirin\u201d deniliyordu. Tetik\u00e7inin Erbil\u2019den geldi\u011fi belirtiliyor.<\/p>\n","protected":false},"author":1,"featured_media":0,"comment_status":"open","ping_status":"closed","sticky":false,"template":"","format":"standard","meta":{"footnotes":""},"categories":[105],"tags":[],"class_list":["post-29559","post","type-post","status-publish","format-standard","hentry","category-gundem","odd"],"_links":{"self":[{"href":"http:\/\/www.korhanyilmaz.com\/index.php?rest_route=\/wp\/v2\/posts\/29559","targetHints":{"allow":["GET"]}}],"collection":[{"href":"http:\/\/www.korhanyilmaz.com\/index.php?rest_route=\/wp\/v2\/posts"}],"about":[{"href":"http:\/\/www.korhanyilmaz.com\/index.php?rest_route=\/wp\/v2\/types\/post"}],"author":[{"embeddable":true,"href":"http:\/\/www.korhanyilmaz.com\/index.php?rest_route=\/wp\/v2\/users\/1"}],"replies":[{"embeddable":true,"href":"http:\/\/www.korhanyilmaz.com\/index.php?rest_route=%2Fwp%2Fv2%2Fcomments&post=29559"}],"version-history":[{"count":0,"href":"http:\/\/www.korhanyilmaz.com\/index.php?rest_route=\/wp\/v2\/posts\/29559\/revisions"}],"wp:attachment":[{"href":"http:\/\/www.korhanyilmaz.com\/index.php?rest_route=%2Fwp%2Fv2%2Fmedia&parent=29559"}],"wp:term":[{"taxonomy":"category","embeddable":true,"href":"http:\/\/www.korhanyilmaz.com\/index.php?rest_route=%2Fwp%2Fv2%2Fcategories&post=29559"},{"taxonomy":"post_tag","embeddable":true,"href":"http:\/\/www.korhanyilmaz.com\/index.php?rest_route=%2Fwp%2Fv2%2Ftags&post=29559"}],"curies":[{"name":"wp","href":"https:\/\/api.w.org\/{rel}","templated":true}]}}