{"id":29548,"date":"2011-03-21T15:22:47","date_gmt":"2011-03-21T13:22:47","guid":{"rendered":"http:\/\/www.korhanyilmaz.com\/?p=29548"},"modified":"2011-03-21T15:22:47","modified_gmt":"2011-03-21T13:22:47","slug":"tekin-fikri-saglar-konusunda-bir-aksaklik-oldu","status":"publish","type":"post","link":"http:\/\/www.korhanyilmaz.com\/?p=29548","title":{"rendered":"Tekin: &#8220;Fikri Sa\u011flar konusunda bir aksakl\u0131k oldu&#8221;"},"content":{"rendered":"<p style=\"text-align: center;\"><a href=\"http:\/\/www.korhanyilmaz.com\/wp-content\/uploads\/2011\/03\/335.jpg\"  class=\"lightview\"><img loading=\"lazy\" decoding=\"async\" class=\"aligncenter size-full wp-image-29550\" src=\"http:\/\/www.korhanyilmaz.com\/wp-content\/uploads\/2011\/03\/335.jpg\" alt=\"\" width=\"412\" height=\"220\" \/><\/a><\/p>\n<p style=\"text-align: justify;\">CHP Genel Ba\u015fkan Yard\u0131mc\u0131s\u0131 G\u00fcrsel Tekin&#8217;den, Parti Meclisi toplant\u0131s\u0131nda CHP&#8217;ye geri d\u00f6nme ba\u015fvurusu reddedilen Fikri Sa\u011flar&#8217;la ilgili kafa kar\u0131\u015ft\u0131ran a\u00e7\u0131klama&#8230;<\/p>\n<p style=\"text-align: justify;\">ANKARA\u2013 CHP Genel Ba\u015fkan Yard\u0131mc\u0131s\u0131 G\u00fcrsel Tekin, eski K\u00fclt\u00fcr  Bakanlar\u0131ndan Fikri Sa\u011flar&#8217;\u0131n CHP&#8217;ye d\u00f6n\u00fc\u015f talebinin Parti Meclisinde  (PM) reddedilmesine ili\u015fkin olarak, &#8221;Orada bir aksakl\u0131k oldu, onu da en  k\u0131sa zamanda giderece\u011fiz&#8221; dedi.<!--more--><\/p>\n<p style=\"text-align: justify;\">Grup Yorum&#8217;un eski Solisti Hilmi Yaray\u0131c\u0131 CHP&#8217;den milletvekilli\u011fi aday  adayl\u0131\u011f\u0131 i\u00e7in ba\u015fvuru yapt\u0131. Tekin, ba\u015fvuru yapan ve partiye kat\u0131lan  Yaray\u0131c\u0131&#8217;ya genel merkezde d\u00fczenlenen t\u00f6renle CHP rozeti takt\u0131.<\/p>\n<div id=\"attachment_29549\" style=\"width: 420px\" class=\"wp-caption aligncenter\"><a href=\"http:\/\/www.korhanyilmaz.com\/wp-content\/uploads\/2011\/03\/336.jpg\"  class=\"lightview\"><img loading=\"lazy\" decoding=\"async\" aria-describedby=\"caption-attachment-29549\" class=\"size-full wp-image-29549 \" src=\"http:\/\/www.korhanyilmaz.com\/wp-content\/uploads\/2011\/03\/336.jpg\" alt=\"\" width=\"410\" height=\"211\" \/><\/a><p id=\"caption-attachment-29549\" class=\"wp-caption-text\">G\u00fcrsel Tekin, muhalif m\u00fczik grubu Grup Yorum&#39;un eski solistlerinden Hilmi Yaray\u0131c\u0131&#39;ya CHP rozeti takt\u0131.<\/p><\/div>\n<p style=\"text-align: justify;\">Yaray\u0131c\u0131 burada yapt\u0131\u011f\u0131 konu\u015fmada, CHP&#8217;ye kat\u0131lmaktan b\u00fcy\u00fck mutluluk duydu\u011funu ifade ederek, temel hak ve \u00f6zg\u00fcrl\u00fckler noktas\u0131ndaki m\u00fccadelesine bu parti \u00e7at\u0131s\u0131 alt\u0131nda devam etmek istedi\u011fini s\u00f6yledi. Hatay&#8217;dan milletvekili aday aday\u0131 oldu\u011funu ifade eden Yaray\u0131c\u0131, CHP&#8217;yi bu kentte &#8221;1 numara&#8221; yapmak i\u00e7in \u00e7al\u0131\u015faca\u011f\u0131n\u0131 s\u00f6yledi.<\/p>\n<p style=\"text-align: justify;\">Tekin de Yaray\u0131c\u0131&#8217;n\u0131n \u00e7izgisinden taviz vermeyen bir ki\u015fi oldu\u011funu belirterek, &#8221;T\u00fcrk\u00fclerinde g\u00f6sterdi\u011fi ba\u015far\u0131y\u0131 siyasette de g\u00f6sterece\u011fine inan\u0131yorum&#8221; dedi.<\/p>\n<p style=\"text-align: justify;\"><strong>&#8220;YARIN G\u00d6RECE\u011e\u0130Z&#8221;<\/strong><\/p>\n<p style=\"text-align: justify;\">Yaray\u0131c\u0131&#8217;ya rozetini takt\u0131ktan sonra gazetecilerin sorular\u0131n\u0131 yan\u0131tlayan Tekin, gazeteci \u0130klim Bayraktar&#8217;\u0131n iddialar\u0131na ili\u015fkin ifadeye \u00e7a\u011fr\u0131ld\u0131\u011f\u0131n\u0131n hat\u0131rlat\u0131lmas\u0131 \u00fczerine, tan\u0131k s\u0131fat\u0131yla bilgisine ba\u015fvurulmak \u00fczere yar\u0131n Ankara Adliyesine gidece\u011fini s\u00f6yledi. Ma\u011fdurun herhangi bir dava a\u00e7mad\u0131\u011f\u0131n\u0131 ifade eden Tekin, &#8221;Say\u0131n eski Genel Ba\u015fkan\u0131m\u0131z Deniz Baykal, ma\u011fdur olarak bir dava a\u00e7m\u0131\u015f olsa bunu anlar\u0131m. O zaman tan\u0131k olarak bizler \u00e7a\u011fr\u0131labiliriz ama ortada ne Say\u0131n Baykal&#8217;\u0131n ne de gazeteci han\u0131mefendinin a\u00e7t\u0131\u011f\u0131 bir dava var. Bilemiyorum, yar\u0131n g\u00f6rece\u011fiz&#8221; diye konu\u015ftu.<\/p>\n<p style=\"text-align: justify;\">Eski CHP Genel Ba\u015fkan\u0131 Deniz Baykal&#8217;\u0131n ma\u011fdur olarak ifadeye \u00e7a\u011fr\u0131ld\u0131\u011f\u0131 ancak gitmeyece\u011fi y\u00f6n\u00fcnde a\u00e7\u0131klama yapt\u0131\u011f\u0131 hat\u0131rlat\u0131larak, &#8221;Say\u0131n Baykal&#8217;\u0131n gitmeme gerek\u00e7elerine kat\u0131l\u0131yor musunuz?&#8221; sorusu \u00fczerine de Tekin, &#8221;B\u00fct\u00fcn gerek\u00e7elerine kat\u0131l\u0131yorum ama ben gidip bilgilerimi payla\u015faca\u011f\u0131m&#8221; kar\u015f\u0131l\u0131\u011f\u0131n\u0131 verdi.<\/p>\n<p style=\"text-align: justify;\"><strong>HABERAL&#8217;I 11 N\u0130SAN&#8217;DA G\u00d6R\u00dcRS\u00dcN\u00dcZ<\/strong><\/p>\n<div id=\"attachment_29551\" style=\"width: 186px\" class=\"wp-caption alignleft\"><a title=\"Prof. Dr. Mehmet Haberal\" href=\"http:\/\/www.korhanyilmaz.com\/wp-content\/uploads\/2011\/03\/338.jpg\"  class=\"lightview\"><img loading=\"lazy\" decoding=\"async\" aria-describedby=\"caption-attachment-29551\" class=\"size-full wp-image-29551   \" src=\"http:\/\/www.korhanyilmaz.com\/wp-content\/uploads\/2011\/03\/338.jpg\" alt=\"\" width=\"176\" height=\"132\" \/><\/a><p id=\"caption-attachment-29551\" class=\"wp-caption-text\">Ergenekon san\u0131\u011f\u0131 Mehmet Haberal, g\u00f6zalt\u0131na al\u0131nd\u0131ktan hemen sonra hastaneye yatm\u0131\u015f ve tam iki y\u0131l boyunca \u00f6zel bir hastane odas\u0131nda kald\u0131ktan sonra ge\u00e7ti\u011fimiz g\u00fcnlerde Silivri cezaevine nakledilmi\u015fti.<\/p><\/div>\n<p style=\"text-align: justify;\">Tekin, Ergenekon Davas\u0131n\u0131n tutuklu san\u0131klar\u0131ndan Prof. Dr. Mehmet Haberal&#8217;\u0131n CHP&#8217;den milletvekili aday\u0131 g\u00f6sterilip g\u00f6sterilmeyece\u011fine y\u00f6nelik soruyu yan\u0131tlarken de T\u00fcrkiye Cumhuriyeti vatanda\u015f\u0131 olan herkesin istedi\u011fi siyasi partiye \u00fcye olabilece\u011fini kaydetti. Tekin, adaylar\u0131n, listelerin kesinle\u015fti\u011fi tarih olan 11 Nisan&#8217;da g\u00f6r\u00fclece\u011fini belirtti.<\/p>\n<p style=\"text-align: justify;\">Eski K\u00fclt\u00fcr Bakan\u0131 Fikri Sa\u011flar&#8217;\u0131n CHP&#8217;ye d\u00f6nme ba\u015fvurusunun PM&#8217;de reddedilmesi ve ard\u0131ndan Sa\u011flar&#8217;\u0131n yapt\u0131\u011f\u0131 a\u00e7\u0131klamalar\u0131n da soruldu\u011fu Tekin, &#8221;Orada bir aksakl\u0131k oldu, onu da en k\u0131sa zamanda giderece\u011fiz&#8221; dedi.<\/p>\n<p style=\"text-align: justify;\">Tekin, gazetecilerin &#8221;Bu yan\u0131ttan ne anlamal\u0131y\u0131z. Yeniden mi PM g\u00fcndemine gelecek?&#8221; sorusunu ise yan\u0131ts\u0131z b\u0131rakt\u0131.<\/p>\n<p style=\"text-align: justify;\"><a href=\"http:\/\/www.gazeteport.com.tr\/SIYASET\/NEWS\/GP_873187\" target=\"_blank\">Kaynak : GAZETEPORT<\/a><\/p>\n","protected":false},"excerpt":{"rendered":"<p style=\"text-align: center;\">\n<p style=\"text-align: justify;\">CHP Genel Ba\u015fkan Yard\u0131mc\u0131s\u0131 G\u00fcrsel Tekin&#8217;den, Parti Meclisi toplant\u0131s\u0131nda CHP&#8217;ye geri d\u00f6nme ba\u015fvurusu reddedilen Fikri Sa\u011flar&#8217;la ilgili kafa kar\u0131\u015ft\u0131ran a\u00e7\u0131klama&#8230;<\/p>\n<p style=\"text-align: justify;\">ANKARA\u2013 CHP Genel Ba\u015fkan Yard\u0131mc\u0131s\u0131 G\u00fcrsel Tekin, eski K\u00fclt\u00fcr Bakanlar\u0131ndan Fikri Sa\u011flar&#8217;\u0131n CHP&#8217;ye d\u00f6n\u00fc\u015f talebinin Parti Meclisinde (PM) reddedilmesine ili\u015fkin olarak, &#8221;Orada bir aksakl\u0131k oldu, onu da en <\/p>\n","protected":false},"author":1,"featured_media":0,"comment_status":"open","ping_status":"closed","sticky":false,"template":"","format":"standard","meta":{"footnotes":""},"categories":[105],"tags":[],"class_list":["post-29548","post","type-post","status-publish","format-standard","hentry","category-gundem","odd"],"_links":{"self":[{"href":"http:\/\/www.korhanyilmaz.com\/index.php?rest_route=\/wp\/v2\/posts\/29548","targetHints":{"allow":["GET"]}}],"collection":[{"href":"http:\/\/www.korhanyilmaz.com\/index.php?rest_route=\/wp\/v2\/posts"}],"about":[{"href":"http:\/\/www.korhanyilmaz.com\/index.php?rest_route=\/wp\/v2\/types\/post"}],"author":[{"embeddable":true,"href":"http:\/\/www.korhanyilmaz.com\/index.php?rest_route=\/wp\/v2\/users\/1"}],"replies":[{"embeddable":true,"href":"http:\/\/www.korhanyilmaz.com\/index.php?rest_route=%2Fwp%2Fv2%2Fcomments&post=29548"}],"version-history":[{"count":0,"href":"http:\/\/www.korhanyilmaz.com\/index.php?rest_route=\/wp\/v2\/posts\/29548\/revisions"}],"wp:attachment":[{"href":"http:\/\/www.korhanyilmaz.com\/index.php?rest_route=%2Fwp%2Fv2%2Fmedia&parent=29548"}],"wp:term":[{"taxonomy":"category","embeddable":true,"href":"http:\/\/www.korhanyilmaz.com\/index.php?rest_route=%2Fwp%2Fv2%2Fcategories&post=29548"},{"taxonomy":"post_tag","embeddable":true,"href":"http:\/\/www.korhanyilmaz.com\/index.php?rest_route=%2Fwp%2Fv2%2Ftags&post=29548"}],"curies":[{"name":"wp","href":"https:\/\/api.w.org\/{rel}","templated":true}]}}