{"id":29544,"date":"2011-03-21T18:20:54","date_gmt":"2011-03-21T16:20:54","guid":{"rendered":"http:\/\/www.korhanyilmaz.com\/?p=29544"},"modified":"2011-03-21T18:20:54","modified_gmt":"2011-03-21T16:20:54","slug":"aykut-cengiz-enginden-veda","status":"publish","type":"post","link":"http:\/\/www.korhanyilmaz.com\/?p=29544","title":{"rendered":"Aykut Cengiz Engin&#8217;den veda"},"content":{"rendered":"<p style=\"text-align: justify;\"><a href=\"http:\/\/www.korhanyilmaz.com\/wp-content\/uploads\/2011\/03\/334.jpg\"  class=\"lightview\"><img loading=\"lazy\" decoding=\"async\" class=\"aligncenter size-full wp-image-29545\" src=\"http:\/\/www.korhanyilmaz.com\/wp-content\/uploads\/2011\/03\/334.jpg\" alt=\"\" width=\"315\" height=\"237\" \/><\/a><\/p>\n<p style=\"text-align: justify;\">\u0130stanbul B\u00f6lge Adliye Mahkemesi Cumhuriyet Ba\u015fsavc\u0131l\u0131\u011f\u0131na atanan Aykut Cengiz Engin, \u0130stanbul Adliyesindeki \u00e7al\u0131\u015fma arkada\u015flar\u0131na veda etti.<\/p>\n<p style=\"text-align: justify;\">\u0130STANBUL-Adliyeden ayr\u0131lmadan \u00f6nce Ba\u015fsavc\u0131l\u0131ktaki makam\u0131nda gazetecilere a\u00e7\u0131klamada bulunan Engin, 22 \u015eubatta atand\u0131\u011f\u0131 \u0130stanbul B\u00f6lge Adliye Mahkemesi Cumhuriyet Ba\u015fsavc\u0131l\u0131\u011f\u0131 g\u00f6revinde iyi i\u015fler i\u00e7in mesai harcayaca\u011f\u0131n\u0131 s\u00f6yledi. <!--more--><\/p>\n<p style=\"text-align: justify;\">B\u00f6lge Adliye Mahkemesinin, Kartal&#8217;da yap\u0131lan yeni adalet saray\u0131nda faaliyet g\u00f6sterece\u011fini ancak adliye binas\u0131n\u0131n hen\u00fcz tamamlanmam\u0131\u015f olmas\u0131 nedeniyle Temmuz ay\u0131na kadar \u00c7a\u011flayan&#8217;daki adalet saray\u0131nda \u00e7al\u0131\u015facaklar\u0131n\u0131 anlatan Engin, &#8221;Adliye muhabiri olarak \u00e7al\u0131\u015fan gazetecilerden biz savc\u0131l\u0131k olarak her zaman memnuniyet duyduk. Daima d\u00fcr\u00fcst olarak \u00e7al\u0131\u015ft\u0131n\u0131z. Ayn\u0131 d\u00fcr\u00fcstl\u00fck ve bas\u0131n ahlak\u0131yla \u00e7al\u0131\u015fmalar\u0131n\u0131z\u0131 s\u00fcrd\u00fcrmenizi temenni ediyorum&#8221; diye konu\u015ftu.<\/p>\n<p style=\"text-align: justify;\">Engin, \u00e7al\u0131\u015fma arkada\u015flar\u0131n\u0131n alk\u0131\u015flar\u0131 e\u015fli\u011finde Sultanahmet&#8217;teki \u0130stanbul Adliyesinden ayr\u0131ld\u0131.<\/p>\n<p style=\"text-align: justify;\"><a href=\"http:\/\/www.gazeteport.com.tr\/GUNCEL\/NEWS\/GP_873341\" target=\"_blank\">Kaynak : GAZETEPORT<\/a><\/p>\n","protected":false},"excerpt":{"rendered":"<p style=\"text-align: justify;\">\n<p style=\"text-align: justify;\">\u0130stanbul B\u00f6lge Adliye Mahkemesi Cumhuriyet Ba\u015fsavc\u0131l\u0131\u011f\u0131na atanan Aykut Cengiz Engin, \u0130stanbul Adliyesindeki \u00e7al\u0131\u015fma arkada\u015flar\u0131na veda etti.<\/p>\n<p style=\"text-align: justify;\">\u0130STANBUL-Adliyeden ayr\u0131lmadan \u00f6nce Ba\u015fsavc\u0131l\u0131ktaki makam\u0131nda gazetecilere a\u00e7\u0131klamada bulunan Engin, 22 \u015eubatta atand\u0131\u011f\u0131 \u0130stanbul B\u00f6lge Adliye Mahkemesi Cumhuriyet Ba\u015fsavc\u0131l\u0131\u011f\u0131 g\u00f6revinde iyi i\u015fler i\u00e7in mesai harcayaca\u011f\u0131n\u0131 s\u00f6yledi. <\/p>\n","protected":false},"author":1,"featured_media":0,"comment_status":"open","ping_status":"closed","sticky":false,"template":"","format":"standard","meta":{"footnotes":""},"categories":[105],"tags":[],"class_list":["post-29544","post","type-post","status-publish","format-standard","hentry","category-gundem","odd"],"_links":{"self":[{"href":"http:\/\/www.korhanyilmaz.com\/index.php?rest_route=\/wp\/v2\/posts\/29544","targetHints":{"allow":["GET"]}}],"collection":[{"href":"http:\/\/www.korhanyilmaz.com\/index.php?rest_route=\/wp\/v2\/posts"}],"about":[{"href":"http:\/\/www.korhanyilmaz.com\/index.php?rest_route=\/wp\/v2\/types\/post"}],"author":[{"embeddable":true,"href":"http:\/\/www.korhanyilmaz.com\/index.php?rest_route=\/wp\/v2\/users\/1"}],"replies":[{"embeddable":true,"href":"http:\/\/www.korhanyilmaz.com\/index.php?rest_route=%2Fwp%2Fv2%2Fcomments&post=29544"}],"version-history":[{"count":0,"href":"http:\/\/www.korhanyilmaz.com\/index.php?rest_route=\/wp\/v2\/posts\/29544\/revisions"}],"wp:attachment":[{"href":"http:\/\/www.korhanyilmaz.com\/index.php?rest_route=%2Fwp%2Fv2%2Fmedia&parent=29544"}],"wp:term":[{"taxonomy":"category","embeddable":true,"href":"http:\/\/www.korhanyilmaz.com\/index.php?rest_route=%2Fwp%2Fv2%2Fcategories&post=29544"},{"taxonomy":"post_tag","embeddable":true,"href":"http:\/\/www.korhanyilmaz.com\/index.php?rest_route=%2Fwp%2Fv2%2Ftags&post=29544"}],"curies":[{"name":"wp","href":"https:\/\/api.w.org\/{rel}","templated":true}]}}