{"id":29540,"date":"2011-03-21T14:52:54","date_gmt":"2011-03-21T12:52:54","guid":{"rendered":"http:\/\/www.korhanyilmaz.com\/?p=29540"},"modified":"2011-03-21T14:52:54","modified_gmt":"2011-03-21T12:52:54","slug":"bassavciliktan-hiz-tasarisina-tepki","status":"publish","type":"post","link":"http:\/\/www.korhanyilmaz.com\/?p=29540","title":{"rendered":"Ba\u015fsavc\u0131l\u0131k&#8217;tan &#8220;h\u0131z&#8221; tasar\u0131s\u0131na tepki"},"content":{"rendered":"<p style=\"text-align: justify;\"><a href=\"http:\/\/www.korhanyilmaz.com\/wp-content\/uploads\/2011\/03\/333.jpg\"  class=\"lightview\"><img loading=\"lazy\" decoding=\"async\" class=\"aligncenter size-full wp-image-29541\" src=\"http:\/\/www.korhanyilmaz.com\/wp-content\/uploads\/2011\/03\/333.jpg\" alt=\"\" width=\"414\" height=\"221\" \/><\/a><\/p>\n<p style=\"text-align: justify;\">Yarg\u0131tay Cumhuriyet Ba\u015fsavc\u0131l\u0131\u011f\u0131nca, Yarg\u0131 Hizmetlerinin H\u0131zland\u0131r\u0131lmas\u0131 Amac\u0131yla Baz\u0131 Kanunlarda De\u011fi\u015fiklik Yap\u0131lmas\u0131na Dair Kanun Tasar\u0131s\u0131 ile ilgili yap\u0131lan a\u00e7\u0131klamada, &#8221;Yarg\u0131tay cumhuriyet savc\u0131lar\u0131n\u0131n g\u00f6r\u00fc\u015f vermelerinin belli bir s\u00fcre kald\u0131r\u0131larak k\u0131s\u0131tlanmas\u0131 yoluna gidilmesi yarg\u0131ya g\u00fcveni, adaletin, adil davranman\u0131n sa\u011flad\u0131\u011f\u0131 toplumsal bar\u0131\u015f ve huzuru azaltacakt\u0131r&#8221; denildi.<!--more--><\/p>\n<p style=\"text-align: justify;\">ANKARA- Ba\u015fsavc\u0131l\u0131ktan yap\u0131lan a\u00e7\u0131klamada, &#8221;tasar\u0131yla &#8216;1 Ocak 2016 tarihine kadar yap\u0131lacak kanun yolu incelemelerinde, b\u00f6lge adliye mahkemelerinde ve Yarg\u0131tayda tebli\u011fname d\u00fczenlenmesine ili\u015fkin h\u00fck\u00fcmler uygulanmaz&#8217; kural\u0131n\u0131n getirilmek istendi\u011fi duyumu al\u0131nd\u0131\u011f\u0131&#8221; bildirildi.<\/p>\n<p style=\"text-align: justify;\">Yarg\u0131tay Cumhuriyet Ba\u015fsavc\u0131l\u0131\u011f\u0131n\u0131n tasar\u0131yla ilgili g\u00f6r\u00fc\u015f\u00fcne yer verilen a\u00e7\u0131klamada, Yarg\u0131tay cumhuriyet savc\u0131lar\u0131n\u0131n temyiz \u00fczerine verilen dosyalar\u0131 s\u00fcresinde ve eksiksiz inceleyip tebli\u011fname d\u00fczenleyerek d\u00fc\u015f\u00fcncelerini ilgili Yarg\u0131tay dairesine g\u00f6nderdi\u011fi, ayn\u0131 dosya i\u00e7in daireden \u00e7\u0131kan ilamlar\u0131 uygulama, i\u00e7tihat ve tebli\u011fnamelere uygunluk a\u00e7\u0131s\u0131ndan tekrar inceleyerek evrensel hukuk kurallar\u0131 ve i\u00e7 hukuka ayk\u0131r\u0131 g\u00f6rd\u00fcklerinde karar d\u00fczeltme veya itiraz yollar\u0131na gittikleri hat\u0131rlat\u0131ld\u0131.<\/p>\n<p style=\"text-align: justify;\">A\u00e7\u0131klamada, \u015funlar kaydedildi: &#8221;Yarg\u0131 hizmetlerinin h\u0131zland\u0131r\u0131lmas\u0131 amac\u0131, halk\u0131n yarar\u0131 dikkate al\u0131narak konulan kurallar\u0131n 5 y\u0131l gibi uzun bir s\u00fcre kald\u0131r\u0131lmas\u0131n\u0131 hakl\u0131 k\u0131lmaz. Yarg\u0131tay ceza daireleri incelenmek \u00fczere dosya bekleme durumunda olmay\u0131p ar\u015fivlerinde sonu\u00e7land\u0131r\u0131lmas\u0131 gereken 389 bin 107 adet dosya bulunmaktad\u0131r. Bu nedenle Yarg\u0131tay Cumhuriyet Ba\u015fsavc\u0131l\u0131\u011f\u0131ndaki dosyalar\u0131n tebli\u011fname d\u00fczenlenmeden g\u00f6nderilmesi yarg\u0131 hizmetlerinin h\u0131zland\u0131r\u0131lmas\u0131n\u0131 sa\u011flamayaca\u011f\u0131 gibi dairelere incelenmeden bir anda tevdi edilen 462 bin 212 adet dosya, incelemesiz olarak ba\u015fsavc\u0131l\u0131ktaki inceleme s\u00fcresinden daha fazla bekletilmek zorunda b\u0131rak\u0131lacak, daireler de i\u015f \u00e7\u0131karamaz hale gelecektir.<\/p>\n<p style=\"text-align: justify;\">Adil yarg\u0131lanma hakk\u0131, dosyalar\u0131n makul s\u00fcrede olmak kayd\u0131yla incelenip tart\u0131\u015f\u0131larak sonu\u00e7land\u0131r\u0131lmas\u0131d\u0131r. \u0130nceleme, tart\u0131\u015fma imkan\u0131 tan\u0131nmadan yap\u0131lacak temyiz incelemeleri adli hatalar\u0131n artmas\u0131na neden olacakt\u0131r. Ayr\u0131ca tebli\u011fname d\u00fczenlenmemesi, ma\u011fdur haklar\u0131n\u0131n korunmas\u0131n\u0131, savunma hakk\u0131n\u0131n kullan\u0131lmas\u0131n\u0131 engelleyici niteli\u011fe d\u00f6n\u00fc\u015fecektir. Zira Yarg\u0131tay Cumhuriyet Ba\u015fsavc\u0131l\u0131\u011f\u0131nca &#8216;incelenip tebli\u011fname d\u00fczenlenmeyen&#8217; y\u00fcz binlerce dosya ilama ba\u011flan\u0131p dairelerden d\u00f6nd\u00fc\u011f\u00fcnde &#8216;g\u00f6r\u00fcld\u00fc&#8217; yap\u0131lmas\u0131, halk\u0131n yarar\u0131na incelenmesi bir zorunluluk olmas\u0131na ra\u011fmen tebli\u011fname olmad\u0131\u011f\u0131ndan Yarg\u0131tay Cumhuriyet Ba\u015fsavc\u0131s\u0131 taraf\u0131ndan denetlenmesi imkan\u0131 kalmayacakt\u0131r.<\/p>\n<p style=\"text-align: justify;\">Yarg\u0131 hizmetlerinin h\u0131zland\u0131r\u0131lmas\u0131, hakim ve savc\u0131 say\u0131s\u0131n\u0131n art\u0131r\u0131lmas\u0131 ve alternatif \u00e7\u00f6z\u00fcm yollar\u0131n\u0131n uygulamaya ge\u00e7irilmesiyle m\u00fcmk\u00fcnken \u0130nsan Haklar\u0131 ve Temel \u00d6zg\u00fcrl\u00fcklerinin Korunmas\u0131na \u0130li\u015fkin S\u00f6zle\u015fme&#8217;ye ek 7 numaral\u0131 protokolde belirtilen \u00f6nem derecesi d\u00fc\u015f\u00fck su\u00e7lar d\u0131\u015f\u0131nda bulunan ceza h\u00fck\u00fcmlerinin ilgili ki\u015filer taraf\u0131ndan daha y\u00fcksek bir mahkemeye yeniden inceletme haklar\u0131n\u0131n, y\u00fcksek mahkemelerin ve yarg\u0131lama s\u00fcrecinin tamamlay\u0131c\u0131 unsuru olan Yarg\u0131tay cumhuriyet savc\u0131lar\u0131n\u0131n g\u00f6r\u00fc\u015f vermelerinin belli bir s\u00fcre kald\u0131r\u0131larak k\u0131s\u0131tlanmas\u0131 yoluna gidilmesi yarg\u0131ya g\u00fcveni, adaletin, adil davranman\u0131n sa\u011flad\u0131\u011f\u0131 toplumsal bar\u0131\u015f ve huzuru azaltacakt\u0131r.&#8221;<\/p>\n<p style=\"text-align: justify;\"><a href=\"http:\/\/www.gazeteport.com.tr\/GUNCEL\/NEWS\/GP_873152\" target=\"_blank\">Kaynak : GAZETEPORT<\/a><\/p>\n","protected":false},"excerpt":{"rendered":"<p style=\"text-align: justify;\">\n<p style=\"text-align: justify;\">Yarg\u0131tay Cumhuriyet Ba\u015fsavc\u0131l\u0131\u011f\u0131nca, Yarg\u0131 Hizmetlerinin H\u0131zland\u0131r\u0131lmas\u0131 Amac\u0131yla Baz\u0131 Kanunlarda De\u011fi\u015fiklik Yap\u0131lmas\u0131na Dair Kanun Tasar\u0131s\u0131 ile ilgili yap\u0131lan a\u00e7\u0131klamada, &#8221;Yarg\u0131tay cumhuriyet savc\u0131lar\u0131n\u0131n g\u00f6r\u00fc\u015f vermelerinin belli bir s\u00fcre kald\u0131r\u0131larak k\u0131s\u0131tlanmas\u0131 yoluna gidilmesi yarg\u0131ya g\u00fcveni, adaletin, adil davranman\u0131n sa\u011flad\u0131\u011f\u0131 toplumsal bar\u0131\u015f ve huzuru azaltacakt\u0131r&#8221; denildi.<\/p>\n","protected":false},"author":1,"featured_media":0,"comment_status":"open","ping_status":"closed","sticky":false,"template":"","format":"standard","meta":{"footnotes":""},"categories":[105],"tags":[],"class_list":["post-29540","post","type-post","status-publish","format-standard","hentry","category-gundem","odd"],"_links":{"self":[{"href":"http:\/\/www.korhanyilmaz.com\/index.php?rest_route=\/wp\/v2\/posts\/29540","targetHints":{"allow":["GET"]}}],"collection":[{"href":"http:\/\/www.korhanyilmaz.com\/index.php?rest_route=\/wp\/v2\/posts"}],"about":[{"href":"http:\/\/www.korhanyilmaz.com\/index.php?rest_route=\/wp\/v2\/types\/post"}],"author":[{"embeddable":true,"href":"http:\/\/www.korhanyilmaz.com\/index.php?rest_route=\/wp\/v2\/users\/1"}],"replies":[{"embeddable":true,"href":"http:\/\/www.korhanyilmaz.com\/index.php?rest_route=%2Fwp%2Fv2%2Fcomments&post=29540"}],"version-history":[{"count":0,"href":"http:\/\/www.korhanyilmaz.com\/index.php?rest_route=\/wp\/v2\/posts\/29540\/revisions"}],"wp:attachment":[{"href":"http:\/\/www.korhanyilmaz.com\/index.php?rest_route=%2Fwp%2Fv2%2Fmedia&parent=29540"}],"wp:term":[{"taxonomy":"category","embeddable":true,"href":"http:\/\/www.korhanyilmaz.com\/index.php?rest_route=%2Fwp%2Fv2%2Fcategories&post=29540"},{"taxonomy":"post_tag","embeddable":true,"href":"http:\/\/www.korhanyilmaz.com\/index.php?rest_route=%2Fwp%2Fv2%2Ftags&post=29540"}],"curies":[{"name":"wp","href":"https:\/\/api.w.org\/{rel}","templated":true}]}}