{"id":29532,"date":"2011-03-21T17:52:52","date_gmt":"2011-03-21T15:52:52","guid":{"rendered":"http:\/\/www.korhanyilmaz.com\/?p=29532"},"modified":"2011-03-21T17:52:52","modified_gmt":"2011-03-21T15:52:52","slug":"anit-yikilmasin-diyen-hakim-niye-gorevden-alindi","status":"publish","type":"post","link":"http:\/\/www.korhanyilmaz.com\/?p=29532","title":{"rendered":"An\u0131t y\u0131k\u0131lmas\u0131n diyen hakim niye g\u00f6revden al\u0131nd\u0131?"},"content":{"rendered":"<p style=\"text-align: justify;\"><a href=\"http:\/\/www.korhanyilmaz.com\/wp-content\/uploads\/2011\/03\/331.jpg\"  class=\"lightview\"><img loading=\"lazy\" decoding=\"async\" class=\"aligncenter size-full wp-image-29533\" src=\"http:\/\/www.korhanyilmaz.com\/wp-content\/uploads\/2011\/03\/331.jpg\" alt=\"\" width=\"292\" height=\"231\" \/><\/a><\/p>\n<p style=\"text-align: justify;\">T\u00fcrkiye Barolar Birli\u011fi Ba\u015fkan\u0131 Ahsen Co\u015far, Kars\u2019taki \u0130nsanl\u0131k An\u0131t\u0131\u2019n\u0131n y\u0131k\u0131m\u0131 y\u00f6n\u00fcnde Kars Belediyesince verilen karar\u0131n y\u00fcr\u00fctmesini durduran Erzurum 1. \u0130dare Mahkemesi Ba\u015fkan\u0131\u2019n\u0131n, Hakimler Savc\u0131lar Y\u00fcksek Kurulunca (HSYK) g\u00f6revinden al\u0131narak bir ba\u015fka g\u00f6reve atanmas\u0131n\u0131n yarg\u0131 ba\u011f\u0131ms\u0131zl\u0131\u011f\u0131 ve tarafs\u0131zl\u0131\u011f\u0131 ile hakim teminat\u0131 ve kanuni hakim g\u00fcvencesi ilkelerine ayk\u0131r\u0131 oldu\u011funu bildirdi. <!--more--><\/p>\n<p style=\"text-align: justify;\">Ahsen Co\u015far, yapt\u0131\u011f\u0131 yaz\u0131l\u0131 a\u00e7\u0131klamada, anayasaya, kanuna, hukuka ve vicdani kanaatine g\u00f6re karar vermekte \u00f6zg\u00fcr olan ve verdi\u011fi karar y\u00f6n\u00fcnden yarg\u0131sal denetime tabi olan hakimlerin salt verdi\u011fi karardan dolay\u0131 g\u00f6rev yapt\u0131\u011f\u0131 mahkemelerden idari tasarrufla al\u0131narak ba\u015fka mahkemeye atanmas\u0131n\u0131n yarg\u0131 ba\u011f\u0131ms\u0131zl\u0131\u011f\u0131 ve tarafs\u0131zl\u0131\u011f\u0131 ile hakim teminat\u0131, kanuni hakim g\u00fcvencesi ilkelerine ayk\u0131r\u0131 oldu\u011funu belirtti.<\/p>\n<p style=\"text-align: justify;\">Bununla ilgili anayasa maddelerini hat\u0131rlatan Co\u015far, \u015funlar\u0131 kaydetti:<\/p>\n<p style=\"text-align: justify;\">&#8220;Bu ba\u011flamda i\u015faret etmek gerekir ki Say\u0131n Ba\u015fbakan\u2019\u0131n emri sonras\u0131nda Kars\u2019taki \u0130nsanl\u0131k An\u0131t\u0131\u2019n\u0131n y\u0131k\u0131m\u0131 y\u00f6n\u00fcnde Kars Belediyesince verilen karar\u0131n y\u00fcr\u00fctmesini durduran Erzurum 1. \u0130dare Mahkemesi Ba\u015fkan\u0131\u2019n\u0131n HSYK taraf\u0131ndan g\u00f6revinden al\u0131narak bir ba\u015fka g\u00f6reve, yerine ise y\u00fcr\u00fctmeyi durdurma karar\u0131n\u0131 itiraz \u00fczerine kald\u0131ran B\u00f6lge \u0130dare Mahkemesi \u00fcyesinin atanmas\u0131, bu atamay\u0131 gerekli ve hakl\u0131 k\u0131lan bir ba\u015fka neden yoksa, \u00e7ok a\u00e7\u0131k bi\u00e7imde yarg\u0131 ba\u011f\u0131ms\u0131zl\u0131\u011f\u0131 ve tarafs\u0131zl\u0131\u011f\u0131 ile hakim teminat\u0131 ve kanuni hakim g\u00fcvencesi ilkelerine ayk\u0131r\u0131d\u0131r. Yarg\u0131 ba\u011f\u0131ms\u0131zl\u0131\u011f\u0131 ve tarafs\u0131zl\u0131\u011f\u0131 ile hakim teminat\u0131 ve kanuni hakim ilkeleri y\u00f6n\u00fcnden son derece endi\u015fe verici bu durumu kamuoyunun dikkatine sunar, kamu vicdan\u0131n\u0131 ve hukuku rahats\u0131z eden bu tasarrufun neden ve gerek\u00e7elerini kamuoyuna a\u00e7\u0131klamas\u0131 hususunda HSYK\u2019y\u0131 g\u00f6reve davet ederiz.&#8221;<\/p>\n<p style=\"text-align: justify;\"><a href=\"http:\/\/www.cnnturk.com\/2011\/kultur.sanat\/diger\/03\/21\/anit.yikilmasin.diyen.hakim.niye.gorevden.alindi\/610694.0\/index.html\" target=\"_blank\">CNN T\u00dcRK<\/a><\/p>\n","protected":false},"excerpt":{"rendered":"<p style=\"text-align: justify;\">\n<p style=\"text-align: justify;\">T\u00fcrkiye Barolar Birli\u011fi Ba\u015fkan\u0131 Ahsen Co\u015far, Kars\u2019taki \u0130nsanl\u0131k An\u0131t\u0131\u2019n\u0131n y\u0131k\u0131m\u0131 y\u00f6n\u00fcnde Kars Belediyesince verilen karar\u0131n y\u00fcr\u00fctmesini durduran Erzurum 1. \u0130dare Mahkemesi Ba\u015fkan\u0131\u2019n\u0131n, Hakimler Savc\u0131lar Y\u00fcksek Kurulunca (HSYK) g\u00f6revinden al\u0131narak bir ba\u015fka g\u00f6reve atanmas\u0131n\u0131n yarg\u0131 ba\u011f\u0131ms\u0131zl\u0131\u011f\u0131 ve tarafs\u0131zl\u0131\u011f\u0131 ile hakim teminat\u0131 ve kanuni hakim g\u00fcvencesi ilkelerine ayk\u0131r\u0131 oldu\u011funu bildirdi. <\/p>\n","protected":false},"author":1,"featured_media":0,"comment_status":"open","ping_status":"closed","sticky":false,"template":"","format":"standard","meta":{"footnotes":""},"categories":[105],"tags":[],"class_list":["post-29532","post","type-post","status-publish","format-standard","hentry","category-gundem","odd"],"_links":{"self":[{"href":"http:\/\/www.korhanyilmaz.com\/index.php?rest_route=\/wp\/v2\/posts\/29532","targetHints":{"allow":["GET"]}}],"collection":[{"href":"http:\/\/www.korhanyilmaz.com\/index.php?rest_route=\/wp\/v2\/posts"}],"about":[{"href":"http:\/\/www.korhanyilmaz.com\/index.php?rest_route=\/wp\/v2\/types\/post"}],"author":[{"embeddable":true,"href":"http:\/\/www.korhanyilmaz.com\/index.php?rest_route=\/wp\/v2\/users\/1"}],"replies":[{"embeddable":true,"href":"http:\/\/www.korhanyilmaz.com\/index.php?rest_route=%2Fwp%2Fv2%2Fcomments&post=29532"}],"version-history":[{"count":0,"href":"http:\/\/www.korhanyilmaz.com\/index.php?rest_route=\/wp\/v2\/posts\/29532\/revisions"}],"wp:attachment":[{"href":"http:\/\/www.korhanyilmaz.com\/index.php?rest_route=%2Fwp%2Fv2%2Fmedia&parent=29532"}],"wp:term":[{"taxonomy":"category","embeddable":true,"href":"http:\/\/www.korhanyilmaz.com\/index.php?rest_route=%2Fwp%2Fv2%2Fcategories&post=29532"},{"taxonomy":"post_tag","embeddable":true,"href":"http:\/\/www.korhanyilmaz.com\/index.php?rest_route=%2Fwp%2Fv2%2Ftags&post=29532"}],"curies":[{"name":"wp","href":"https:\/\/api.w.org\/{rel}","templated":true}]}}