{"id":29520,"date":"2011-03-20T10:58:52","date_gmt":"2011-03-20T08:58:52","guid":{"rendered":"http:\/\/www.korhanyilmaz.com\/?p=29520"},"modified":"2011-03-20T10:58:52","modified_gmt":"2011-03-20T08:58:52","slug":"operasyon-surecine-nasil-gelindi","status":"publish","type":"post","link":"http:\/\/www.korhanyilmaz.com\/?p=29520","title":{"rendered":"Operasyon s\u00fcrecine nas\u0131l gelindi"},"content":{"rendered":"<p style=\"text-align: justify;\"><a href=\"http:\/\/www.korhanyilmaz.com\/wp-content\/uploads\/2011\/03\/328.jpg\"  class=\"lightview\"><img loading=\"lazy\" decoding=\"async\" class=\"aligncenter size-full wp-image-29521\" src=\"http:\/\/www.korhanyilmaz.com\/wp-content\/uploads\/2011\/03\/328.jpg\" alt=\"\" width=\"300\" height=\"225\" \/><\/a><\/p>\n<p style=\"text-align: justify;\">Birle\u015fmi\u015f Milletler&#8217;in onay vermesinin ard\u0131ndan Libya&#8217;ya Batl\u0131l\u0131 \u00fclkelerin askeri operasyonu ba\u015flad\u0131.<\/p>\n<p style=\"text-align: justify;\">\u0130\u015fte ad\u0131m ad\u0131m operasyona g\u00f6t\u00fcren s\u00fcre\u00e7:<\/p>\n<p style=\"text-align: justify;\">&#8211; 15 \u015eubat: Muhaliflerin kentinde Kaddafi kar\u015f\u0131t\u0131 ilk g\u00f6steriler ba\u015flad\u0131.<\/p>\n<p style=\"text-align: justify;\">&#8211; 17 \u015eubat: \u201cGazap G\u00fcn\u00fc\u201d \u00e7a\u011fr\u0131lar\u0131 yap\u0131lmaya ba\u015fland\u0131. <!--more--><\/p>\n<p style=\"text-align: justify;\">&#8211; 21 \u015eubat: \u00c7ok say\u0131da Libyal\u0131 diplomat, Kaddafi rejimine art\u0131k ba\u011fl\u0131 olmad\u0131klar\u0131n\u0131 duyurdu.<\/p>\n<p style=\"text-align: justify;\">&#8211; 22 \u015eubat: Kaddafi ekrana \u00e7\u0131kt\u0131 ve g\u00fcvenlik g\u00fc\u00e7lerine, \u201c\u0130syanc\u0131lar\u0131 vurun\u201d emri verdi.<\/p>\n<p style=\"text-align: justify;\">&#8211; 28 \u015eubat: Libya lideri bu kez uluslararas\u0131 medyaya konu\u015fup, \u201cHalk\u0131m beni seviyor\u201d mesaj\u0131 verdi.<\/p>\n<p style=\"text-align: justify;\">&#8211; 1 Mart: \u0130syanc\u0131lar Libya\u2019n\u0131n do\u011fusunu b\u00fcy\u00fck \u00f6l\u00e7\u00fcde kontrol alt\u0131na ald\u0131; ayr\u0131ca bat\u0131 b\u00f6lgelerinde de baz\u0131 \u015fehir ve kasabalarda etkinli\u011fini artt\u0131rd\u0131. Ba\u015fkent Trablus\u2019taysa Kaddafi\u2019nin hakimiyeti s\u00fcrd\u00fc.<\/p>\n<p style=\"text-align: justify;\">&#8211; 5 Mart:Bingazi\u2019de, kendisini Libya\u2019n\u0131n tek temsilcisi olarak ilan eden \u201cUlusal Konsey\u201d kuruldu.<\/p>\n<p style=\"text-align: justify;\">&#8211; 9 Mart: Kaddafi isyanc\u0131lar\u0131, El-Kaide\u2019yle i\u015fbirli\u011fi yapmakla su\u00e7lamaya ba\u015flad\u0131.<\/p>\n<p style=\"text-align: justify;\">&#8211; 10 Mart: G\u00fcvenlik g\u00fc\u00e7leri Trablus yak\u0131nlar\u0131ndaki Zaviye\u2019nin kontrol\u00fcn\u00fc geri ald\u0131. Ayn\u0131 g\u00fcn Fransa, \u201cUlusal Konsey\u201di tan\u0131yan ilk \u00fclke oldu.<\/p>\n<p style=\"text-align: justify;\">&#8211; 11 Mart: Muhalifler d\u00fcnyadan silah yard\u0131m\u0131 istedi. Fransa ve \u0130ngiltere ise, Kaddafi g\u00fc\u00e7lerinin vurulmas\u0131 fikrini ilk kez ortaya att\u0131.<\/p>\n<p style=\"text-align: justify;\">&#8211; 12 Mart: Kaddafi\u2019nin o\u011flu Seyf\u00fclislam, \u00fclkenin y\u00fczde 90\u2019\u0131n\u0131n kontrol\u00fcn\u00fcn yeniden kendilerine ge\u00e7ti\u011fini s\u00f6yledi. Bu arada El-Cezire televizyonunun bir kameraman\u0131 \u00f6ld\u00fcr\u00fcld\u00fc.<\/p>\n<p style=\"text-align: justify;\">&#8211; 16 Mart: G\u00fcvenlik g\u00fc\u00e7leri, muhaliflerin kontrol\u00fcndeki kentlere do\u011fru ilerlemeye ba\u015flad\u0131. Seyf\u00fclislam Kaddafi, Bingazi\u2019yi 48 saat i\u00e7erisinde ele ge\u00e7ireceklerini iddia etti. B\u00f6lge halk\u0131 M\u0131s\u0131r s\u0131n\u0131r\u0131na ak\u0131n etti.<\/p>\n<p style=\"text-align: justify;\">&#8211; 17 Mart: Kaddafi g\u00fc\u00e7leri Bingazi\u2019ye sald\u0131rmaya haz\u0131r h\u00e2le gelirken, Birle\u015fmi\u015f Milletler G\u00fcvenlik Konseyi, uzun s\u00fcredir tart\u0131\u015f\u0131lan \u201cLibya\u2019n\u0131n hava sahas\u0131n\u0131 u\u00e7u\u015flara kapama\u201d karar\u0131n\u0131 resmiyete d\u00f6kt\u00fc ve gerekirse Libya Ordusu\u2019na kar\u015f\u0131 bir operasyon yap\u0131labilece\u011fi a\u00e7\u0131kland\u0131.<\/p>\n<p style=\"text-align: justify;\">&#8211; 18 Mart: Fransa, Kaddafi g\u00fc\u00e7lerine kar\u015f\u0131 sald\u0131r\u0131n\u0131n \u201cbirka\u00e7 saat i\u00e7erisinde\u201d ba\u015flayabilece\u011fini a\u00e7\u0131klad\u0131. Libya h\u00fck\u00fcmeti acilen tek tarafl\u0131 ate\u015fkes ilan etti ve BM\u2019nin karar\u0131na uyum g\u00f6sterece\u011fini a\u00e7\u0131klad\u0131.<\/p>\n<p style=\"text-align: justify;\">&#8211; 19 Mart: Muhalifler ve rejim g\u00fc\u00e7leri, kar\u015f\u0131l\u0131kl\u0131 olarak birbirlerini, ate\u015fkes karar\u0131na uymamakla su\u00e7lad\u0131. Kaddafi g\u00fc\u00e7leri, isyanc\u0131lar\u0131n elinde bulunan Zintan kenti yak\u0131nlar\u0131na sald\u0131rd\u0131. Avrupa, Arap ve Afrika Birli\u011fi temsilcileri Paris\u2019te bir araya gelerek durum de\u011ferlendirmesi yapt\u0131. Fransa Cumhurba\u015fkan\u0131 Nicolas Sarkozy, Frans\u0131z u\u00e7aklar\u0131n\u0131n, Kaddafi g\u00fc\u00e7lerinin olas\u0131 hava sald\u0131r\u0131lar\u0131n\u0131 \u00f6nlemek \u00fczere Bingazi civar\u0131nda u\u00e7tu\u011funu duyurdu ve tanklar\u0131 vuran ilk bombalar at\u0131ld\u0131.<\/p>\n<p style=\"text-align: justify;\"><a href=\"http:\/\/www.gazeteport.com.tr\/DUNYA\/NEWS\/GP_872461\" target=\"_blank\">Kaynak : GAZETEPORT<\/a><\/p>\n","protected":false},"excerpt":{"rendered":"<p style=\"text-align: justify;\">\n<p style=\"text-align: justify;\">Birle\u015fmi\u015f Milletler&#8217;in onay vermesinin ard\u0131ndan Libya&#8217;ya Batl\u0131l\u0131 \u00fclkelerin askeri operasyonu ba\u015flad\u0131.<\/p>\n<p style=\"text-align: justify;\">\u0130\u015fte ad\u0131m ad\u0131m operasyona g\u00f6t\u00fcren s\u00fcre\u00e7:<\/p>\n<p style=\"text-align: justify;\">&#8211; 15 \u015eubat: Muhaliflerin kentinde Kaddafi kar\u015f\u0131t\u0131 ilk g\u00f6steriler ba\u015flad\u0131.<\/p>\n<p style=\"text-align: justify;\">&#8211; 17 \u015eubat: \u201cGazap G\u00fcn\u00fc\u201d \u00e7a\u011fr\u0131lar\u0131 yap\u0131lmaya ba\u015fland\u0131. <\/p>\n","protected":false},"author":1,"featured_media":0,"comment_status":"open","ping_status":"closed","sticky":false,"template":"","format":"standard","meta":{"footnotes":""},"categories":[105],"tags":[],"class_list":["post-29520","post","type-post","status-publish","format-standard","hentry","category-gundem","odd"],"_links":{"self":[{"href":"http:\/\/www.korhanyilmaz.com\/index.php?rest_route=\/wp\/v2\/posts\/29520","targetHints":{"allow":["GET"]}}],"collection":[{"href":"http:\/\/www.korhanyilmaz.com\/index.php?rest_route=\/wp\/v2\/posts"}],"about":[{"href":"http:\/\/www.korhanyilmaz.com\/index.php?rest_route=\/wp\/v2\/types\/post"}],"author":[{"embeddable":true,"href":"http:\/\/www.korhanyilmaz.com\/index.php?rest_route=\/wp\/v2\/users\/1"}],"replies":[{"embeddable":true,"href":"http:\/\/www.korhanyilmaz.com\/index.php?rest_route=%2Fwp%2Fv2%2Fcomments&post=29520"}],"version-history":[{"count":0,"href":"http:\/\/www.korhanyilmaz.com\/index.php?rest_route=\/wp\/v2\/posts\/29520\/revisions"}],"wp:attachment":[{"href":"http:\/\/www.korhanyilmaz.com\/index.php?rest_route=%2Fwp%2Fv2%2Fmedia&parent=29520"}],"wp:term":[{"taxonomy":"category","embeddable":true,"href":"http:\/\/www.korhanyilmaz.com\/index.php?rest_route=%2Fwp%2Fv2%2Fcategories&post=29520"},{"taxonomy":"post_tag","embeddable":true,"href":"http:\/\/www.korhanyilmaz.com\/index.php?rest_route=%2Fwp%2Fv2%2Ftags&post=29520"}],"curies":[{"name":"wp","href":"https:\/\/api.w.org\/{rel}","templated":true}]}}