{"id":29513,"date":"2011-03-20T14:01:38","date_gmt":"2011-03-20T12:01:38","guid":{"rendered":"http:\/\/www.korhanyilmaz.com\/?p=29513"},"modified":"2011-03-20T14:01:38","modified_gmt":"2011-03-20T12:01:38","slug":"chpden-2b-acilimi","status":"publish","type":"post","link":"http:\/\/www.korhanyilmaz.com\/?p=29513","title":{"rendered":"CHP&#8217;den 2B a\u00e7\u0131l\u0131m\u0131"},"content":{"rendered":"<p style=\"text-align: justify;\"><a href=\"http:\/\/www.korhanyilmaz.com\/wp-content\/uploads\/2011\/03\/326.jpg\"  class=\"lightview\"><img loading=\"lazy\" decoding=\"async\" class=\"aligncenter size-full wp-image-29514\" src=\"http:\/\/www.korhanyilmaz.com\/wp-content\/uploads\/2011\/03\/326.jpg\" alt=\"\" width=\"400\" height=\"117\" \/><\/a><\/p>\n<p style=\"text-align: justify;\">CHP Grup Ba\u015fkanvekili Akif Hamza\u00e7ebi, &#8221;2B arazilerindeki m\u00fclkiyet sorununu \u00e7\u00f6zece\u011fiz. \u015eehirle\u015fmenin oldu\u011fu yerlerdeki arazileri emlak vergisi de\u011feri \u00fczerinden, sahibi olan vatanda\u015flara devredece\u011fiz. Orman k\u00f6yl\u00fclerinin ya\u015fad\u0131\u011f\u0131 yerlerde ise bu arazileri orman k\u00f6yl\u00fclerine bedelsiz olarak verece\u011fiz&#8221; dedi.<!--more--><\/p>\n<p style=\"text-align: justify;\">\u0130STANBUL- Hamza\u00e7ebi, partisinin Sancaktepe \u0130l\u00e7e Ba\u015fkanl\u0131\u011f\u0131&#8217;nda d\u00fczenledi\u011fi bas\u0131n toplant\u0131s\u0131nda, 12 Haziran&#8217;da yap\u0131lacak genel se\u00e7imi an\u0131msatarak, iktidarda, toplumla, sendikalarla, \u00e7al\u0131\u015fanlarla ve \u00fcreticilerle kavgal\u0131 bir h\u00fck\u00fcmetin var oldu\u011funu \u00f6ne s\u00fcrd\u00fc.<\/p>\n<p style=\"text-align: justify;\">H\u00fck\u00fcmet&#8217;in, 9 y\u0131ld\u0131r i\u015f ba\u015f\u0131nda olmas\u0131na ra\u011fmen muhalefet partisi gibi davrand\u0131\u011f\u0131n\u0131 iddia eden Hamza\u00e7ebi, &#8221;\u0130ktidarda, &#8216;\u0130ktidar se\u00e7kinleri var&#8217; diye ma\u011fduru oynayan bir parti var. Bu pop\u00fclizmin ta kendisidir&#8221; dedi.<\/p>\n<p style=\"text-align: justify;\">Hamza\u00e7ebi, AK Parti&#8217;nin de\u011fi\u015fimin de\u011fil, stat\u00fckonun partisi oldu\u011funu da savunarak, AK Parti&#8217;nin CHP&#8217;nin projelerine y\u00f6nelik mevcut durumu savunan bir parti oldu\u011funu da \u00f6ne s\u00fcrd\u00fc.<\/p>\n<p style=\"text-align: justify;\">A\u00e7\u0131klad\u0131klar\u0131 Aile Sigortas\u0131 projesinin, bu \u00fclkede ya\u015fayan b\u00fct\u00fcn vatanda\u015flar\u0131n, bu \u00fclkenin vatanda\u015f\u0131 olmas\u0131 nedeniyle hak etti\u011fi bedeli kendisine \u00f6denmesi oldu\u011funu kaydetti.<\/p>\n<p style=\"text-align: justify;\">Bu projeye kar\u015f\u0131 AK Parti&#8217;nin s\u00f6yledi\u011fi tek \u015feyin, &#8221;Kaynak nerede?&#8221; oldu\u011funu ifade eden Hamza\u00e7ebi, &#8221;Kaynak, onu taahh\u00fct eden siyasi partinin sorunudur. Bu projenin kayna\u011f\u0131 vard\u0131r&#8221; diye konu\u015ftu.<\/p>\n<p style=\"text-align: justify;\">Askerlik Projesi&#8217;ni de a\u00e7\u0131klad\u0131klar\u0131n\u0131 an\u0131msatan Hamza\u00e7ebi, TBMM&#8217;de s\u00f6zle\u015fmeli er ve erba\u015flara ili\u015fkin kanunun kabul edildi\u011fini, b\u00f6ylece T\u00fcrk Silahl\u0131 Kuvvetlerinin profesyonel orduya do\u011fru yol ald\u0131\u011f\u0131n\u0131 dile getirdi.<\/p>\n<p style=\"text-align: justify;\">Bu geli\u015fmenin ard\u0131ndan askerlikle ilgili tekliflerini parti olarak TBMM Ba\u015fkanl\u0131\u011f\u0131na verdiklerini de belirten Hamza\u00e7ebi, bundan sonra mevcut askerlik s\u00fcrelerinin savunulamayaca\u011f\u0131n\u0131, askerli\u011fin \u00f6nce 9 aya, daha sonra 6 aya d\u00fc\u015fmesini istediklerini kaydetti.<\/p>\n<p style=\"text-align: justify;\">&#8221;T\u00fcrkiye askerlik s\u00fcresini g\u00f6zden ge\u00e7irmeli ve k\u0131saltmal\u0131d\u0131r&#8221; diyen Hamza\u00e7ebi, ayr\u0131ca belli bir birikimi \u00f6nlemek amac\u0131yla bir \u00f6nerilerinin daha bulundu\u011funu, bunun bug\u00fcne kadarki bedelli askerlik uygulamalar\u0131ndan farkl\u0131 bir uygulama oldu\u011funu, belli bir miktar geliri olmayanlar\u0131n da \u00fccretsiz olarak askerlik hizmetini 21 g\u00fcn olarak yerine getireceklerini anlatt\u0131.<\/p>\n<p style=\"text-align: justify;\">Hamza\u00e7ebi, Ba\u015fbakan Recep Tayyip Erdo\u011fan&#8217;\u0131n bu projeyi ciddiye ald\u0131\u011f\u0131n\u0131 ve &#8221;Gerekirse referanduma g\u00f6t\u00fcrece\u011fini s\u00f6yledi\u011fini&#8221; de ifade ederek, &#8221;Ba\u015fbakan bu projeye kar\u015f\u0131 de\u011fildir, sadece bu projenin CHP taraf\u0131ndan g\u00fcndeme getirilmesinden rahats\u0131z olmu\u015ftur&#8221; dedi.<\/p>\n<p style=\"text-align: justify;\"><strong>CHP&#8217;N\u0130N 2B PROJES\u0130<\/strong><\/p>\n<p style=\"text-align: justify;\">Akif Hamza\u00e7ebi, bug\u00fcn Sancaktepe&#8217;den CHP&#8217;nin bir projesini daha a\u00e7\u0131klamak istedi\u011fini dile getirerek, 2B arazileri konusunda vatanda\u015flar\u0131n b\u00fcy\u00fck bir sorunu oldu\u011funu, s\u00f6z konusu yerlerin, vatanda\u015flar\u0131n devletle m\u00fclkiyet sorunu ya\u015fad\u0131\u011f\u0131 araziler oldu\u011funu ifade etti.<\/p>\n<p style=\"text-align: justify;\">Hamza\u00e7ebi, \u015f\u00f6yle devam etti:<\/p>\n<p style=\"text-align: justify;\">&#8221;\u0130stanbul&#8217;a b\u00fcy\u00fck g\u00f6\u00e7ler olmu\u015f, b\u00fcy\u00fck g\u00f6\u00e7lerin yaratt\u0131\u011f\u0131 konut ihtiyac\u0131 imarl\u0131 arsa \u00fcretimiyle kar\u015f\u0131lanamad\u0131\u011f\u0131 i\u00e7in 2B arazileri konut yap\u0131m\u0131na a\u00e7\u0131lm\u0131\u015f ve bug\u00fcn 2B arazilerinde b\u00fcy\u00fck bir yerle\u015fim meydana gelmi\u015ftir. \u015eehirler olu\u015fmu\u015ftur. Kasabalar olu\u015fmu\u015ftur. \u015eehir yap\u0131lar\u0131 olan mahalleler olu\u015fmu\u015ftur. Caddeler, bulvarlar a\u00e7\u0131lm\u0131\u015ft\u0131r. Kamu binalar\u0131 yap\u0131lm\u0131\u015ft\u0131r. Vatanda\u015flar evler yapm\u0131\u015ft\u0131r. Hala bu sorunu yok gibi ya\u015famak, buralar\u0131 orman olarak g\u00f6rmek son derece yanl\u0131\u015ft\u0131r. Buralar\u0131n m\u00fclkiyet sorunu \u00e7\u00f6z\u00fclmek zorundad\u0131r.<\/p>\n<p style=\"text-align: justify;\">CHP olarak, 2B arazilerindeki m\u00fclkiyet sorununu \u00e7\u00f6zece\u011fiz. \u015eehirle\u015fmenin oldu\u011fu yerlerdeki arazileri emlak vergisi de\u011feri \u00fczerinden, sahibi olan vatanda\u015flara devredece\u011fiz. Orman k\u00f6yl\u00fclerinin ya\u015fad\u0131\u011f\u0131 yerlerde ise bu arazileri orman k\u00f6yl\u00fclerine bedelsiz olarak verece\u011fiz.<\/p>\n<p style=\"text-align: justify;\">\u015eehirlerde yap\u0131lar\u0131n oldu\u011fu 2B arazilerinde ecri misil sorununu da \u00e7\u00f6zece\u011fiz. Kadastronun yap\u0131ld\u0131\u011f\u0131 ve hak sahibinin belirlendi\u011fi bu arazilerde ge\u00e7mi\u015fe y\u00f6nelik olarak ecri misil al\u0131nmas\u0131 uygulamas\u0131na son verece\u011fiz.&#8221;<\/p>\n<p style=\"text-align: justify;\"><a href=\"http:\/\/www.gazeteport.com.tr\/SIYASET\/NEWS\/GP_872561\" target=\"_blank\"><span style=\"color: #888888;\">Kaynak : GAZETEPORT<\/span><\/a><\/p>\n","protected":false},"excerpt":{"rendered":"<p style=\"text-align: justify;\">\n<p style=\"text-align: justify;\">CHP Grup Ba\u015fkanvekili Akif Hamza\u00e7ebi, &#8221;2B arazilerindeki m\u00fclkiyet sorununu \u00e7\u00f6zece\u011fiz. \u015eehirle\u015fmenin oldu\u011fu yerlerdeki arazileri emlak vergisi de\u011feri \u00fczerinden, sahibi olan vatanda\u015flara devredece\u011fiz. Orman k\u00f6yl\u00fclerinin ya\u015fad\u0131\u011f\u0131 yerlerde ise bu arazileri orman k\u00f6yl\u00fclerine bedelsiz olarak verece\u011fiz&#8221; dedi.<\/p>\n","protected":false},"author":1,"featured_media":0,"comment_status":"open","ping_status":"closed","sticky":false,"template":"","format":"standard","meta":{"footnotes":""},"categories":[105],"tags":[],"class_list":["post-29513","post","type-post","status-publish","format-standard","hentry","category-gundem","odd"],"_links":{"self":[{"href":"http:\/\/www.korhanyilmaz.com\/index.php?rest_route=\/wp\/v2\/posts\/29513","targetHints":{"allow":["GET"]}}],"collection":[{"href":"http:\/\/www.korhanyilmaz.com\/index.php?rest_route=\/wp\/v2\/posts"}],"about":[{"href":"http:\/\/www.korhanyilmaz.com\/index.php?rest_route=\/wp\/v2\/types\/post"}],"author":[{"embeddable":true,"href":"http:\/\/www.korhanyilmaz.com\/index.php?rest_route=\/wp\/v2\/users\/1"}],"replies":[{"embeddable":true,"href":"http:\/\/www.korhanyilmaz.com\/index.php?rest_route=%2Fwp%2Fv2%2Fcomments&post=29513"}],"version-history":[{"count":0,"href":"http:\/\/www.korhanyilmaz.com\/index.php?rest_route=\/wp\/v2\/posts\/29513\/revisions"}],"wp:attachment":[{"href":"http:\/\/www.korhanyilmaz.com\/index.php?rest_route=%2Fwp%2Fv2%2Fmedia&parent=29513"}],"wp:term":[{"taxonomy":"category","embeddable":true,"href":"http:\/\/www.korhanyilmaz.com\/index.php?rest_route=%2Fwp%2Fv2%2Fcategories&post=29513"},{"taxonomy":"post_tag","embeddable":true,"href":"http:\/\/www.korhanyilmaz.com\/index.php?rest_route=%2Fwp%2Fv2%2Ftags&post=29513"}],"curies":[{"name":"wp","href":"https:\/\/api.w.org\/{rel}","templated":true}]}}