{"id":29509,"date":"2011-03-19T17:25:17","date_gmt":"2011-03-19T15:25:17","guid":{"rendered":"http:\/\/www.korhanyilmaz.com\/?p=29509"},"modified":"2011-03-19T17:25:17","modified_gmt":"2011-03-19T15:25:17","slug":"yedi-sulalene-para-bulurken-hos-da","status":"publish","type":"post","link":"http:\/\/www.korhanyilmaz.com\/?p=29509","title":{"rendered":"&#8220;Yedi s\u00fclalene para bulurken ho\u015f da&#8230;&#8221;"},"content":{"rendered":"<p style=\"text-align: justify;\"><a href=\"http:\/\/www.korhanyilmaz.com\/wp-content\/uploads\/2011\/03\/325.jpg\"  class=\"lightview\"><img loading=\"lazy\" decoding=\"async\" class=\"aligncenter size-full wp-image-29510\" src=\"http:\/\/www.korhanyilmaz.com\/wp-content\/uploads\/2011\/03\/325.jpg\" alt=\"\" width=\"413\" height=\"220\" \/><\/a><\/p>\n<p style=\"text-align: justify;\">CHP lideri K\u0131l\u0131\u00e7daro\u011flu, h\u00fck\u00fcmetin &#8220;Aile Sigortas\u0131 projeniz i\u00e7in paray\u0131 nereden bulacaks\u0131n\u0131z&#8221; ele\u015ftirisine yan\u0131t verdi: &#8220;Yedi s\u00fclalene para bulurken ho\u015f da vatanda\u015fa gelirken mi para yok?&#8221;<\/p>\n<p style=\"text-align: justify;\">GEBZE- CHP Genel Ba\u015fkan\u0131 Kemal K\u0131l\u0131\u00e7daro\u011flu, &#8221;12 Eyl\u00fcl \u00fcr\u00fcn\u00fc olan bir partiyi ala\u015fa\u011f\u0131 edece\u011fiz, 12 Haziran&#8217;da yapaca\u011f\u0131z bunu&#8221; dedi. <!--more--><\/p>\n<p style=\"text-align: justify;\">K\u0131l\u0131\u00e7daro\u011flu, Gebze&#8217;de d\u00fczenlenen &#8221;Ta\u015feronla\u015fmaya Dur De&#8221; mitinginde yapt\u0131\u011f\u0131 konu\u015fmada, AK Parti&#8217;nin referandum \u00f6ncesi &#8221;Anayasa&#8217;y\u0131 de\u011fi\u015ftirece\u011fiz. Bu 12 Eyl\u00fcl Anayasas\u0131, 12 Eyl\u00fclc\u00fclerden de hesap soraca\u011f\u0131z&#8221; dedi\u011fini ifade ederek, \u015f\u00f6yle devam etti:<\/p>\n<p style=\"text-align: justify;\">&#8221;Hesap sordular m\u0131? Sorabilirler mi? Hay\u0131r&#8230; 12 Eyl\u00fcl \u00fcr\u00fcn\u00fc olan bir parti 12 Eyl\u00fclc\u00fclerden, darbecilerden hesap sorabilir mi? Ben de biliyorum soramaz, siz de biliyorsunuz, soramaz. Art\u0131k s\u00f6z\u00fcm\u00fcz\u00fc b\u00fct\u00fcn T\u00fcrkiye&#8217;de s\u00f6yleyece\u011fiz. 12 Eyl\u00fcl \u00fcr\u00fcn\u00fc olan bir partiyi ala\u015fa\u011f\u0131 edece\u011fiz, 12 Haziran&#8217;da yapaca\u011f\u0131z bunu.&#8221;<\/p>\n<p style=\"text-align: justify;\"><strong>&#8220;B\u0130Z ALIN TER\u0130N\u0130N PART\u0130S\u0130Y\u0130Z&#8221;<\/strong><\/p>\n<p style=\"text-align: justify;\">Gebze&#8217;nin al\u0131n terinin ve 90 g\u00fcnd\u00fcr grev yap\u0131p hakk\u0131n\u0131 almak isteyenlerin kenti oldu\u011funu belirten K\u0131l\u0131\u00e7daro\u011flu, kendilerinin de al\u0131n terinin partisi oldu\u011funu ifade etti.<\/p>\n<p style=\"text-align: justify;\">Gebze&#8217;nin, CHP&#8217;nin en az oy ald\u0131\u011f\u0131 il\u00e7elerden biri oldu\u011funa dikkati \u00e7eken K\u0131l\u0131\u00e7daro\u011flu, ancak kabahatin kendilerinde oldu\u011funu, Gebze&#8217;ye gelmediklerini, Gebzeliyle tokala\u015fmad\u0131klar\u0131n\u0131, sohbet etmediklerini, &#8221;Arkada\u015f sizin ne derdiniz var?&#8221; demediklerini s\u00f6yledi.<\/p>\n<p style=\"text-align: justify;\">Yeni projelerini a\u00e7\u0131klay\u0131nca AK Parti&#8217;nin ezberinin bozuldu\u011funu s\u00f6yleyen K\u0131l\u0131\u00e7daro\u011flu daha a\u00e7\u0131klayacak projeleri bulundu\u011funu bildirerek, \u015funlar\u0131 kaydetti:<\/p>\n<p style=\"text-align: justify;\">&#8221;Diyorlar ki &#8216;Bu, se\u00e7im yat\u0131r\u0131m\u0131&#8217;. Allah a\u015fk\u0131na onlar\u0131n yapt\u0131\u011f\u0131 ne? Biz ne yap\u0131yoruz? Diyoruz ki &#8216;\u0130ktidar oldu\u011fumuzda bunlar\u0131 yapaca\u011f\u0131z&#8217; diyoruz. Kimin s\u00f6z\u00fc bu? Unutmas\u0131nlar Kemal&#8217;in s\u00f6z\u00fc. Halk\u0131n Kemalinin s\u00f6z\u00fc bu.<\/p>\n<p style=\"text-align: justify;\">Her yerde s\u00f6yledik, yine s\u00f6yleyece\u011fiz. \u00c7ekinmeden, korkmadan, y\u0131lmadan, bask\u0131lara direnerek s\u00f6yleyece\u011fiz. &#8216;Biz halk\u0131n partisiyiz&#8217; diyece\u011fiz. &#8216;Halktan yana politika izleyece\u011fiz&#8217; diyoruz.<\/p>\n<p style=\"text-align: justify;\">Biz dedik ki &#8216;aile sigortas\u0131n\u0131 getirece\u011fiz&#8217;. &#8216;Vay efendim paray\u0131 nereden bulacaks\u0131n\u0131z?&#8217; Yedi s\u00fclalene para bulurken ho\u015f da vatanda\u015fa gelirken mi para yok?&#8221;<\/p>\n<p style=\"text-align: justify;\"><strong>&#8220;SEND\u0130KAYA \u00dcYE OLAN \u0130\u015eTEN ATILIYOR&#8221;<\/strong><\/p>\n<p style=\"text-align: justify;\">Aile sigortas\u0131 uygulamas\u0131n\u0131 ba\u015flatacaklar\u0131n\u0131 dile getiren K\u0131l\u0131\u00e7daro\u011flu, kad\u0131nlara se\u00e7me ve se\u00e7ilme hakk\u0131n\u0131 CHP&#8217;nin verdi\u011fini kad\u0131nlar\u0131n unutmamas\u0131n\u0131 isteyerek, &#8221;Siyasi \u00f6zg\u00fcrl\u00fck verdi onlara, \u015fimdi ikinci b\u00fcy\u00fck devrime ad\u0131m at\u0131yor. Onlara \u015fimdi ekonomik g\u00fcvence verece\u011fiz. Her evin asgari geliri 600 TL olacak ve kad\u0131n\u0131n banka hesab\u0131na yatacak bu para&#8221; diye konu\u015ftu.<\/p>\n<p style=\"text-align: justify;\">Referandumda yap\u0131lan de\u011fi\u015fiklikle bir i\u015f\u00e7iye ikinci bir sendikaya daha \u00fcye olabilme hakk\u0131n\u0131n verildi\u011fini an\u0131msatan K\u0131l\u0131\u00e7daro\u011flu, &#8221;Allah a\u015fk\u0131na, bir sendikaya \u00fcye olan\u0131n zaten i\u015fine son veriyorlar. Sen arka \u00e7\u0131k\u0131yor musun, diyor musun, &#8216;Arkada\u015f, bu i\u015f\u00e7i sendikala\u015ft\u0131 diye niye at\u0131yorsun?&#8217; diye hesab\u0131n\u0131 soruyor musun?&#8221; dedi.<\/p>\n<p style=\"text-align: justify;\">\u0130ktidara gelmeleri durumunda emekten ve haktan yana bir d\u00fczen kuracaklar\u0131n\u0131 ifade eden K\u0131l\u0131\u00e7daro\u011flu, Anayasa&#8217;da ve yasalarda sendikala\u015fma \u00f6zg\u00fcrl\u00fc\u011f\u00fc, grev ve toplu s\u00f6zle\u015fme yasalar\u0131 bulundu\u011funu, o yasalar\u0131 getirenin de eski liderleri B\u00fclent Ecevit oldu\u011funu kaydetti.<\/p>\n<p style=\"text-align: justify;\">\u00d6rg\u00fctl\u00fc toplumu CHP&#8217;nin kuraca\u011f\u0131n\u0131 bildiren K\u0131l\u0131\u00e7daro\u011flu, &#8221;Bayan karde\u015flerime s\u00f6z veriyorum. Bir \u00e7ocuk bile yata\u011fa a\u00e7 girmeyecek halk\u0131n iktidar\u0131nda&#8221; diye konu\u015ftu.<\/p>\n<p style=\"text-align: justify;\">Ta\u015feronla\u015fma ile k\u00f6lelik d\u00fczeninin getirildi\u011fini ifade eden K\u0131l\u0131\u00e7daro\u011flu, &#8221;Ta\u015feronla\u015fmaya Hay\u0131r&#8221; dediklerini ifade etti.<\/p>\n<p style=\"text-align: justify;\">Gebze&#8217;nin eme\u011fin ve i\u015f\u00e7ilerin ba\u015fkenti oldu\u011funu bu nedenle &#8221;Ta\u015feronla\u015fmaya Hay\u0131r&#8221; demek i\u00e7in Gebze&#8217;yi se\u00e7tiklerini dile getiren K\u0131l\u0131\u00e7daro\u011flu, &#8221;Onun i\u00e7in beraberiz. Y\u00fcre\u011fimiz beraber atmal\u0131, ayd\u0131nl\u0131k T\u00fcrkiye&#8217;nin gelece\u011fi i\u00e7in atmal\u0131&#8221; dedi.<\/p>\n<p style=\"text-align: justify;\"><a href=\"http:\/\/www.gazeteport.com.tr\/SIYASET\/NEWS\/GP_872181\" target=\"_blank\"><span style=\"color: #888888;\">Kaynak : GAZETEPORT<\/span><\/a><\/p>\n","protected":false},"excerpt":{"rendered":"<p style=\"text-align: justify;\">\n<p style=\"text-align: justify;\">CHP lideri K\u0131l\u0131\u00e7daro\u011flu, h\u00fck\u00fcmetin &#8220;Aile Sigortas\u0131 projeniz i\u00e7in paray\u0131 nereden bulacaks\u0131n\u0131z&#8221; ele\u015ftirisine yan\u0131t verdi: &#8220;Yedi s\u00fclalene para bulurken ho\u015f da vatanda\u015fa gelirken mi para yok?&#8221;<\/p>\n<p style=\"text-align: justify;\">GEBZE- CHP Genel Ba\u015fkan\u0131 Kemal K\u0131l\u0131\u00e7daro\u011flu, &#8221;12 Eyl\u00fcl \u00fcr\u00fcn\u00fc olan bir partiyi ala\u015fa\u011f\u0131 edece\u011fiz, 12 Haziran&#8217;da yapaca\u011f\u0131z bunu&#8221; dedi. <\/p>\n","protected":false},"author":1,"featured_media":0,"comment_status":"open","ping_status":"closed","sticky":false,"template":"","format":"standard","meta":{"footnotes":""},"categories":[105],"tags":[],"class_list":["post-29509","post","type-post","status-publish","format-standard","hentry","category-gundem","odd"],"_links":{"self":[{"href":"http:\/\/www.korhanyilmaz.com\/index.php?rest_route=\/wp\/v2\/posts\/29509","targetHints":{"allow":["GET"]}}],"collection":[{"href":"http:\/\/www.korhanyilmaz.com\/index.php?rest_route=\/wp\/v2\/posts"}],"about":[{"href":"http:\/\/www.korhanyilmaz.com\/index.php?rest_route=\/wp\/v2\/types\/post"}],"author":[{"embeddable":true,"href":"http:\/\/www.korhanyilmaz.com\/index.php?rest_route=\/wp\/v2\/users\/1"}],"replies":[{"embeddable":true,"href":"http:\/\/www.korhanyilmaz.com\/index.php?rest_route=%2Fwp%2Fv2%2Fcomments&post=29509"}],"version-history":[{"count":0,"href":"http:\/\/www.korhanyilmaz.com\/index.php?rest_route=\/wp\/v2\/posts\/29509\/revisions"}],"wp:attachment":[{"href":"http:\/\/www.korhanyilmaz.com\/index.php?rest_route=%2Fwp%2Fv2%2Fmedia&parent=29509"}],"wp:term":[{"taxonomy":"category","embeddable":true,"href":"http:\/\/www.korhanyilmaz.com\/index.php?rest_route=%2Fwp%2Fv2%2Fcategories&post=29509"},{"taxonomy":"post_tag","embeddable":true,"href":"http:\/\/www.korhanyilmaz.com\/index.php?rest_route=%2Fwp%2Fv2%2Ftags&post=29509"}],"curies":[{"name":"wp","href":"https:\/\/api.w.org\/{rel}","templated":true}]}}