{"id":29500,"date":"2011-03-19T18:55:16","date_gmt":"2011-03-19T16:55:16","guid":{"rendered":"http:\/\/www.korhanyilmaz.com\/?p=29500"},"modified":"2011-03-19T18:55:16","modified_gmt":"2011-03-19T16:55:16","slug":"saglik-mudurlugunden-haberal-aciklamasi","status":"publish","type":"post","link":"http:\/\/www.korhanyilmaz.com\/?p=29500","title":{"rendered":"Sa\u011fl\u0131k M\u00fcd\u00fcrl\u00fc\u011f\u00fc&#8217;nden &#8216;Haberal&#8217; a\u00e7\u0131klamas\u0131"},"content":{"rendered":"<p style=\"text-align: justify;\"><a href=\"http:\/\/www.korhanyilmaz.com\/wp-content\/uploads\/2011\/03\/323.jpg\"  class=\"lightview\"><img loading=\"lazy\" decoding=\"async\" class=\"aligncenter size-full wp-image-29501\" src=\"http:\/\/www.korhanyilmaz.com\/wp-content\/uploads\/2011\/03\/323.jpg\" alt=\"\" width=\"292\" height=\"218\" \/><\/a><\/p>\n<p style=\"text-align: justify;\">\u0130stanbul Sa\u011fl\u0131k M\u00fcd\u00fcrl\u00fc\u011f\u00fc, ikinci &#8220;Ergenekon&#8221; davas\u0131n\u0131n tutuklu san\u0131\u011f\u0131 eski Ba\u015fkent \u00dcniversitesi Rekt\u00f6r\u00fc Prof. Dr. Mehmet Haberal&#8217;\u0131n, Adli T\u0131p Kurumu&#8217;nun g\u00fcncel tetkik sonu\u00e7lar\u0131na g\u00f6re, transferle ilgili ek bir talebi olmamas\u0131 ve Mehmet Akif Ersoy Hastanesi kardiyoloji klinik \u015feflerinin hastanede yap\u0131lan tahlillerini incelemesi neticesinde cezaevine nakledildi\u011fini bildirdi. <!--more--><\/p>\n<p style=\"text-align: justify;\">Sa\u011fl\u0131k M\u00fcd\u00fcrl\u00fc\u011f\u00fcnden yap\u0131lan yaz\u0131l\u0131 a\u00e7\u0131klamada, \u0130stanbul Mehmet Akif Ersoy Kalp ve Damar Cerrahisi E\u011fitim ve Ara\u015ft\u0131rma Hastanesi hakk\u0131nda son g\u00fcnlerde baz\u0131 yay\u0131n kurulu\u015flar\u0131nda \u00e7\u0131kan haberlere ili\u015fkin olarak kamuoyunun ayd\u0131nlat\u0131lmas\u0131 gere\u011fi do\u011fdu\u011fu vurguland\u0131.<\/p>\n<p style=\"text-align: justify;\">Bak\u0131rk\u00f6y Cumhuriyet Ba\u015fsavc\u0131l\u0131\u011f\u0131ndan 11 \u015eubat&#8217;ta gelen yaz\u0131 \u00fczerine hastaneye nakledilen Prof. Dr. Mehmet Haberal&#8217;a yap\u0131lan tahlillerin g\u00fcncellendi\u011finin kamuoyuyla payla\u015f\u0131ld\u0131\u011f\u0131 an\u0131msat\u0131lan a\u00e7\u0131klamada, g\u00fcncellenen tahlillerin Bak\u0131rk\u00f6y Cumhuriyet Ba\u015fsavc\u0131l\u0131\u011f\u0131na g\u00f6nderildi\u011fi ve nihai karar i\u00e7in Adli T\u0131p raporunun beklendi\u011finin bildirildi\u011fi kaydedildi.<\/p>\n<p style=\"text-align: justify;\"><strong>A\u00e7\u0131klamada, \u015fu ifadelere yer verildi: <\/strong><\/p>\n<p style=\"text-align: justify;\">&#8220;11 Mart tarihli Bak\u0131rk\u00f6y Cumhuriyet Ba\u015fsavc\u0131l\u0131\u011f\u0131 \u00fcst yaz\u0131s\u0131nda, Adli T\u0131p Kurumunun &#8216;ila\u00e7 tedavisi alt\u0131nda gerekti\u011finde kontrolleri yap\u0131larak cezaevi \u015fartlar\u0131nda Haberal&#8217;\u0131n infaz\u0131na devam edilebilece\u011fi&#8217; belirtilmi\u015ftir.<\/p>\n<p style=\"text-align: justify;\">Adli T\u0131p Kurumunun da g\u00fcncel tetkik sonu\u00e7lar\u0131na g\u00f6re transferle ilgili ek bir talebi olmamas\u0131 ve hastanemizin kardiyoloji klinik \u015feflerinin, hastanede kald\u0131\u011f\u0131 1 ay boyunca yap\u0131lan tahlillerini incelemesi neticesinde Mehmet Haberal nakledilmi\u015ftir.&#8221;<\/p>\n<p style=\"text-align: justify;\"><a href=\"http:\/\/www.cnnturk.com\/2011\/turkiye\/03\/19\/saglik.mudurlugunden.haberal.aciklamasi\/610514.0\/index.html\" target=\"_blank\"><span style=\"color: #888888;\">CNN T\u00dcRK<\/span><\/a><\/p>\n","protected":false},"excerpt":{"rendered":"<p style=\"text-align: justify;\">\n<p style=\"text-align: justify;\">\u0130stanbul Sa\u011fl\u0131k M\u00fcd\u00fcrl\u00fc\u011f\u00fc, ikinci &#8220;Ergenekon&#8221; davas\u0131n\u0131n tutuklu san\u0131\u011f\u0131 eski Ba\u015fkent \u00dcniversitesi Rekt\u00f6r\u00fc Prof. Dr. Mehmet Haberal&#8217;\u0131n, Adli T\u0131p Kurumu&#8217;nun g\u00fcncel tetkik sonu\u00e7lar\u0131na g\u00f6re, transferle ilgili ek bir talebi olmamas\u0131 ve Mehmet Akif Ersoy Hastanesi kardiyoloji klinik \u015feflerinin hastanede yap\u0131lan tahlillerini incelemesi neticesinde cezaevine nakledildi\u011fini bildirdi. <\/p>\n","protected":false},"author":1,"featured_media":0,"comment_status":"open","ping_status":"closed","sticky":false,"template":"","format":"standard","meta":{"footnotes":""},"categories":[105],"tags":[],"class_list":["post-29500","post","type-post","status-publish","format-standard","hentry","category-gundem","odd"],"_links":{"self":[{"href":"http:\/\/www.korhanyilmaz.com\/index.php?rest_route=\/wp\/v2\/posts\/29500","targetHints":{"allow":["GET"]}}],"collection":[{"href":"http:\/\/www.korhanyilmaz.com\/index.php?rest_route=\/wp\/v2\/posts"}],"about":[{"href":"http:\/\/www.korhanyilmaz.com\/index.php?rest_route=\/wp\/v2\/types\/post"}],"author":[{"embeddable":true,"href":"http:\/\/www.korhanyilmaz.com\/index.php?rest_route=\/wp\/v2\/users\/1"}],"replies":[{"embeddable":true,"href":"http:\/\/www.korhanyilmaz.com\/index.php?rest_route=%2Fwp%2Fv2%2Fcomments&post=29500"}],"version-history":[{"count":0,"href":"http:\/\/www.korhanyilmaz.com\/index.php?rest_route=\/wp\/v2\/posts\/29500\/revisions"}],"wp:attachment":[{"href":"http:\/\/www.korhanyilmaz.com\/index.php?rest_route=%2Fwp%2Fv2%2Fmedia&parent=29500"}],"wp:term":[{"taxonomy":"category","embeddable":true,"href":"http:\/\/www.korhanyilmaz.com\/index.php?rest_route=%2Fwp%2Fv2%2Fcategories&post=29500"},{"taxonomy":"post_tag","embeddable":true,"href":"http:\/\/www.korhanyilmaz.com\/index.php?rest_route=%2Fwp%2Fv2%2Ftags&post=29500"}],"curies":[{"name":"wp","href":"https:\/\/api.w.org\/{rel}","templated":true}]}}