{"id":29495,"date":"2011-03-19T19:25:35","date_gmt":"2011-03-19T17:25:35","guid":{"rendered":"http:\/\/www.korhanyilmaz.com\/?p=29495"},"modified":"2011-03-19T19:25:35","modified_gmt":"2011-03-19T17:25:35","slug":"libyaya-bombardiman-basladi","status":"publish","type":"post","link":"http:\/\/www.korhanyilmaz.com\/?p=29495","title":{"rendered":"Libya&#8217;ya bombard\u0131man ba\u015flad\u0131"},"content":{"rendered":"<p style=\"text-align: center;\"><a href=\"http:\/\/www.korhanyilmaz.com\/wp-content\/uploads\/2011\/03\/322.jpg\"  class=\"lightview\"><img loading=\"lazy\" decoding=\"async\" class=\"aligncenter size-full wp-image-29496\" src=\"http:\/\/www.korhanyilmaz.com\/wp-content\/uploads\/2011\/03\/322.jpg\" alt=\"\" width=\"307\" height=\"236\" \/><\/a><\/p>\n<p style=\"text-align: justify;\">Fransa, \u0130talya ve Kanada u\u00e7aklar\u0131n\u0131n Libya semalar\u0131 \u00fczerinde ke\u015fif u\u00e7u\u015fu yapmas\u0131n\u0131n ard\u0131ndan Frans\u0131z sava\u015f u\u00e7a\u011f\u0131 Libya askeri arac\u0131n\u0131 vurdu ve ilk hedefi yok etti. Fransa lideri Nicolas Sarkozy, &#8220;Sivil n\u00fcfusu korumay\u0131 ama\u00e7l\u0131yoruz. Arap halk\u0131na m\u00fcdahalemiz s\u00f6zkonusu de\u011fil&#8221; dedi. ABD Ba\u015fkan\u0131 Barack Obama da, &#8220;Kararl\u0131l\u0131\u011f\u0131m\u0131z net. Libya halk\u0131 korunmal\u0131&#8221; diye konu\u015ftu.<!--more--><\/p>\n<p style=\"text-align: justify;\">Kaddafi g\u00fc\u00e7lerine kar\u015f\u0131 ilk ate\u015f TS\u0130 18.45&#8217;te ba\u015flad\u0131 ve Frans\u0131z u\u00e7a\u011f\u0131 Libya askeri arac\u0131n\u0131 vurdu.<\/p>\n<p style=\"text-align: justify;\">Fransa&#8217;n\u0131n Charles De Gaulle u\u00e7ak gemisinin de Libya&#8217;ya do\u011fru yar\u0131n yola \u00e7\u0131kaca\u011f\u0131 kaydedildi.<\/p>\n<p style=\"text-align: justify;\">\u00d6te yandan Kaddafi y\u00f6netimi kar\u015f\u0131t\u0131 g\u00fc\u00e7ler, bu sabah Bingazi \u00fczerinde d\u00fc\u015f\u00fcr\u00fcld\u00fc\u011f\u00fc bildirilen sava\u015f u\u00e7a\u011f\u0131n\u0131n kendilerine ait oldu\u011funu a\u00e7\u0131klad\u0131.<\/p>\n<p style=\"text-align: justify;\">Muhaliflerin yetkililerinden Azeldin el \u015eerif, yer ile ileti\u015fim olmad\u0131\u011f\u0131 i\u00e7in u\u00e7a\u011f\u0131n, muhalif g\u00fc\u00e7lerin ate\u015fi sonucu yanl\u0131\u015fl\u0131kla d\u00fc\u015f\u00fcr\u00fcld\u00fc\u011f\u00fcn\u00fc s\u00f6yledi.<\/p>\n<p style=\"text-align: justify;\"><strong>Ke\u015fif u\u00e7u\u015flar\u0131<\/strong><\/p>\n<p style=\"text-align: justify;\">Frans\u0131z askeri kaynaklar\u0131, biri izleme d\u00f6rd\u00fc sald\u0131r\u0131 u\u00e7a\u011f\u0131 olan u\u00e7aklar\u0131n Fransa&#8217;n\u0131n do\u011fusundaki Saint-Dizier \u00fcss\u00fcnden kalkt\u0131\u011f\u0131n\u0131 belirtti.<\/p>\n<p style=\"text-align: justify;\">Kaynaklar, bu &#8220;ke\u015fif g\u00f6revinin&#8221; bug\u00fcn ak\u015fam \u00fczeri boyunca devam etmesinin beklendi\u011fini, u\u00e7aklar\u0131n Libya \u00fczerindeki birka\u00e7 saatlik u\u00e7u\u015f esnas\u0131nda hi\u00e7bir zorlukla kar\u015f\u0131la\u015fmad\u0131\u011f\u0131n\u0131 kaydetti.<\/p>\n<p style=\"text-align: justify;\">Frans\u0131z yetkililer, u\u00e7aklar\u0131n Libya tanklar\u0131n\u0131 hedef alabileceklerini belirtti.<\/p>\n<p style=\"text-align: justify;\">\u00d6te yandan \u0130talyan sava\u015f u\u00e7aklar\u0131n\u0131n da Libya semalar\u0131nda g\u00f6zlem g\u00f6revine ba\u015flad\u0131klar\u0131 kaydedildi.<\/p>\n<p style=\"text-align: justify;\">\u00d6te yandan Kanada u\u00e7aklar\u0131 da Libya topraklar\u0131 \u00fczerinde ke\u015fif u\u00e7u\u015fu yapt\u0131.<\/p>\n<p style=\"text-align: justify;\"><strong>Sarkozy: &#8220;Sivil n\u00fcfusu korumay\u0131 ama\u00e7l\u0131yoruz&#8221; <\/strong><\/p>\n<p style=\"text-align: justify;\">Paris&#8217;te d\u00fczenlenen Libya zirvesinin arkas\u0131ndan konu\u015fan Sarkozy, &#8220;U\u00e7aklar\u0131m\u0131z Kaddafi&#8217;nin kendi n\u00fcfusuna \u015fiddet kullan\u0131lmas\u0131n\u0131 \u00f6nlemek i\u00e7in u\u00e7uyor. U\u00e7aklar\u0131m\u0131z tanklara m\u00fcdahale i\u00e7in bekliyor&#8221; diye konu\u015ftu.<\/p>\n<p style=\"text-align: justify;\">&#8220;BM G\u00fcvenlik Konseyi&#8217;nin ald\u0131\u011f\u0131 karar\u0131 hor g\u00f6rd\u00fc\u011f\u00fcn\u00fc ve dinlemedi\u011fini&#8221; kaydeden Sarkozy, &#8220;Halk \u00f6zg\u00fcrl\u00fc\u011f\u00fc se\u00e7ti. Cani deliyi durdurmak i\u00e7in Arap halk\u0131n\u0131n bizim deste\u011fimize ihtiyac\u0131 var. Bunu tedarik etmek bizim g\u00f6revimiz. Arap halklar\u0131 kendini \u00f6zg\u00fcrle\u015ftirmeyi se\u00e7ti. Libya&#8217;n\u0131n gelece\u011fi Libya halk\u0131na ait. Onlar ad\u0131na karar vermeyi d\u00fc\u015f\u00fcnm\u00fcyoruz. Sadece evrensel bir bilin\u00e7 ve bu t\u00fcr su\u00e7lar\u0131 tolere edemeyiz. Bizim Arap halk\u0131na m\u00fcdahalemiz s\u00f6zkonusu de\u011fil&#8221; ifadelerini kulland\u0131.<\/p>\n<p style=\"text-align: justify;\">Fransa lideri ayr\u0131ca, &#8220;Sivil n\u00fcfusu korumay\u0131 ama\u00e7l\u0131yoruz. Arap halklar\u0131 haklar\u0131ndan yoksun kalmamal\u0131. \u015eiddet ve sald\u0131r\u0131lar durursa diplomasi kanallar\u0131 tekrar a\u00e7\u0131lacak&#8221; dedi.<\/p>\n<p style=\"text-align: justify;\"><strong>Obama: &#8220;Kararl\u0131y\u0131z&#8221; <\/strong><\/p>\n<p style=\"text-align: justify;\">ABD Ba\u015fkan\u0131 Barack Obama da, &#8220;Kararl\u0131l\u0131\u011f\u0131m\u0131z net. Libya halk\u0131 korunmal\u0131. Sivillere \u015fiddet son bulmazsa uluslararas\u0131 komisyon harekete ge\u00e7ecek&#8221; diye konu\u015ftu.<\/p>\n<p style=\"text-align: justify;\">ABD D\u0131\u015fi\u015fleri Bakan\u0131 Clinton ise, &#8220;M\u00fcdahale ertelenirse daha \u00e7ok sivil \u00f6l\u00fcr&#8221; dedi.<\/p>\n<p style=\"text-align: justify;\">Clinton, ABD&#8217;nin \u00f6zg\u00fcn g\u00fc\u00e7lerinin, &#8220;Kanada ve Avrupal\u0131 m\u00fcttefiklerin g\u00fc\u00e7lerine katk\u0131 yapaca\u011f\u0131n\u0131&#8221; belirtti ancak kara kuvvetleri g\u00f6nderme planlar\u0131n\u0131n bulunmad\u0131\u011f\u0131n\u0131 ifade etti.<\/p>\n<p style=\"text-align: justify;\">\u0130ngiltere Ba\u015fbakan\u0131 David Cameron, &#8220;Libya&#8217;da Kaddafi&#8217;yi durdurmak i\u00e7in harekat vaktidir&#8221; derken, Almanya Ba\u015fbakan\u0131 Angela Merkel, ayn\u0131 fikirde olmalar\u0131na ra\u011fmen askeri harekatta yer almayacaklar\u0131n\u0131 s\u00f6yledi.<\/p>\n<p style=\"text-align: justify;\">\u0130talya Ba\u015fbakan\u0131 Silvio Berlusconi ise, &#8220;Napoli&#8217;deki NATO \u00fcss\u00fc komuta merkezi olsun&#8221; dedi.<\/p>\n<p style=\"text-align: justify;\">Kanada Ba\u015fbakan\u0131 Stephen Harper de, \u00fclkesinin Libya&#8217;ya hava operasyonunda yer alaca\u011f\u0131n\u0131 belirtti ve deniz yoluyla ablukay\u0131 da uygulamak amac\u0131yla Libya \u00e7evresinde donanma operasyonlar\u0131n\u0131n ba\u015flat\u0131laca\u011f\u0131n\u0131 kaydetti.<\/p>\n<p style=\"text-align: justify;\"><strong>Ortak bildiri <\/strong><\/p>\n<p style=\"text-align: justify;\">Zirve sonras\u0131nda yay\u0131mlanan ortak bildiride de, BM G\u00fcvenlik Konseyi&#8217;nin karar\u0131 an\u0131msat\u0131larak, &#8220;Albay Kaddafi&#8217;nin uluslararas\u0131 toplumun isteklerini reddetmeyi, kendi halk\u0131n\u0131 k\u00fc\u00e7\u00fcmsemeyi s\u00fcrd\u00fcrmesine izin vermeyece\u011fiz. Libyal\u0131lara, \u00fclkelerini yeniden in\u015fa etmelerinde, bu \u00fclkenin egemenli\u011fi ve toprak b\u00fct\u00fcnl\u00fc\u011f\u00fcn\u00fc tamam\u0131yla sayg\u0131 \u00e7er\u00e7evesinde yard\u0131m etmeyi s\u00fcrd\u00fcrece\u011fiz&#8221; denildi.<\/p>\n<p style=\"text-align: justify;\"><strong>Bingazi bombaland\u0131 <\/strong><\/p>\n<p style=\"text-align: justify;\">Bu arada, ate\u015fkes ilan\u0131na ra\u011fmen Libya&#8217;da bug\u00fcn yine \u00e7at\u0131\u015fmalar vard\u0131. Kaddafi yanda\u015f\u0131 g\u00fc\u00e7leri Bingazi&#8217;ye ilerledi, isyanc\u0131lar kar\u015f\u0131l\u0131k verdi. \u00dclkenin bat\u0131s\u0131ndaki Zintan&#8217;dan da bombard\u0131man sesleri geldi.<\/p>\n<p style=\"text-align: justify;\">Bingazi&#8217;de sabah saatlerinde bir sava\u015f u\u00e7a\u011f\u0131 d\u00fc\u015f\u00fcr\u00fcld\u00fc. \u00d6nce, isyanc\u0131lar\u0131n Kaddafi&#8217;ye ba\u011fl\u0131 g\u00fc\u00e7lerin u\u00e7aklar\u0131ndan birini d\u00fc\u015f\u00fcrd\u00fc\u011f\u00fc san\u0131ld\u0131.<\/p>\n<p style=\"text-align: justify;\">Bir s\u00fcre sonra Kaddafi yanl\u0131s\u0131 g\u00fc\u00e7lerin isyanc\u0131lara ait bir u\u00e7a\u011f\u0131 d\u00fc\u015f\u00fcrd\u00fc\u011f\u00fc anla\u015f\u0131ld\u0131.<\/p>\n<p style=\"text-align: justify;\">Libya h\u00fck\u00fcmeti, &#8220;Ate\u015fkes ilan\u0131na sad\u0131\u011f\u0131z. Libya hava kuvvetleri tamamen yere \u00e7ekilmi\u015ftir&#8221; a\u00e7\u0131klamas\u0131 yapt\u0131.<\/p>\n<p style=\"text-align: justify;\">Y\u00fczlerce ki\u015finin Bingazi&#8217;den ka\u00e7t\u0131\u011f\u0131 belirtiliyor. B\u00f6lgedeki AFP muhabiri, kentin kuzeydo\u011fusundan ka\u00e7an insanlar\u0131n, Tobruk ve M\u0131s\u0131r&#8217;a giden yola \u00e7\u0131kmadan \u00f6nce benzin istasyonlar\u0131 ve f\u0131r\u0131nlar\u0131n \u00f6n\u00fcnde kuyruk olu\u015fturdu\u011funu belirtti.<\/p>\n<p style=\"text-align: justify;\">Bir helikopterin de kent \u00fczerinde u\u00e7tu\u011fu kaydedildi.<\/p>\n<p style=\"text-align: justify;\"><strong>Misrata&#8217;da keskin ni\u015fanc\u0131lar <\/strong><\/p>\n<p style=\"text-align: justify;\">\u00d6te yandan Kaddafi&#8217;ye ba\u011fl\u0131 g\u00fc\u00e7lere mensup keskin ni\u015fanc\u0131lar\u0131n Misrata kentinde a\u00e7t\u0131klar\u0131 ate\u015f sonucu 2 ki\u015fi \u00f6ld\u00fc.<\/p>\n<p style=\"text-align: justify;\">Kent sakinlerinden, ad\u0131n\u0131n Sadun oldu\u011funu s\u00f6yleyen bir ki\u015fi, Reuter ajans\u0131na yapt\u0131\u011f\u0131 a\u00e7\u0131klamada, keskin ni\u015fanc\u0131lar\u0131n bu sahab Misrata kentinde a\u00e7t\u0131\u011f\u0131 ate\u015f sonucu 2 ki\u015finin \u00f6ld\u00fc\u011f\u00fcn\u00fc s\u00f6yledi. Sadun, &#8220;Baz\u0131 evlerde bulunan keskin ni\u015fanc\u0131lar halka ve g\u00f6rd\u00fckleri her \u015feye ate\u015f a\u00e7\u0131yor&#8221; dedi.<\/p>\n<p style=\"text-align: justify;\"><strong>L\u0130BYA&#8217;NIN AKIBET\u0130 \u0130\u00c7\u0130N \u0130K\u0130 TOPLANTI <\/strong><\/p>\n<p style=\"text-align: justify;\">Libya&#8217;n\u0131n ak\u0131betini belirlemek i\u00e7in Paris&#8217;te yap\u0131lan zirveye BM Genel Sekreteri Ban Ki Mun, Almanya Ba\u015fbakan\u0131 Angela Merkel, \u0130spanya Ba\u015fbakan\u0131 Jose Luis Rodriguez Zapatero, Katar Ba\u015fbakan\u0131 ve D\u0131\u015fi\u015fleri Bakan\u0131 \u015eeyh Hamad bin Casim bin Cabir El Tani, Irak, \u00dcrd\u00fcn ve Birle\u015fik Arap Emirlikleri d\u0131\u015fi\u015fleri bakanlar\u0131n\u0131n aralar\u0131nda bulundu\u011fu 22 lider kat\u0131ld\u0131.<\/p>\n<p style=\"text-align: justify;\">ABD, AB ve Arap Birli\u011fi \u00fcyesi \u00fclkeler, Muammer Kaddafi&#8217;ye ba\u011fl\u0131 askerlerin Libya&#8217;daki muhalif g\u00fc\u00e7lere y\u00f6nelik sald\u0131r\u0131s\u0131n\u0131 durdurmak amac\u0131yla BM&#8217;nin verdi\u011fi yetki uyar\u0131nca, bu \u00fclkeye yap\u0131lacak askeri m\u00fcdahale konusunda g\u00f6r\u00fc\u015fmelerde bulundu.<\/p>\n<p style=\"text-align: justify;\">Br\u00fcksel&#8217;deyse NATO Askeri Konseyi ola\u011fan\u00fcst\u00fc topland\u0131. Operasyonun teknik detaylar\u0131 m\u00fczakere edildi. Libya D\u0131\u015fi\u015fleri Bakan\u0131 Musa Kusa ise, BM Genel Sekreteri Ban Ki-Mun&#8217;dan Libya&#8217;ya uluslararas\u0131 g\u00f6zlemci g\u00f6ndermesini istedi.<\/p>\n<p style=\"text-align: justify;\"><a href=\"http:\/\/www.cnnturk.com\/2011\/dunya\/03\/19\/libyaya.bombardiman.basladi\/610466.0\/index.html\" target=\"_blank\">CNN T\u00dcRK<\/a><\/p>\n","protected":false},"excerpt":{"rendered":"<p style=\"text-align: center;\">\n<p style=\"text-align: justify;\">Fransa, \u0130talya ve Kanada u\u00e7aklar\u0131n\u0131n Libya semalar\u0131 \u00fczerinde ke\u015fif u\u00e7u\u015fu yapmas\u0131n\u0131n ard\u0131ndan Frans\u0131z sava\u015f u\u00e7a\u011f\u0131 Libya askeri arac\u0131n\u0131 vurdu ve ilk hedefi yok etti. Fransa lideri Nicolas Sarkozy, &#8220;Sivil n\u00fcfusu korumay\u0131 ama\u00e7l\u0131yoruz. Arap halk\u0131na m\u00fcdahalemiz s\u00f6zkonusu de\u011fil&#8221; dedi. ABD Ba\u015fkan\u0131 Barack Obama da, &#8220;Kararl\u0131l\u0131\u011f\u0131m\u0131z net. Libya halk\u0131 korunmal\u0131&#8221; diye konu\u015ftu.<\/p>\n","protected":false},"author":1,"featured_media":0,"comment_status":"open","ping_status":"closed","sticky":false,"template":"","format":"standard","meta":{"footnotes":""},"categories":[105],"tags":[],"class_list":["post-29495","post","type-post","status-publish","format-standard","hentry","category-gundem","odd"],"_links":{"self":[{"href":"http:\/\/www.korhanyilmaz.com\/index.php?rest_route=\/wp\/v2\/posts\/29495","targetHints":{"allow":["GET"]}}],"collection":[{"href":"http:\/\/www.korhanyilmaz.com\/index.php?rest_route=\/wp\/v2\/posts"}],"about":[{"href":"http:\/\/www.korhanyilmaz.com\/index.php?rest_route=\/wp\/v2\/types\/post"}],"author":[{"embeddable":true,"href":"http:\/\/www.korhanyilmaz.com\/index.php?rest_route=\/wp\/v2\/users\/1"}],"replies":[{"embeddable":true,"href":"http:\/\/www.korhanyilmaz.com\/index.php?rest_route=%2Fwp%2Fv2%2Fcomments&post=29495"}],"version-history":[{"count":0,"href":"http:\/\/www.korhanyilmaz.com\/index.php?rest_route=\/wp\/v2\/posts\/29495\/revisions"}],"wp:attachment":[{"href":"http:\/\/www.korhanyilmaz.com\/index.php?rest_route=%2Fwp%2Fv2%2Fmedia&parent=29495"}],"wp:term":[{"taxonomy":"category","embeddable":true,"href":"http:\/\/www.korhanyilmaz.com\/index.php?rest_route=%2Fwp%2Fv2%2Fcategories&post=29495"},{"taxonomy":"post_tag","embeddable":true,"href":"http:\/\/www.korhanyilmaz.com\/index.php?rest_route=%2Fwp%2Fv2%2Ftags&post=29495"}],"curies":[{"name":"wp","href":"https:\/\/api.w.org\/{rel}","templated":true}]}}