{"id":29490,"date":"2011-03-19T17:59:32","date_gmt":"2011-03-19T15:59:32","guid":{"rendered":"http:\/\/www.korhanyilmaz.com\/?p=29490"},"modified":"2011-03-19T17:59:32","modified_gmt":"2011-03-19T15:59:32","slug":"kacmazdan-yanit-dalga-gecen-basbakan","status":"publish","type":"post","link":"http:\/\/www.korhanyilmaz.com\/?p=29490","title":{"rendered":"Ka\u00e7maz&#8217;dan yan\u0131t: &#8220;Dalga ge\u00e7en Ba\u015fbakan&#8221;"},"content":{"rendered":"<p style=\"text-align: center;\"><a href=\"http:\/\/www.korhanyilmaz.com\/wp-content\/uploads\/2011\/03\/321.jpg\"  class=\"lightview\"><img loading=\"lazy\" decoding=\"async\" class=\"aligncenter size-full wp-image-29491\" src=\"http:\/\/www.korhanyilmaz.com\/wp-content\/uploads\/2011\/03\/321.jpg\" alt=\"\" width=\"307\" height=\"236\" \/><\/a><\/p>\n<p style=\"text-align: justify;\">Eski Sincan Hakimi Osman Ka\u00e7maz, Ba\u015fbakan Recep Tayyip Erdo\u011fan&#8217;\u0131n kendisine y\u00f6nelik ele\u015ftirilerini yaz\u0131l\u0131 a\u00e7\u0131klamayla yan\u0131tlad\u0131 Ba\u015fbakan Erdo\u011fan&#8217;\u0131n, &#8220;Cumhurba\u015fkan\u0131 ile dalga ge\u00e7ti&#8221; s\u00f6zlerine, &#8220;As\u0131l dalga ge\u00e7en Ba\u015fbakan&#8221; diye kar\u015f\u0131l\u0131k verdi. <!--more--><\/p>\n<p style=\"text-align: justify;\">Osman Ka\u00e7maz, &#8220;Cumhurba\u015fkan\u0131 G\u00fcl yarg\u0131lanmal\u0131&#8221; karar\u0131na giden s\u00fcrecin, Ba\u015fbakan Erdo\u011fan&#8217;\u0131n Cumhurba\u015fkan\u0131 G\u00fcl hakk\u0131ndaki dosyay\u0131 gere\u011finin yap\u0131lmas\u0131 i\u00e7in Adalet Bakanl\u0131\u011f\u0131&#8217;na g\u00f6ndermesiyle ba\u015flad\u0131\u011f\u0131n\u0131 belirtti.<\/p>\n<p style=\"text-align: justify;\">Bu nedenle, Cumhurba\u015fkan\u0131 G\u00fcl ile ilgili dokunulmazl\u0131\u011f\u0131n\u0131n bulunmad\u0131\u011f\u0131na karar verenlerin, dosyay\u0131 i\u015fleme sokan d\u00f6nemin Meclis Ba\u015fkan\u0131 K\u00f6ksal Toptan ile Adalet Bakan\u0131 Mehmet Ali \u015eahin ve Ba\u015fbakan Erdo\u011fan oldu\u011funu ileri s\u00fcrd\u00fc.<\/p>\n<p style=\"text-align: justify;\">Milliyet\u00e7i Hareket Partisi&#8217;nden milletvekili aday\u0131 olmak i\u00e7in istifa eden Osman Ka\u00e7maz, bu a\u00e7\u0131klamas\u0131n\u0131 da geri \u00e7ekti\u011fi duyurdu. Nedenini de, &#8220;Benim ismim \u00fczerinden MHP y\u0131prat\u0131l\u0131yor&#8221; diyerek a\u00e7\u0131klad\u0131.<\/p>\n<p style=\"text-align: justify;\">Osman Ka\u00e7maz, avukat\u0131 Baykal Do\u011fan arac\u0131l\u0131\u011f\u0131yla yapt\u0131\u011f\u0131 a\u00e7\u0131klamada, m\u00fccadelesine bireysel olarak devam edece\u011fini vurgulad\u0131. Yani Ka\u00e7maz, ba\u011f\u0131ms\u0131z milletvekili aday\u0131 olacak.<\/p>\n<p style=\"text-align: justify;\"><strong>Erdo\u011fan Ka\u00e7maz&#8217;a \u00e7att\u0131 <\/strong><\/p>\n<p style=\"text-align: justify;\">Ba\u015fbakan Erdo\u011fan, yarg\u0131ya y\u00f6nelik son ele\u015ftirisini bug\u00fcn Sincan A\u011f\u0131r Ceza Mahkemesi Hakimli\u011fi&#8217;nden siyasete girmek i\u00e7in istifa eden Osman Ka\u00e7maz \u00fczerinden yapm\u0131\u015ft\u0131.<\/p>\n<p style=\"text-align: justify;\">Yasama organ\u0131n\u0131n\u0131n yarg\u0131n\u0131n vicdan\u0131na terk edilmemesi gerekti\u011fini savunan Erdo\u011fan, &#8221;Bir savc\u0131 size kar\u015f\u0131 hissi baksa, hakk\u0131n\u0131zda dava a\u00e7sa, bir \u00fclkenin Ba\u015fbakan\u0131 o savc\u0131n\u0131n elinde oyuncak olacak&#8221; demi\u015fti.<\/p>\n<p style=\"text-align: justify;\"><a href=\"http:\/\/www.cnnturk.com\/2011\/turkiye\/03\/19\/kacmazdan.yanit.dalga.gecen.basbakan\/610512.0\/index.html\" target=\"_blank\"><span style=\"color: #888888;\">CNN T\u00dcRK<\/span><\/a><\/p>\n","protected":false},"excerpt":{"rendered":"<p style=\"text-align: center;\">\n<p style=\"text-align: justify;\">Eski Sincan Hakimi Osman Ka\u00e7maz, Ba\u015fbakan Recep Tayyip Erdo\u011fan&#8217;\u0131n kendisine y\u00f6nelik ele\u015ftirilerini yaz\u0131l\u0131 a\u00e7\u0131klamayla yan\u0131tlad\u0131 Ba\u015fbakan Erdo\u011fan&#8217;\u0131n, &#8220;Cumhurba\u015fkan\u0131 ile dalga ge\u00e7ti&#8221; s\u00f6zlerine, &#8220;As\u0131l dalga ge\u00e7en Ba\u015fbakan&#8221; diye kar\u015f\u0131l\u0131k verdi. <\/p>\n","protected":false},"author":1,"featured_media":0,"comment_status":"open","ping_status":"closed","sticky":false,"template":"","format":"standard","meta":{"footnotes":""},"categories":[105],"tags":[],"class_list":["post-29490","post","type-post","status-publish","format-standard","hentry","category-gundem","odd"],"_links":{"self":[{"href":"http:\/\/www.korhanyilmaz.com\/index.php?rest_route=\/wp\/v2\/posts\/29490","targetHints":{"allow":["GET"]}}],"collection":[{"href":"http:\/\/www.korhanyilmaz.com\/index.php?rest_route=\/wp\/v2\/posts"}],"about":[{"href":"http:\/\/www.korhanyilmaz.com\/index.php?rest_route=\/wp\/v2\/types\/post"}],"author":[{"embeddable":true,"href":"http:\/\/www.korhanyilmaz.com\/index.php?rest_route=\/wp\/v2\/users\/1"}],"replies":[{"embeddable":true,"href":"http:\/\/www.korhanyilmaz.com\/index.php?rest_route=%2Fwp%2Fv2%2Fcomments&post=29490"}],"version-history":[{"count":0,"href":"http:\/\/www.korhanyilmaz.com\/index.php?rest_route=\/wp\/v2\/posts\/29490\/revisions"}],"wp:attachment":[{"href":"http:\/\/www.korhanyilmaz.com\/index.php?rest_route=%2Fwp%2Fv2%2Fmedia&parent=29490"}],"wp:term":[{"taxonomy":"category","embeddable":true,"href":"http:\/\/www.korhanyilmaz.com\/index.php?rest_route=%2Fwp%2Fv2%2Fcategories&post=29490"},{"taxonomy":"post_tag","embeddable":true,"href":"http:\/\/www.korhanyilmaz.com\/index.php?rest_route=%2Fwp%2Fv2%2Ftags&post=29490"}],"curies":[{"name":"wp","href":"https:\/\/api.w.org\/{rel}","templated":true}]}}