{"id":29481,"date":"2011-03-19T12:32:53","date_gmt":"2011-03-19T10:32:53","guid":{"rendered":"http:\/\/www.korhanyilmaz.com\/?p=29481"},"modified":"2011-03-19T12:32:53","modified_gmt":"2011-03-19T10:32:53","slug":"ucube-atamalari","status":"publish","type":"post","link":"http:\/\/www.korhanyilmaz.com\/?p=29481","title":{"rendered":"&#8216;Ucube&#8217; atamalar\u0131"},"content":{"rendered":"<p style=\"text-align: justify;\"><a href=\"http:\/\/www.korhanyilmaz.com\/wp-content\/uploads\/2011\/03\/319.jpg\"  class=\"lightview\"><img loading=\"lazy\" decoding=\"async\" class=\"aligncenter size-full wp-image-29482\" src=\"http:\/\/www.korhanyilmaz.com\/wp-content\/uploads\/2011\/03\/319.jpg\" alt=\"\" width=\"374\" height=\"248\" \/><\/a><\/p>\n<p style=\"text-align: justify;\">H\u00e2kimler ve Savc\u0131lar Y\u00fcksek Kurulu (HSYK), 76 idari h\u00e2kim ve savc\u0131n\u0131n g\u00f6rev yerini de\u011fi\u015ftirdi. HSYK, \u2018\u0130nsanl\u0131k An\u0131t\u0131\u2019n\u0131n y\u0131k\u0131lmas\u0131 karar\u0131n\u0131n y\u00fcr\u00fctmesini durduran h\u00e2kimi d\u00fcz \u00fcye; y\u00fcr\u00fctmeyi durdurma karar\u0131n\u0131 kald\u0131ran \u00fcyeyi de ba\u015fkan yapt\u0131. <!--more--><\/p>\n<p style=\"text-align: justify;\">Milliyet Gazetesi&#8217;nden G\u00f6k\u00e7er Tahincio\u011flu&#8217;nun haberine g\u00f6re Ankara\u2019da 8 idare mahkemesinin ba\u015fkanlar\u0131n\u0131n yeri de\u011fi\u015fti.<\/p>\n<p style=\"text-align: justify;\">Hrant Dink cinayetinde ihmali bulundu\u011fu \u00f6ne s\u00fcr\u00fclen emniyet mensuplar\u0131n\u0131n soru\u015fturulmas\u0131na engel olu\u015fturan karar\u0131 veren ve bu nedenle Rakel Dink taraf\u0131ndan HSYK\u2019ya \u015fikayet edilen isimler aras\u0131nda yer alan \u0130stanbul B\u00f6lge \u0130dare Mahkemesi Ba\u015fkan\u0131 Atilla Sarp da Dan\u0131\u015ftay Savc\u0131l\u0131\u011f\u0131\u2019na getirildi. Dink\u2019in \u015fikayet etti\u011fi isimlerden, ayn\u0131 heyette yer alan \u0130lhan Hana\u011fas\u0131 da Abdullah G\u00fcl taraf\u0131ndan Dan\u0131\u015ftay \u00fcyeli\u011fine se\u00e7ilmi\u015fti.<\/p>\n<p style=\"text-align: justify;\"><strong>Ba\u015fkanl\u0131ktan \u00fcyeli\u011fe <\/strong><\/p>\n<p style=\"text-align: justify;\"><span style=\"text-decoration: underline;\">Kars\u2019taki heykelin y\u0131k\u0131m\u0131n\u0131n durdurulmas\u0131 karar\u0131na imza atan Erzurum 1. \u0130dare Mahkemesi Ba\u015fkan\u0131 Mehmet Haskalayc\u0131, tenzili r\u00fctbeye u\u011frayarak Kayseri \u0130dare Mahkemesi \u00fcyeli\u011fine atand\u0131. Heykelin y\u0131k\u0131m\u0131n\u0131n durdurulmas\u0131 karar\u0131n\u0131 itiraz \u00fczerine kald\u0131ran B\u00f6lge \u0130dare Mahkemesi \u00fcyesi Ahmet Durmaz ise Haskalayc\u0131\u2019n\u0131n yerine Erzurum \u0130dare Mahkemesi Ba\u015fkanl\u0131\u011f\u0131\u2019na getirildi.<\/span><\/p>\n<p style=\"text-align: justify;\">Kararnamede, b\u00f6lge idare mahkemesi \u00fcyesi olan Durmaz\u2019\u0131n idare mahkemesi \u00fcyesi olarak g\u00f6sterilmesi de dikkati \u00e7ekti. Karar\u0131 kald\u0131ran heyetteki Erzurum B\u00f6lge \u0130dare Mahkemesi \u00fcyesi Kemal Kuku da Konya \u0130dare Mahkemesi Ba\u015fkanl\u0131\u011f\u0131\u2019na atand\u0131.<\/p>\n<p style=\"text-align: justify;\"><strong>Kazan\u2019dan tepki <\/strong><\/p>\n<p style=\"text-align: justify;\">Heykeltra\u015f Mehmet Aksoy\u2019un avukat\u0131 Turgut Kazan, bu atamalar i\u00e7in \u015funlar\u0131 s\u00f6yledi:<\/p>\n<p style=\"text-align: justify;\">\u201c\u0130nsanl\u0131k An\u0131t\u0131 i\u00e7in, Erzurum 1. \u0130dare Mahkemesi\u2019ne a\u00e7t\u0131\u011f\u0131m\u0131z davada, 7 Mart\u2019ta y\u00fcr\u00fctmeyi durdurma karar\u0131 verilmi\u015fti. Bu karar 11 Mart\u2019ta bize ula\u015ft\u0131. Ama, 12 Mart\u2019ta, AK Partili H\u00fcseyin Tanr\u0131verdi, karara belediyenin itiraz etti\u011fini belirterek, \u2018heykel y\u0131k\u0131lacak\u2019 a\u00e7\u0131klamas\u0131n\u0131 yapt\u0131. \u0130tiraz\u0131 nereden biliyordu, y\u00fcr\u00fctmeyi durdurma karar\u0131n\u0131n kald\u0131r\u0131laca\u011f\u0131n\u0131 nas\u0131l tahmin ediyordu! Sonu\u00e7 Ak Parti Genel Ba\u015fkan Yard\u0131mc\u0131s\u0131\u2019n\u0131n dedi\u011fi gibi oldu. 16 Mart g\u00fcn\u00fc, Erzurum B\u00f6lge \u0130dare Mahkemesi y\u00fcr\u00fctmeyi durdurma karar\u0131n\u0131 kald\u0131rd\u0131 ve 17 Mart\u2019ta y\u00fcr\u00fctmeyi durdurma karar\u0131 veren Mahkeme Ba\u015fkan\u0131 Kayseri\u2019ye \u00fcye, y\u00fcr\u00fctmeyi durdurma karar\u0131n\u0131 kald\u0131ran kurul \u00fcyesi de ba\u015fkanl\u0131\u011fa atand\u0131. \u0130\u015fte yarg\u0131 ba\u011f\u0131ms\u0131zl\u0131\u011f\u0131.\u201d<\/p>\n<p style=\"text-align: justify;\"><a href=\"http:\/\/www.hurriyet.com.tr\/gundem\/17315174.asp?gid=373\" target=\"_blank\">Kaynak : H\u00fcrriyet<\/a><\/p>\n","protected":false},"excerpt":{"rendered":"<p style=\"text-align: justify;\">\n<p style=\"text-align: justify;\">H\u00e2kimler ve Savc\u0131lar Y\u00fcksek Kurulu (HSYK), 76 idari h\u00e2kim ve savc\u0131n\u0131n g\u00f6rev yerini de\u011fi\u015ftirdi. HSYK, \u2018\u0130nsanl\u0131k An\u0131t\u0131\u2019n\u0131n y\u0131k\u0131lmas\u0131 karar\u0131n\u0131n y\u00fcr\u00fctmesini durduran h\u00e2kimi d\u00fcz \u00fcye; y\u00fcr\u00fctmeyi durdurma karar\u0131n\u0131 kald\u0131ran \u00fcyeyi de ba\u015fkan yapt\u0131. <\/p>\n","protected":false},"author":1,"featured_media":0,"comment_status":"open","ping_status":"closed","sticky":false,"template":"","format":"standard","meta":{"footnotes":""},"categories":[105],"tags":[],"class_list":["post-29481","post","type-post","status-publish","format-standard","hentry","category-gundem","odd"],"_links":{"self":[{"href":"http:\/\/www.korhanyilmaz.com\/index.php?rest_route=\/wp\/v2\/posts\/29481","targetHints":{"allow":["GET"]}}],"collection":[{"href":"http:\/\/www.korhanyilmaz.com\/index.php?rest_route=\/wp\/v2\/posts"}],"about":[{"href":"http:\/\/www.korhanyilmaz.com\/index.php?rest_route=\/wp\/v2\/types\/post"}],"author":[{"embeddable":true,"href":"http:\/\/www.korhanyilmaz.com\/index.php?rest_route=\/wp\/v2\/users\/1"}],"replies":[{"embeddable":true,"href":"http:\/\/www.korhanyilmaz.com\/index.php?rest_route=%2Fwp%2Fv2%2Fcomments&post=29481"}],"version-history":[{"count":0,"href":"http:\/\/www.korhanyilmaz.com\/index.php?rest_route=\/wp\/v2\/posts\/29481\/revisions"}],"wp:attachment":[{"href":"http:\/\/www.korhanyilmaz.com\/index.php?rest_route=%2Fwp%2Fv2%2Fmedia&parent=29481"}],"wp:term":[{"taxonomy":"category","embeddable":true,"href":"http:\/\/www.korhanyilmaz.com\/index.php?rest_route=%2Fwp%2Fv2%2Fcategories&post=29481"},{"taxonomy":"post_tag","embeddable":true,"href":"http:\/\/www.korhanyilmaz.com\/index.php?rest_route=%2Fwp%2Fv2%2Ftags&post=29481"}],"curies":[{"name":"wp","href":"https:\/\/api.w.org\/{rel}","templated":true}]}}