{"id":29470,"date":"2011-03-18T17:28:08","date_gmt":"2011-03-18T15:28:08","guid":{"rendered":"http:\/\/www.korhanyilmaz.com\/?p=29470"},"modified":"2011-03-18T17:28:08","modified_gmt":"2011-03-18T15:28:08","slug":"akpli-bozdag-hakkinda-suc-duyurusu","status":"publish","type":"post","link":"http:\/\/www.korhanyilmaz.com\/?p=29470","title":{"rendered":"AKP&#8217;li Bozda\u011f hakk\u0131nda su\u00e7 duyurusu"},"content":{"rendered":"<p style=\"text-align: center;\"><a href=\"http:\/\/www.korhanyilmaz.com\/wp-content\/uploads\/2011\/03\/318.jpg\"  class=\"lightview\"><img loading=\"lazy\" decoding=\"async\" class=\"aligncenter size-full wp-image-29471\" src=\"http:\/\/www.korhanyilmaz.com\/wp-content\/uploads\/2011\/03\/318.jpg\" alt=\"\" width=\"322\" height=\"241\" \/><\/a><\/p>\n<p style=\"text-align: justify;\">\u0130stanbul&#8217;da CHP il y\u00f6netimi ve parti \u00fcyeleri; AKP Grup Ba\u015fkanvekili Bekir Bozda\u011f&#8217;\u0131n, partilerine y\u00f6nelik bas\u0131na yans\u0131yan s\u00f6zlerini protesto ederek, \u0130stanbul Cumhuriyet Ba\u015fsavc\u0131l\u0131\u011f\u0131na su\u00e7 duyurusunda bulundu.<!--more--><\/p>\n<p style=\"text-align: justify;\">\u0130stanbul- Beyo\u011flu&#8217;ndaki \u0130stanbul Adalet Saray\u0131&#8217;n\u0131n \u00f6n\u00fcnde toplanan grup ad\u0131na a\u00e7\u0131klama yapan CHP \u0130stanbul \u0130l Ba\u015fkan\u0131 Bahri \u015eahin, Bozda\u011f&#8217;\u0131n CHP&#8217;ye y\u00f6nelik s\u00f6zlerini kabul etmediklerini ve bu s\u00f6zlerin \u00e7irkin bir \u00fcslupla hakaret i\u00e7erdi\u011fini \u00f6ne s\u00fcrerek, &#8221;Bu \u00fclkede hi\u00e7 kimse ve hi\u00e7bir siyaset\u00e7i, \u00c7anakkale Zaferi&#8217;ne, Kurtulu\u015f Sava\u015f\u0131&#8217;na imza atan kahramanlar\u0131n kurdu\u011fu Cumhuriyet Halk Partisine hakaret edemez. Bildi\u011finiz gibi CHP, T\u00fcrkiye Cumhuriyeti ile ya\u015f\u0131t, onurlu bir partidir&#8221; dedi.<\/p>\n<p style=\"text-align: justify;\">CHP&#8217;nin her konuda \u00e7\u00f6z\u00fcm arayarak, AKP&#8217;nin yanl\u0131\u015flar\u0131n\u0131 dile getirdi\u011fini s\u00f6yleyen \u015eahin, konu\u015fmas\u0131n\u0131 \u015f\u00f6yle s\u00fcrd\u00fcrd\u00fc:<\/p>\n<p style=\"text-align: justify;\">&#8221;Ne zaman yolsuzluklardan, i\u015fsizlikten, hukuksuzluktan bahsetsek, ne zaman \u00fclkenin temel sorunlar\u0131na \u00e7\u00f6z\u00fcm projeleri a\u00e7\u0131klasak, iktidar partisinin y\u00f6neticileri korkuyor, panikliyor. Panikleri de Bekir Bozda\u011f \u00f6rne\u011finde oldu\u011fu gibi ifadelerine yans\u0131yor. \u0130ktidar, siyasal ya\u015famda olmamas\u0131 gereken d\u00fczeysiz s\u00f6ylemlerle, hakaretlerle, kendi yanl\u0131\u015flar\u0131n\u0131 gizleme, \u00f6rtme tela\u015f\u0131na d\u00fc\u015fmektedir. Biliyoruz ki se\u00e7im tarihi yakla\u015ft\u0131k\u00e7a iktidar partisinden daha b\u00f6yle pek \u00e7ok \u00f6rnek \u00e7\u0131kacakt\u0131r. Ancak korkular\u0131 da panikleri de nafiledir. Son olarak, bu t\u00fcr hakaretlere sessiz kalmayaca\u011f\u0131m\u0131z\u0131 bir kez daha vurguluyoruz. Buradan partimizin 1 milyon onurlu \u00fcyesini Bekir Bozda\u011f hakk\u0131nda 1 lira manevi tazminat davas\u0131 a\u00e7maya davet ediyorum.&#8221;<\/p>\n<p style=\"text-align: justify;\">Daha sonra, CHP \u0130stanbul \u0130l Y\u00f6netimi ve parti \u00fcyeleri, &#8221;CHP ad\u0131n\u0131 de\u011fi\u015ftirsin Halt Partisi olsun&#8221; dedi\u011fi belirtilen Bozda\u011f hakk\u0131nda soru\u015fturma ba\u015flat\u0131larak, dava a\u00e7\u0131lmas\u0131 i\u00e7in haz\u0131rlanan su\u00e7 duyurusu dilek\u00e7elerini savc\u0131l\u0131\u011fa verdi.<\/p>\n<p style=\"text-align: justify;\"><a href=\"http:\/\/www.cumhuriyet.com.tr\/?kn=6&amp;hn=226068\" target=\"_blank\">Kaynak : Cumhuriyet Haber Portal\u0131<\/a><\/p>\n","protected":false},"excerpt":{"rendered":"<p style=\"text-align: center;\">\n<p style=\"text-align: justify;\">\u0130stanbul&#8217;da CHP il y\u00f6netimi ve parti \u00fcyeleri; AKP Grup Ba\u015fkanvekili Bekir Bozda\u011f&#8217;\u0131n, partilerine y\u00f6nelik bas\u0131na yans\u0131yan s\u00f6zlerini protesto ederek, \u0130stanbul Cumhuriyet Ba\u015fsavc\u0131l\u0131\u011f\u0131na su\u00e7 duyurusunda bulundu.<\/p>\n","protected":false},"author":1,"featured_media":0,"comment_status":"open","ping_status":"closed","sticky":false,"template":"","format":"standard","meta":{"footnotes":""},"categories":[105],"tags":[],"class_list":["post-29470","post","type-post","status-publish","format-standard","hentry","category-gundem","odd"],"_links":{"self":[{"href":"http:\/\/www.korhanyilmaz.com\/index.php?rest_route=\/wp\/v2\/posts\/29470","targetHints":{"allow":["GET"]}}],"collection":[{"href":"http:\/\/www.korhanyilmaz.com\/index.php?rest_route=\/wp\/v2\/posts"}],"about":[{"href":"http:\/\/www.korhanyilmaz.com\/index.php?rest_route=\/wp\/v2\/types\/post"}],"author":[{"embeddable":true,"href":"http:\/\/www.korhanyilmaz.com\/index.php?rest_route=\/wp\/v2\/users\/1"}],"replies":[{"embeddable":true,"href":"http:\/\/www.korhanyilmaz.com\/index.php?rest_route=%2Fwp%2Fv2%2Fcomments&post=29470"}],"version-history":[{"count":0,"href":"http:\/\/www.korhanyilmaz.com\/index.php?rest_route=\/wp\/v2\/posts\/29470\/revisions"}],"wp:attachment":[{"href":"http:\/\/www.korhanyilmaz.com\/index.php?rest_route=%2Fwp%2Fv2%2Fmedia&parent=29470"}],"wp:term":[{"taxonomy":"category","embeddable":true,"href":"http:\/\/www.korhanyilmaz.com\/index.php?rest_route=%2Fwp%2Fv2%2Fcategories&post=29470"},{"taxonomy":"post_tag","embeddable":true,"href":"http:\/\/www.korhanyilmaz.com\/index.php?rest_route=%2Fwp%2Fv2%2Ftags&post=29470"}],"curies":[{"name":"wp","href":"https:\/\/api.w.org\/{rel}","templated":true}]}}