{"id":29466,"date":"2011-03-18T09:50:58","date_gmt":"2011-03-18T07:50:58","guid":{"rendered":"http:\/\/www.korhanyilmaz.com\/?p=29466"},"modified":"2011-03-18T09:50:58","modified_gmt":"2011-03-18T07:50:58","slug":"yuksek-sesle-aglama","status":"publish","type":"post","link":"http:\/\/www.korhanyilmaz.com\/?p=29466","title":{"rendered":"&#8220;Y\u00fcksek sesle a\u011flama&#8221;"},"content":{"rendered":"<p style=\"text-align: center;\"><a href=\"http:\/\/www.korhanyilmaz.com\/wp-content\/uploads\/2011\/03\/317.jpg\"  class=\"lightview\"><img loading=\"lazy\" decoding=\"async\" class=\"aligncenter size-full wp-image-29467\" src=\"http:\/\/www.korhanyilmaz.com\/wp-content\/uploads\/2011\/03\/317.jpg\" alt=\"\" width=\"413\" height=\"222\" \/><\/a><\/p>\n<p style=\"text-align: justify;\">\u00c7anakkale&#8217;de \u015fehit d\u00fc\u015fen \u00fcste\u011fmenin e\u015fine g\u00f6nderdi\u011fi mektup g\u00f6zya\u015flar\u0131na bo\u011fdu.<\/p>\n<p style=\"text-align: justify;\">Tarihe \u2018d\u00fcnyay\u0131 yenenlerin yenildi\u011fi sava\u015f\u2019 ge\u00e7en \u00c7anakkale Zaferi\u2019nin \u00fczerinden tam 96 y\u0131l ge\u00e7ti. Bu e\u015fsiz destan\u0131 anlatmak i\u00e7in \u015fimdiye kadar binlerce \u015fiir, kitap yaz\u0131ld\u0131, onlarca film \u00e7ekildi. Fakat d\u0131\u015fardan yaz\u0131lan hi\u00e7bir \u015fey \u2018cepheden g\u00f6nderilen asker mektuplar\u0131\u2019 kadar duyguland\u0131ramad\u0131. Maltepe Belediyesi\u2019nin d\u00fczenledi\u011fi \u2018Ana ben gidiyom d\u00fc\u015fmana kar\u015f\u0131\u2019 ba\u015fl\u0131kl\u0131 \u00c7anakkale Sergisi\u2019nde sergilenen bir mektup okuyanlar\u0131 g\u00f6zya\u015f\u0131na bo\u011fdu. NTV Tarih yazar\u0131 ara\u015ft\u0131rmac\u0131\/koleksiyoner Dr. R. Serta\u00e7 Kayserilio\u011flu\u2019nun kolleksiyonundan olu\u015fan sergiyi 50 bin ki\u015fi gezdi. <!--more--><\/p>\n<p style=\"text-align: justify;\"><strong>MEKTUP ULA\u015eTI \u015eEH\u0130T OLDU<\/strong><\/p>\n<p style=\"text-align: justify;\">Vatan&#8217;\u0131n haberine g\u00f6re, G\u00fcm\u00fc\u015fhane\u2019nin \u015eiran il\u00e7esinden \u00dcste\u011fmen Zahit, cephede kur\u015fun ya\u011fmurlar\u0131 alt\u0131nda sava\u015f\u0131rken Aziziye il\u00e7esinin K\u0131l\u0131\u00e7 Mehmet Bey k\u00f6y\u00fcnden Ahmet Efendi\u2019nin k\u0131z\u0131, e\u015fi Hanife Han\u0131m\u2019a bir mektup yazm\u0131\u015ft\u0131. \u00dcste\u011fmen Zahit, \u2018vasiyetim\u2019 dedi\u011fi mektubu yazd\u0131ktan k\u0131sa bir s\u00fcre sonra 9 Ocak 1916\u2019da \u015fehit oldu. Y\u0131llar sonra ortaya \u00e7\u0131kan o mektubun i\u00e7inden \u015fehit \u00fcste\u011fmenin k\u00fc\u00e7\u00fck k\u0131z\u0131 Nahide\u2019nin k\u0131rm\u0131z\u0131 kurdelayla ba\u011fl\u0131 bir tutam sa\u00e7\u0131 da \u00e7\u0131km\u0131\u015ft\u0131. \u0130\u015fte o mektuptan duygu dolu sat\u0131rlar&#8230;<\/p>\n<p style=\"text-align: justify;\"><strong>Y\u00dcKSEK SESLE A\u011eLAMA<\/strong><\/p>\n<p style=\"text-align: justify;\">\u201cBu g\u00fcnlerde her zamankinden daha \u00f6nemli muharebelere girece\u011fiz. Bilirsin , her muharebeye giren \u00f6lmez. Fakat e\u011fer ben \u00f6l\u00fcrsem sak\u0131n gam yeme&#8230; Beni ve seni yaratan Allah bizi nas\u0131l d\u00fcnyada birbirimize nasib etti ise , benden \u015fehitlik r\u00fctbesini esirgemedi\u011fi taktirde , elbette , ruhlar\u0131m\u0131z\u0131 da birbirine kavu\u015fturur. Vatan yolunda \u015fehit olursam bana ne mutlu. Ancak , sana bir vasiyetim var : Birincisi benim i\u00e7in kat\u2019iyyen a\u011flama&#8230; e\u015fyam\u0131n listesi ili\u015fikte. Bunlar\u0131 sat , ele ge\u00e7ecek paradan \u201cmihr-i muaccel\u201d ve \u201cmihr-i m\u00fceccel\u201d ini al , \u00fcst taraf\u0131 ile bana bir mevl\u00fct okut. E\u011fer bunlar sana borcumu \u00f6demezse hakk\u0131n\u0131 helal et ve ilk gece aram\u0131zda ge\u00e7en s\u00f6z\u00fc unutma&#8230; vasiyetimi ald\u0131\u011f\u0131n\u0131z zaman y\u00fcksek sesle a\u011flaman\u0131za raz\u0131 de\u011filim.\u201d<\/p>\n<p style=\"text-align: justify;\"><strong>\u00c7ANAKKALE&#8217;DE T\u00d6REN<\/strong><\/p>\n<p style=\"text-align: justify;\">18 Mart \u00c7anakkale Deniz Zaferi&#8217;nin 96. y\u0131l d\u00f6n\u00fcm\u00fc ve \u015eehitleri Anma G\u00fcn\u00fc dolay\u0131s\u0131yla \u00c7anakkale&#8217;deki t\u00f6renler, Atat\u00fcrk an\u0131t\u0131na \u00e7elenk konulmas\u0131yla ba\u015flad\u0131.<\/p>\n<p style=\"text-align: justify;\">Cumhuriyet Meydan\u0131&#8217;nda d\u00fczenlenen ilk t\u00f6rende, h\u00fck\u00fcmet ad\u0131na Devlet Bakan\u0131 ve Ba\u015fbakan Yard\u0131mc\u0131s\u0131 Cemil \u00c7i\u00e7ek, T\u00fcrk Silahl\u0131 Kuvvetleri ad\u0131na Bo\u011faz ve Garnizon Komutan\u0131 Tu\u011famiral Erc\u00fcment Tatl\u0131o\u011flu, \u00c7anakkale Valisi G\u00fcng\u00f6r Azim Tuna, \u00c7anakkale Belediye Ba\u015fkan\u0131 \u00dclg\u00fcr G\u00f6khan ve di\u011fer yetkililer Atat\u00fcrk an\u0131t\u0131na \u00e7elenk koydu.<\/p>\n<p style=\"text-align: justify;\">Atat\u00fcrk\u00e7\u00fc D\u00fc\u015f\u00fcnce Derne\u011fi (ADD) Genel Ba\u015fkan\u0131 Tansel \u00c7\u00f6la\u015fan ve dernek \u00fcyeleri, TSK&#8217;n\u0131n \u00e7elenginin konuldu\u011fu s\u0131rada alk\u0131\u015flar e\u015fli\u011finde &#8221;Mustafa Kemal&#8217;in askerleriyiz&#8221; \u015feklinde slogan att\u0131.<\/p>\n<p style=\"text-align: justify;\">Azerbaycan&#8217;dan gelen bir grup ad\u0131na da an\u0131ta \u00e7elenk b\u0131rak\u0131ld\u0131.<\/p>\n<p style=\"text-align: justify;\">ADD \u00c7anakkale \u015eube Ba\u015fkan\u0131 Yrd. Do\u00e7. Dr. Necmi Akyal\u00e7\u0131n, t\u00f6renin ard\u0131ndan yapt\u0131\u011f\u0131 a\u00e7\u0131klamada, \u00c7anakkale Valili\u011fince, 18 Mart Stad\u0131&#8217;ndaki resmi ge\u00e7it t\u00f6renine dernek olarak al\u0131nmad\u0131klar\u0131n\u0131 s\u00f6yledi. Bunun kendilerine yaz\u0131 ile bildirildi\u011fini kaydeden Akyal\u00e7\u0131n, &#8221;Bu t\u00f6renleri Atat\u00fcrk sayesinde yapanlar, ne yaz\u0131kt\u0131r ki bizleri resmi t\u00f6ren kortejine almamaktad\u0131r. Atat\u00fcrk\u00e7\u00fc d\u00fc\u015f\u00fcncenin onurlu \u00fcyeleri olarak, bizi bu i\u015fin d\u0131\u015f\u0131nda tutmak isteyenlerin \u015funu \u00e7ok iyi bilmesini istiyoruz: Bizi bu t\u00f6renlere dahil etmemekle, zaferi ve bug\u00fcn\u00fc hi\u00e7bir \u015fekilde g\u00f6lgeleyemezler&#8221; dedi.<\/p>\n<p style=\"text-align: justify;\">T\u00f6rene, CHP Tunceli Milletvekili Kamer Gen\u00e7 de kat\u0131ld\u0131.<\/p>\n<p style=\"text-align: justify;\">T\u00f6renlere, 18 Mart Stad\u0131&#8217;nda yap\u0131lacak etkinliklerle devam edilecek.<\/p>\n<p style=\"text-align: justify;\"><a href=\"http:\/\/www.gazeteport.com.tr\/GUNCEL\/NEWS\/GP_871451\" target=\"_blank\"><span style=\"color: #888888;\">Kaynak : GAZETEPORT<\/span><\/a><\/p>\n","protected":false},"excerpt":{"rendered":"<p style=\"text-align: center;\">\n<p style=\"text-align: justify;\">\u00c7anakkale&#8217;de \u015fehit d\u00fc\u015fen \u00fcste\u011fmenin e\u015fine g\u00f6nderdi\u011fi mektup g\u00f6zya\u015flar\u0131na bo\u011fdu.<\/p>\n<p style=\"text-align: justify;\">Tarihe \u2018d\u00fcnyay\u0131 yenenlerin yenildi\u011fi sava\u015f\u2019 ge\u00e7en \u00c7anakkale Zaferi\u2019nin \u00fczerinden tam 96 y\u0131l ge\u00e7ti. Bu e\u015fsiz destan\u0131 anlatmak i\u00e7in \u015fimdiye kadar binlerce \u015fiir, kitap yaz\u0131ld\u0131, onlarca film \u00e7ekildi. Fakat d\u0131\u015fardan yaz\u0131lan hi\u00e7bir \u015fey \u2018cepheden g\u00f6nderilen asker mektuplar\u0131\u2019 kadar duyguland\u0131ramad\u0131. Maltepe <\/p>\n","protected":false},"author":1,"featured_media":0,"comment_status":"open","ping_status":"closed","sticky":false,"template":"","format":"standard","meta":{"footnotes":""},"categories":[105],"tags":[],"class_list":["post-29466","post","type-post","status-publish","format-standard","hentry","category-gundem","odd"],"_links":{"self":[{"href":"http:\/\/www.korhanyilmaz.com\/index.php?rest_route=\/wp\/v2\/posts\/29466","targetHints":{"allow":["GET"]}}],"collection":[{"href":"http:\/\/www.korhanyilmaz.com\/index.php?rest_route=\/wp\/v2\/posts"}],"about":[{"href":"http:\/\/www.korhanyilmaz.com\/index.php?rest_route=\/wp\/v2\/types\/post"}],"author":[{"embeddable":true,"href":"http:\/\/www.korhanyilmaz.com\/index.php?rest_route=\/wp\/v2\/users\/1"}],"replies":[{"embeddable":true,"href":"http:\/\/www.korhanyilmaz.com\/index.php?rest_route=%2Fwp%2Fv2%2Fcomments&post=29466"}],"version-history":[{"count":0,"href":"http:\/\/www.korhanyilmaz.com\/index.php?rest_route=\/wp\/v2\/posts\/29466\/revisions"}],"wp:attachment":[{"href":"http:\/\/www.korhanyilmaz.com\/index.php?rest_route=%2Fwp%2Fv2%2Fmedia&parent=29466"}],"wp:term":[{"taxonomy":"category","embeddable":true,"href":"http:\/\/www.korhanyilmaz.com\/index.php?rest_route=%2Fwp%2Fv2%2Fcategories&post=29466"},{"taxonomy":"post_tag","embeddable":true,"href":"http:\/\/www.korhanyilmaz.com\/index.php?rest_route=%2Fwp%2Fv2%2Ftags&post=29466"}],"curies":[{"name":"wp","href":"https:\/\/api.w.org\/{rel}","templated":true}]}}