{"id":29461,"date":"2011-03-18T16:05:12","date_gmt":"2011-03-18T14:05:12","guid":{"rendered":"http:\/\/www.korhanyilmaz.com\/?p=29461"},"modified":"2011-03-18T16:05:12","modified_gmt":"2011-03-18T14:05:12","slug":"kilicdaroglundan-erdogana-referandum-tepkisi","status":"publish","type":"post","link":"http:\/\/www.korhanyilmaz.com\/?p=29461","title":{"rendered":"K\u0131l\u0131\u00e7daro\u011flu&#8217;ndan Erdo\u011fan&#8217;a referandum tepkisi"},"content":{"rendered":"<p style=\"text-align: justify;\"><a href=\"http:\/\/www.korhanyilmaz.com\/wp-content\/uploads\/2011\/03\/316.jpg\"  class=\"lightview\"><img loading=\"lazy\" decoding=\"async\" class=\"aligncenter size-full wp-image-29462\" src=\"http:\/\/www.korhanyilmaz.com\/wp-content\/uploads\/2011\/03\/316.jpg\" alt=\"\" width=\"414\" height=\"221\" \/><\/a><\/p>\n<p style=\"text-align: justify;\">\u00c7anakkale sava\u015flar\u0131n\u0131n simge isimlerinden Koca Seyit i\u00e7in okutulan mevlide kat\u0131lan CHP lideri K\u0131l\u0131\u00e7daro\u011flu, Ba\u015fbakan Erdo\u011fan&#8217;\u0131n &#8220;bedelli askerlik i\u00e7in referandum yap\u0131labilir&#8221; s\u00f6zlerine &#8221;O\u011flun askere referandumla m\u0131 gitti&#8221; diyerek tepki g\u00f6sterdi.<\/p>\n<p style=\"text-align: justify;\">HAVRAN- CHP Genel Ba\u015fkan\u0131 Kemal K\u0131l\u0131\u00e7daro\u011flu, Bal\u0131kesir&#8217;in Havran il\u00e7esinde, \u00c7anakkale sava\u015flar\u0131n\u0131n simge isimlerinden Koca Seyit i\u00e7in okutulan mevlide kat\u0131ld\u0131. <!--more--><\/p>\n<p style=\"text-align: justify;\">\u00d6zel u\u00e7akla Bal\u0131kesir&#8217;in Edremit il\u00e7esindeki K\u00f6rfez Havaalan\u0131&#8217;na gelen K\u0131l\u0131\u00e7daro\u011flu, otob\u00fcsle partililerin olu\u015fturdu\u011fu konvoy e\u015fli\u011finde Havran il\u00e7esine ge\u00e7ti.<\/p>\n<p style=\"text-align: justify;\">K\u0131l\u0131\u00e7daro\u011flu, Camii Kebir&#8217;de \u00c7anakkale sava\u015flar\u0131nda b\u00fcy\u00fck yararl\u0131l\u0131klar g\u00f6steren, tek ba\u015f\u0131na 276 kiloluk top mermisini namluya s\u00fcrerek &#8221;Ocean Z\u0131rhl\u0131s\u0131&#8221;n\u0131n bat\u0131r\u0131lmas\u0131n\u0131 sa\u011flayan Koca Seyit (Seyit \u00c7abuk) i\u00e7in okutulan mevlide kat\u0131ld\u0131.<\/p>\n<p style=\"text-align: justify;\">Kemal K\u0131l\u0131\u00e7daro\u011flu&#8217;na, CHP Genel Ba\u015fkan Yard\u0131mc\u0131s\u0131 G\u00fcrsel Tekin ve baz\u0131 milletvekilleri de e\u015flik etti.<\/p>\n<p style=\"text-align: justify;\"><strong>&#8220;O\u011eLUN REFERANDUMLA MI G\u0130TT\u0130?&#8221;<\/strong><\/p>\n<p style=\"text-align: justify;\">Daha sonra Havran&#8217;da esnaf ziyareti ger\u00e7ekle\u015ftiren ve bir kahvehanede gazetecilerin sorular\u0131n\u0131 yan\u0131tlayan K\u0131l\u0131\u00e7daro\u011flu, Ba\u015fbakan Erdo\u011fan&#8217;\u0131n bedelli askerlikle ilgili &#8221;Referanduma gideriz&#8221; s\u00f6zlerini de\u011ferlendirirken &#8221;Kendi \u00e7ocu\u011fu askere gitti\u011fi zaman referanduma m\u0131 gittik?&#8221; dedi.<\/p>\n<p style=\"text-align: justify;\">Bir gazetecinin, &#8221;Ba\u015fbakan Erdo\u011fan, bedelli askerlikle ilgili &#8216;referanduma gideriz&#8217; a\u00e7\u0131klamas\u0131nda bulundu. Siz neler diyeceksiniz?&#8221; sorusunu K\u0131l\u0131\u00e7daro\u011flu, &#8221;Kendi \u00e7ocu\u011fu askere gitti\u011fi zaman referanduma m\u0131 gittik? Millet, askerlik i\u00e7in s\u0131ra bekliyor. Binlerce ki\u015fi y\u0131\u011f\u0131lm\u0131\u015f. Bir an \u00f6nce gelsinler. Meclis \u00e7al\u0131\u015f\u0131yor. Ellerini, kollar\u0131n\u0131 kald\u0131rs\u0131nlar, bu i\u015f bitsin k\u0131sa d\u00f6nemde. Paras\u0131 olan para verecek, onunla \u00f6\u011frenci yurdu yap\u0131lacak. Paras\u0131 olmayan fakir fukara da ayn\u0131 s\u00fcre i\u00e7inde yine 21 g\u00fcn askerli\u011fini yapacak, bu i\u015fi bitirecek&#8221; diye yan\u0131tlad\u0131.<\/p>\n<p style=\"text-align: justify;\">K\u0131l\u0131\u00e7daro\u011flu, AK Parti Genel Ba\u015fkan Yard\u0131mc\u0131s\u0131 H\u00fcseyin \u00c7elik&#8217;in &#8221;U\u00e7 Kemal, u\u00e7&#8221; s\u00f6zlerinin hat\u0131rlat\u0131lmas\u0131 \u00fczerine de &#8221;Ona mizah dergileri cevap verir&#8221; dedi.<\/p>\n<p style=\"text-align: justify;\"><strong>MEHMET HABERAL&#8217;IN ADAYLI\u011eI<\/strong><\/p>\n<p style=\"text-align: justify;\">&#8221;\u0130kinci &#8216;Ergenekon&#8217; davas\u0131n\u0131n tutuklu san\u0131klar\u0131ndan eski Ba\u015fkent \u00dcniversitesi Rekt\u00f6r\u00fc Prof. Dr. Mehmet Haberal&#8217;\u0131n partiye \u00fcyeli\u011fi ve aday adayl\u0131\u011f\u0131n\u0131n s\u00f6z konusu oldu\u011fu haberleri var. Bu konudaki de\u011ferlendirmeniz nedir?&#8221; sorusuna K\u0131l\u0131\u00e7daro\u011flu, &#8221;Daha adayl\u0131k s\u00fcre\u00e7leri, adayl\u0131k ba\u015fvurular\u0131 ba\u015flamad\u0131&#8221; kar\u015f\u0131l\u0131\u011f\u0131n\u0131 verdi.<\/p>\n<p style=\"text-align: justify;\">K\u0131l\u0131\u00e7daro\u011flu, milletvekili adayl\u0131klar\u0131yla ilgili &#8221;e\u011filim yoklamas\u0131 ve \u00f6n se\u00e7im&#8221; konusundaki g\u00f6r\u00fc\u015flerinin sorulmas\u0131 \u00fczerine ise \u015funlar\u0131 s\u00f6yledi:<\/p>\n<p style=\"text-align: justify;\">&#8221;Olabildi\u011fince halk\u0131n sempati duydu\u011fu, halk\u0131n se\u00e7ilmesini istedi\u011fi ki\u015filerin CHP listesinde olmas\u0131na \u00f6zen g\u00f6sterece\u011fiz. O nedenle hem \u00f6n se\u00e7im hem e\u011filim yoklamas\u0131 hem kamuoyu yoklamas\u0131 gibi y\u00f6ntemlere ba\u015fvuraca\u011f\u0131z. Bu konuda Parti Meclisimiz bug\u00fcn bir karar ald\u0131. O karar gere\u011fi de \u00f6n se\u00e7imler de yapaca\u011f\u0131z. Halk\u0131n partisi CHP&#8217;dir. CHP&#8217;nin \u00e7at\u0131s\u0131 herkese a\u00e7\u0131kt\u0131r. Sa\u011fdan, soldan kim olursa olsun bu \u00fclkede sorunu olan her yurtta\u015f \u015funu d\u00fc\u015f\u00fcnmelidir, &#8216;benim sorunumu \u00e7\u00f6zecek adres neresi?&#8217; Adres CHP&#8217;dir. Askerlik sorunu olan bilmeli ki CHP \u00e7\u00f6zecek, i\u015fsizlik sorunu olan diyecek ki &#8216;CHP \u00e7\u00f6zecek&#8217;, \u00e7ift\u00e7i, esnaf\u0131n, kimin derdi varsa \u00e7\u00f6z\u00fcm yeri CHP&#8217;dir. CHP \u00e7at\u0131s\u0131 alt\u0131na her yurtta\u015f\u0131m\u0131 bekliyorum, gelsinler. Kuca\u011f\u0131m\u0131z \u00e7ok b\u00fcy\u00fck, T\u00fcrkiye kadar, herkesi kucaklamaya haz\u0131r\u0131z.&#8221;<\/p>\n<p style=\"text-align: justify;\">Kemal K\u0131l\u0131\u00e7daro\u011flu, Ba\u015fbakan Recep Tayyip Erdo\u011fan&#8217;\u0131n n\u00fckleer santral yap\u0131m\u0131yla ilgili a\u00e7\u0131klamas\u0131n\u0131n sorulmas\u0131 \u00fczerine de &#8221;Say\u0131n Ba\u015fbakan&#8217;\u0131n n\u00fckleer santralle ilgili bilgisi t\u00fcpgazla s\u0131n\u0131rl\u0131 arkada\u015flar&#8221; dedi.<\/p>\n<p style=\"text-align: justify;\"><a href=\"http:\/\/www.gazeteport.com.tr\/SIYASET\/NEWS\/GP_871751\" target=\"_blank\"><span style=\"color: #888888;\">Kaynak : GAZETEPORT<\/span><\/a><\/p>\n","protected":false},"excerpt":{"rendered":"<p style=\"text-align: justify;\">\n<p style=\"text-align: justify;\">\u00c7anakkale sava\u015flar\u0131n\u0131n simge isimlerinden Koca Seyit i\u00e7in okutulan mevlide kat\u0131lan CHP lideri K\u0131l\u0131\u00e7daro\u011flu, Ba\u015fbakan Erdo\u011fan&#8217;\u0131n &#8220;bedelli askerlik i\u00e7in referandum yap\u0131labilir&#8221; s\u00f6zlerine &#8221;O\u011flun askere referandumla m\u0131 gitti&#8221; diyerek tepki g\u00f6sterdi.<\/p>\n<p style=\"text-align: justify;\">HAVRAN- CHP Genel Ba\u015fkan\u0131 Kemal K\u0131l\u0131\u00e7daro\u011flu, Bal\u0131kesir&#8217;in Havran il\u00e7esinde, \u00c7anakkale sava\u015flar\u0131n\u0131n simge isimlerinden Koca Seyit i\u00e7in okutulan mevlide kat\u0131ld\u0131. <\/p>\n","protected":false},"author":1,"featured_media":0,"comment_status":"open","ping_status":"closed","sticky":false,"template":"","format":"standard","meta":{"footnotes":""},"categories":[105],"tags":[],"class_list":["post-29461","post","type-post","status-publish","format-standard","hentry","category-gundem","odd"],"_links":{"self":[{"href":"http:\/\/www.korhanyilmaz.com\/index.php?rest_route=\/wp\/v2\/posts\/29461","targetHints":{"allow":["GET"]}}],"collection":[{"href":"http:\/\/www.korhanyilmaz.com\/index.php?rest_route=\/wp\/v2\/posts"}],"about":[{"href":"http:\/\/www.korhanyilmaz.com\/index.php?rest_route=\/wp\/v2\/types\/post"}],"author":[{"embeddable":true,"href":"http:\/\/www.korhanyilmaz.com\/index.php?rest_route=\/wp\/v2\/users\/1"}],"replies":[{"embeddable":true,"href":"http:\/\/www.korhanyilmaz.com\/index.php?rest_route=%2Fwp%2Fv2%2Fcomments&post=29461"}],"version-history":[{"count":0,"href":"http:\/\/www.korhanyilmaz.com\/index.php?rest_route=\/wp\/v2\/posts\/29461\/revisions"}],"wp:attachment":[{"href":"http:\/\/www.korhanyilmaz.com\/index.php?rest_route=%2Fwp%2Fv2%2Fmedia&parent=29461"}],"wp:term":[{"taxonomy":"category","embeddable":true,"href":"http:\/\/www.korhanyilmaz.com\/index.php?rest_route=%2Fwp%2Fv2%2Fcategories&post=29461"},{"taxonomy":"post_tag","embeddable":true,"href":"http:\/\/www.korhanyilmaz.com\/index.php?rest_route=%2Fwp%2Fv2%2Ftags&post=29461"}],"curies":[{"name":"wp","href":"https:\/\/api.w.org\/{rel}","templated":true}]}}