{"id":29446,"date":"2011-03-17T11:17:17","date_gmt":"2011-03-17T09:17:17","guid":{"rendered":"http:\/\/www.korhanyilmaz.com\/?p=29446"},"modified":"2011-03-17T11:17:17","modified_gmt":"2011-03-17T09:17:17","slug":"9-ilde-20-kisi-yakalandi","status":"publish","type":"post","link":"http:\/\/www.korhanyilmaz.com\/?p=29446","title":{"rendered":"9 ilde 20 ki\u015fi yakaland\u0131."},"content":{"rendered":"<p style=\"text-align: justify;\"><a href=\"http:\/\/www.korhanyilmaz.com\/wp-content\/uploads\/2011\/03\/309.jpg\"  class=\"lightview\"><img loading=\"lazy\" decoding=\"async\" class=\"aligncenter size-full wp-image-29447\" src=\"http:\/\/www.korhanyilmaz.com\/wp-content\/uploads\/2011\/03\/309.jpg\" alt=\"\" width=\"413\" height=\"222\" \/><\/a><\/p>\n<p style=\"text-align: justify;\">Zirve Yay\u0131nevi katliam\u0131yla ilgili Ergenekon Savc\u0131s\u0131 Zekeriya \u00d6z&#8217;\u00fcn talimat\u0131yla 9 ilde operasyon ger\u00e7ekle\u015ftirildi.<\/p>\n<p style=\"text-align: justify;\">Operasyonda Malatya Eski Jandarma Alay Komutan\u0131 emekli Albay Mehmet D\u00fclger, Malatya \u0130l Jandarma Komutanl\u0131\u011f\u0131 \u0130stihbarat \u015eube M\u00fcd\u00fcr\u00fc Jandarma Binba\u015f\u0131 Haydar Ye\u015fil ve ara\u015ft\u0131rma g\u00f6revlisi Ruhi Abat&#8217;\u0131n da aralar\u0131nda bulundu\u011fu 20 ki\u015fi g\u00f6zalt\u0131na al\u0131nd\u0131. <!--more--><\/p>\n<p style=\"text-align: justify;\">Malatya&#8217;da g\u00f6zalt\u0131na al\u0131nan bir astsubay\u0131n e\u015fi ise tabanca ile intihar etmek istedi.<\/p>\n<p style=\"text-align: justify;\">ANKARA-  Ergenekon soru\u015fturmas\u0131 kapsam\u0131nda 9 ilde aramalar yap\u0131l\u0131yor. Arama yap\u0131lan yerler aras\u0131nda Malatya \u0130n\u00f6n\u00fc \u00dcniversitesi Rekt\u00f6rl\u00fc\u011f\u00fc ve baz\u0131 illerdeki Jandarma Komutanl\u0131klar\u0131 da var. Operasyon kapsam\u0131nda Malatya Eski Jandarma Alay Komutan\u0131 emekli Albay Mehmet D\u00fclger&#8217;in de aralar\u0131nda bulundu\u011fu 20 ki\u015fi g\u00f6zalt\u0131na al\u0131nd\u0131.<\/p>\n<p style=\"text-align: justify;\"><strong>MALATYA<\/strong><\/p>\n<p style=\"text-align: justify;\">&#8221;Ergenekon&#8221; soru\u015fturmas\u0131 kapsam\u0131nda, Malatya&#8217;da 3&#8217;\u00fc askeri personel 4 ki\u015fi g\u00f6zalt\u0131na al\u0131nd\u0131.<\/p>\n<p style=\"text-align: justify;\">\u0130stanbul Cumhuriyet Savc\u0131s\u0131 Zekeriya \u00d6z&#8217;\u00fcn y\u00fcr\u00fctt\u00fc\u011f\u00fc soru\u015fturma kapsam\u0131nda, \u0130n\u00f6n\u00fc \u00dcniversitesi (\u0130\u00dc) \u0130lahiyat Fak\u00fcltesinde ara\u015ft\u0131rma g\u00f6revlisi olan Ruhi Abat&#8217;\u0131n evinin yan\u0131 s\u0131ra 3 ayr\u0131 noktada sabah saatlerinde ba\u015flat\u0131lan arama tamamland\u0131.<\/p>\n<p style=\"text-align: justify;\">\u00d6zel yetkili Cumhuriyet savc\u0131lar\u0131n\u0131n kat\u0131ld\u0131\u011f\u0131 aramalar\u0131n ard\u0131ndan Abat ile Malatya \u0130l Jandarma Komutanl\u0131\u011f\u0131 \u0130stihbarat \u015eube M\u00fcd\u00fcr\u00fc Jandarma Binba\u015f\u0131 Haydar Ye\u015fil, jandarma astsubaylar  M.\u00c7. ve A.A. g\u00f6zalt\u0131na al\u0131narak, Ter\u00f6rle M\u00fccadele \u015eube M\u00fcd\u00fcrl\u00fc\u011f\u00fcne g\u00f6t\u00fcr\u00fcld\u00fc.<\/p>\n<p style=\"text-align: justify;\"><strong>ASTSUBAYIN E\u015e\u0130 \u00d6LMEK \u0130STED\u0130<\/strong><\/p>\n<p style=\"text-align: justify;\">Bu arada Malatya&#8217;da g\u00f6zalt\u0131na al\u0131nan astsubay M.\u00c7.&#8217;\u0131n e\u015fi H.\u00c7. \u00e7ok say\u0131da ila\u00e7 i\u00e7erek i\u00e7erek intihar giri\u015fiminde bulundu.<\/p>\n<p style=\"text-align: justify;\"><strong>MU\u011eLA<\/strong><\/p>\n<p style=\"text-align: justify;\">Mu\u011fla Jandarma Komutanl\u0131\u011f\u0131nda, \u0130stanbul&#8217;da soru\u015fturmay\u0131 y\u00fcr\u00fcten savc\u0131l\u0131\u011f\u0131n Mu\u011fla Cumhuriyet Ba\u015fsavc\u0131l\u0131\u011f\u0131na g\u00f6nderdi\u011fi talimatla arama yap\u0131ld\u0131. Aramada, ad\u0131 a\u00e7\u0131klanmayan bir askeri personel g\u00f6zalt\u0131na al\u0131nd\u0131.<\/p>\n<p style=\"text-align: justify;\"><strong>MERS\u0130N<\/strong><\/p>\n<p style=\"text-align: justify;\">Ergenekon soru\u015fturmas\u0131 kapsam\u0131nda Mersin&#8217;de, bir astsubay g\u00f6zalt\u0131na al\u0131nd\u0131. \u0130l Jandarma Komutanl\u0131\u011f\u0131nda g\u00f6revli Astsubay Ba\u015f\u00e7avu\u015f A.A, sa\u011fl\u0131k kontrol\u00fcnden ge\u00e7irildi. A.A&#8217;n\u0131n \u0130stanbul&#8217;a g\u00f6nderildi\u011fi \u00f6\u011frenildi.<\/p>\n<p style=\"text-align: justify;\"><strong>S\u0130\u0130RT<\/strong><\/p>\n<p style=\"text-align: justify;\">Cumhuriyet Savc\u0131s\u0131 Zekeriya \u00d6z&#8217;\u00fcn talimat\u0131yla ba\u015flat\u0131lan operasyonda Siirt&#8217;te de aramalar yap\u0131ld\u0131. Aramalar sonucu Siirt \u0130l Jandarma Alay Komutanl\u0131\u011f\u0131nda g\u00f6revli astsubay A.G. g\u00f6zalt\u0131na al\u0131nd\u0131.<\/p>\n<p style=\"text-align: justify;\"><strong>ANKARA<\/strong><\/p>\n<p style=\"text-align: justify;\">Ankara Emniyet M\u00fcd\u00fcrl\u00fc\u011f\u00fc Ter\u00f6rle M\u00fccadele \u015eube M\u00fcd\u00fcrl\u00fc\u011f\u00fc ekipleri, \u0130stanbul Cumhuriyet Ba\u015fsavc\u0131l\u0131\u011f\u0131n\u0131n talimat\u0131 do\u011frultusunda emekli bir askeri g\u00f6zalt\u0131na ald\u0131.<\/p>\n<p style=\"text-align: justify;\"><strong>\u0130ZM\u0130R<\/strong><\/p>\n<p style=\"text-align: justify;\">\u0130zmir&#8217;deki bir askeri misafirhanede, cumhuriyet savc\u0131s\u0131 g\u00f6zetiminde polis taraf\u0131ndan arama yap\u0131ld\u0131. Konuyla ilgili g\u00f6zalt\u0131na al\u0131nan ki\u015fi olmad\u0131\u011f\u0131 \u00f6\u011frenildi.<\/p>\n<p style=\"text-align: justify;\"><strong>G\u0130ZL\u0130 TANIK \u0130FADE VERD\u0130<\/strong><\/p>\n<p style=\"text-align: justify;\">Operasyonun yap\u0131lmas\u0131n\u0131n en \u00f6nemli nedenlerinden bir tanesinin \u2018gizli tan\u0131k\u2019 ifadesi oldu\u011fu \u00f6\u011frenildi. Ergenekon savc\u0131s\u0131 Zekeriya \u00d6z taraf\u0131ndan dinlenen gizli tan\u0131\u011f\u0131n 24 Aral\u0131k 2010&#8217;da verdi\u011fi ifadesinde Zirve Yay\u0131nevi cinayetinin, eski Malatya Alay Komutan\u0131 Mehmet \u00dclger ve \u00f6\u011fretim g\u00f6revlisi Ruhi Abat, \u0130stihbarat Binba\u015f\u0131 Haydar Ye\u015fil\u2019in de aralar\u0131nda bulundu\u011fu bir ekip taraf\u0131ndan planland\u0131\u011f\u0131n\u0131 iddia etmi\u015fti.<\/p>\n<p style=\"text-align: justify;\"><strong>ERHAN KESK\u0130N\u2019\u0130N \u0130FADES\u0130<\/strong><\/p>\n<p style=\"text-align: justify;\">Bu ifadenin yan\u0131 s\u0131ra Dink davas\u0131nda ifade veren Erhan \u00d6zen\u2019in Zirve Yay\u0131nevi davas\u0131nda verdi\u011fi ifade de soru\u015fturmas\u0131n\u0131n Ergenekon savc\u0131lar\u0131 taraf\u0131ndan ba\u015flat\u0131lmas\u0131nda \u00f6nemli rol oynad\u0131. Duru\u015fmada ifade veren Erhan \u00d6zen\u2019in Zirve Yay\u0131nevi cinayetinin azmettiricisi oldu\u011fu iddias\u0131yla yarg\u0131lanan Varol B\u00fclent Aral ile Ergenekon davas\u0131 san\u0131klar\u0131 emekli Tu\u011fgeneral Veli K\u00fc\u00e7\u00fck ve emekli Y\u00fczba\u015f\u0131 Muzaffer Tekin&#8217;in irtibatl\u0131 oldu\u011funu iddia etmi\u015fti.<\/p>\n<p style=\"text-align: justify;\"><strong>M\u00dcDAH\u0130L AVUKATLARININ D\u0130LEK\u00c7ES\u0130<\/strong><\/p>\n<p style=\"text-align: justify;\">Bunlar\u0131n yan\u0131 s\u0131ra Zirve Yay\u0131nevi davas\u0131n\u0131n m\u00fcdahil avukat\u0131 Erdal Do\u011fan\u2019\u0131n 18 Ocak 2010 tarihinde \u0130stanbul Cumhuriyet Ba\u015fsavc\u0131l\u0131\u011f\u0131\u2019na verdi\u011fi dilek\u00e7enin de soru\u015fturma dosyas\u0131nda yer ald\u0131\u011f\u0131 \u00f6\u011frenildi. Do\u011fan, Savc\u0131 \u00d6z\u2019e verdi\u011fi dilek\u00e7ede, Ergenekon san\u0131klar\u0131 ile Zirve Yay\u0131nevi cinayeti san\u0131klar\u0131n\u0131n ili\u015fkilerinin ara\u015ft\u0131r\u0131lmas\u0131n\u0131 istedi.<\/p>\n<p style=\"text-align: justify;\"><strong>SEVG\u0130 ERENEROL BA\u011eLANTISI<\/strong><\/p>\n<p style=\"text-align: justify;\">Ergenekon davas\u0131n\u0131n tutuklu san\u0131\u011f\u0131 Sevgi Erenerol ile de ba\u011flant\u0131s\u0131n\u0131n belirlendi\u011fi ileri s\u00fcr\u00fclen baz\u0131 \u015f\u00fcpheliler de g\u00f6zalt\u0131na al\u0131nd\u0131.<\/p>\n<p style=\"text-align: justify;\"><strong>Z\u0130RVE DAVASI AVUKATI DO\u011eAN: SORU\u015eTURMA D\u0130LEK\u00c7ES\u0130 VERM\u0130\u015eT\u0130K<\/strong><\/p>\n<p style=\"text-align: justify;\">Malatya&#8217;da Zirve Yay\u0131nevinde 1&#8217;i Alman uyruklu 3 ki\u015finin b\u0131\u00e7aklanarak \u00f6ld\u00fcr\u00fclmesiyle ilgili davan\u0131n m\u00fcdahil avukat\u0131 Erdal Do\u011fan, &#8221;18 Ocak 2010 tarihinde savc\u0131 Zekeriya \u00d6z&#8217;e katliam\u0131n Kafes Eylem Plan\u0131 \u00e7er\u00e7evesinde ve &#8216;Ergenekon&#8217; ba\u011flant\u0131s\u0131 konusunda ara\u015ft\u0131rma ve soru\u015fturma yap\u0131lmas\u0131na dair taleplerimizi i\u00e7eren  dilek\u00e7e sunmu\u015ftuk&#8221; dedi.<\/p>\n<p style=\"text-align: justify;\">&#8221;Ergenekon&#8221; soru\u015fturmas\u0131 kapsam\u0131nda incelenen Malatya&#8217;da Zirve Yay\u0131nevi&#8217;ndeki cinayetlerle ilgili davaya ili\u015fkin \u00e7al\u0131\u015fma sonucu 9 ilde yap\u0131lan aramalar\u0131 de\u011ferlendiren, yay\u0131nevi cinayetleriyle ilgili davan\u0131n m\u00fcdahil avukat\u0131 Erdal Do\u011fan, AA muhabirine yapt\u0131\u011f\u0131 a\u00e7\u0131klamada, bir\u00e7ok kez konuyu g\u00fcndeme getirdiklerini kaydetti.<\/p>\n<p style=\"text-align: justify;\">Zirve Yay\u0131nevi&#8217;nde i\u015flenen cinayetlerle ilgili davan\u0131n son 3 y\u0131ld\u0131r Poyrazk\u00f6y ve Ergenekon gibi davalarla ba\u011flant\u0131l\u0131 oldu\u011funu her duru\u015fmada s\u00f6ylediklerini ifade eden  Do\u011fan, \u015f\u00f6yle konu\u015ftu:<\/p>\n<p style=\"text-align: justify;\">&#8221;Malatya&#8217;da Zirve Yay\u0131nevi&#8217;ndeki cinayetlerle ilgili davan\u0131n Ergenekon-Poyrazk\u00f6y davas\u0131yla ba\u011flant\u0131s\u0131na dair iddialar\u0131m\u0131z\u0131, delillerimizi en az son 3 y\u0131ld\u0131r davan\u0131n g\u00f6r\u00fcld\u00fc\u011f\u00fc Malatya 3. A\u011f\u0131r Ceza Mahkemesine ve halen davayla ilgili soru\u015fturmay\u0131 s\u00fcrd\u00fcren Malatya savc\u0131lar\u0131 ile Ergenekon soru\u015fturmas\u0131n\u0131 ba\u015flatan \u0130stanbul \u00d6zel Yetkili Cumhuriyet Savc\u0131s\u0131 Zekeriya \u00d6z&#8217;e sunmu\u015ftuk. Ayr\u0131ca davan\u0131n m\u00fcdahil avukatlar\u0131 olarak 18 Ocak 2010 tarihinde savc\u0131 Zekeriya \u00d6z&#8217;e katliam\u0131n Kafes Eylem Plan\u0131 \u00e7er\u00e7evesinde ve Ergenekon ba\u011flant\u0131s\u0131 konusunda ara\u015ft\u0131rma ve soru\u015fturma yap\u0131lmas\u0131na dair taleplerimizi i\u00e7eren bir dilek\u00e7e de sunmu\u015ftuk. Bug\u00fcnk\u00fc geli\u015fmelerden de anla\u015f\u0131yor ki say\u0131n \u00d6z&#8217;\u00fcn daha \u00f6nceki ara\u015ft\u0131rmalar\u0131yla birlikte bu soru\u015fturmay\u0131 derinle\u015ftirdi\u011fi g\u00f6r\u00fcn\u00fcyor. Hat\u0131rlanaca\u011f\u0131 \u00fczere rahip Santoro, Zirve Yay\u0131nevi ve Hrant Dink cinayetleri, Kafes Eylem Plan\u0131&#8217;nda birer operasyon olarak zikredilmekteydi.&#8221;<\/p>\n<p style=\"text-align: justify;\"><strong>\u0130NT\u0130HAR G\u0130R\u0130\u015e\u0130M\u0130<\/strong><\/p>\n<p style=\"text-align: justify;\">Al\u0131nan bilgiye g\u00f6re, soru\u015fturma kapsam\u0131nda yap\u0131lan aramalardan sonra g\u00f6zalt\u0131na al\u0131nan jandarma astsubaylardan M.\u00c7&#8217;nin e\u015fi H.\u00c7&#8217;nin, F\u0131rat Mahallesi&#8217;ndeki evlerinde tabanca ile intihar etmek istedi\u011fi ve bir el silah sesi duyuldu\u011fu \u00f6\u011frenildi.<\/p>\n<p style=\"text-align: justify;\">\u00c7a\u011fr\u0131lan ambulansla Malatya Devlet Hastanesine g\u00f6t\u00fcr\u00fclen H.\u00c7&#8217;nin yara almad\u0131\u011f\u0131, hastanede g\u00f6zetim alt\u0131nda tutuldu\u011fu belirtildi.<\/p>\n<p style=\"text-align: justify;\"><a href=\"http:\/\/www.gazeteport.com.tr\/GUNCEL\/NEWS\/GP_870853\" target=\"_blank\"><span style=\"color: #888888;\">Kaynak : GAZETEPORT<\/span><\/a><\/p>\n","protected":false},"excerpt":{"rendered":"<p style=\"text-align: justify;\">\n<p style=\"text-align: justify;\">Zirve Yay\u0131nevi katliam\u0131yla ilgili Ergenekon Savc\u0131s\u0131 Zekeriya \u00d6z&#8217;\u00fcn talimat\u0131yla 9 ilde operasyon ger\u00e7ekle\u015ftirildi.<\/p>\n<p style=\"text-align: justify;\">Operasyonda Malatya Eski Jandarma Alay Komutan\u0131 emekli Albay Mehmet D\u00fclger, Malatya \u0130l Jandarma Komutanl\u0131\u011f\u0131 \u0130stihbarat \u015eube M\u00fcd\u00fcr\u00fc Jandarma Binba\u015f\u0131 Haydar Ye\u015fil ve ara\u015ft\u0131rma g\u00f6revlisi Ruhi Abat&#8217;\u0131n da aralar\u0131nda bulundu\u011fu 20 ki\u015fi g\u00f6zalt\u0131na al\u0131nd\u0131. <\/p>\n","protected":false},"author":1,"featured_media":0,"comment_status":"open","ping_status":"closed","sticky":false,"template":"","format":"standard","meta":{"footnotes":""},"categories":[105],"tags":[],"class_list":["post-29446","post","type-post","status-publish","format-standard","hentry","category-gundem","odd"],"_links":{"self":[{"href":"http:\/\/www.korhanyilmaz.com\/index.php?rest_route=\/wp\/v2\/posts\/29446","targetHints":{"allow":["GET"]}}],"collection":[{"href":"http:\/\/www.korhanyilmaz.com\/index.php?rest_route=\/wp\/v2\/posts"}],"about":[{"href":"http:\/\/www.korhanyilmaz.com\/index.php?rest_route=\/wp\/v2\/types\/post"}],"author":[{"embeddable":true,"href":"http:\/\/www.korhanyilmaz.com\/index.php?rest_route=\/wp\/v2\/users\/1"}],"replies":[{"embeddable":true,"href":"http:\/\/www.korhanyilmaz.com\/index.php?rest_route=%2Fwp%2Fv2%2Fcomments&post=29446"}],"version-history":[{"count":0,"href":"http:\/\/www.korhanyilmaz.com\/index.php?rest_route=\/wp\/v2\/posts\/29446\/revisions"}],"wp:attachment":[{"href":"http:\/\/www.korhanyilmaz.com\/index.php?rest_route=%2Fwp%2Fv2%2Fmedia&parent=29446"}],"wp:term":[{"taxonomy":"category","embeddable":true,"href":"http:\/\/www.korhanyilmaz.com\/index.php?rest_route=%2Fwp%2Fv2%2Fcategories&post=29446"},{"taxonomy":"post_tag","embeddable":true,"href":"http:\/\/www.korhanyilmaz.com\/index.php?rest_route=%2Fwp%2Fv2%2Ftags&post=29446"}],"curies":[{"name":"wp","href":"https:\/\/api.w.org\/{rel}","templated":true}]}}