{"id":29442,"date":"2011-03-17T17:52:21","date_gmt":"2011-03-17T15:52:21","guid":{"rendered":"http:\/\/www.korhanyilmaz.com\/?p=29442"},"modified":"2011-03-17T17:52:21","modified_gmt":"2011-03-17T15:52:21","slug":"suphelileri-gps-sistemi-yakalatmis","status":"publish","type":"post","link":"http:\/\/www.korhanyilmaz.com\/?p=29442","title":{"rendered":"\u015e\u00fcphelileri GPS sistemi yakalatm\u0131\u015f!"},"content":{"rendered":"<p style=\"text-align: justify;\"><a href=\"http:\/\/www.korhanyilmaz.com\/wp-content\/uploads\/2011\/03\/308.jpg\"  class=\"lightview\"><img loading=\"lazy\" decoding=\"async\" class=\"aligncenter size-full wp-image-29443\" src=\"http:\/\/www.korhanyilmaz.com\/wp-content\/uploads\/2011\/03\/308.jpg\" alt=\"\" width=\"292\" height=\"224\" \/><\/a><\/p>\n<p style=\"text-align: justify;\">\u0130brahim Tatl\u0131ses&#8217;e d\u00fczenlenen suikast soru\u015fturmas\u0131 kapsam\u0131nda aralar\u0131nda Abdullah U\u00e7mak&#8217;\u0131n da bulundu\u011fu 14 ki\u015fi g\u00f6zalt\u0131na al\u0131nd\u0131. U\u00e7mak&#8217;\u0131n avukat\u0131, m\u00fcvekkilinin kendisine sald\u0131r\u0131y\u0131 ge\u00e7mi\u015fte Tatl\u0131ses ile aralar\u0131nda ya\u015fanan husumetten yararlanmak isteyenlerin yapm\u0131\u015f olabilece\u011fini ve olayla ilgisinin bulunmad\u0131\u011f\u0131n\u0131 s\u00f6yledi\u011fini bildirdi.<!--more--><\/p>\n<p style=\"text-align: justify;\">Sanat\u00e7\u0131 \u0130brahim Tatl\u0131ses&#8217;e y\u00f6nelik silahl\u0131 sald\u0131r\u0131yla ilgili g\u00f6zalt\u0131na al\u0131nan Abdullah U\u00e7mak&#8217;\u0131n avukat\u0131 Ekrem Demirel, m\u00fcvekkilinin kendisine ele ge\u00e7irilen silah\u0131n kendisine ait olmad\u0131\u011f\u0131n\u0131, sald\u0131r\u0131y\u0131 ge\u00e7mi\u015fte Tatl\u0131ses ile aralar\u0131nda ya\u015fanan husumetten yararlanmak isteyenlerin yapm\u0131\u015f olabilece\u011fini ve olayla ilgisinin bulunmad\u0131\u011f\u0131n\u0131 s\u00f6yledi\u011fini bildirdi.<\/p>\n<p style=\"text-align: justify;\">Ekrem Demirel, AA muhabirine yapt\u0131\u011f\u0131 a\u00e7\u0131klamada, Organize Su\u00e7larla M\u00fccadele \u015eube M\u00fcd\u00fcrl\u00fc\u011f\u00fc ekiplerince g\u00f6zalt\u0131na al\u0131nan m\u00fcvekkili Abdullah U\u00e7mak&#8217;la emniyette g\u00f6r\u00fc\u015ft\u00fc\u011f\u00fcn\u00fc s\u00f6yledi.<\/p>\n<p style=\"text-align: justify;\">Demirel &#8220;Bana ele ge\u00e7irilen silah\u0131n kendisine ait olmad\u0131\u011f\u0131n\u0131, sald\u0131r\u0131y\u0131 ge\u00e7mi\u015fte \u0130brahim Tatl\u0131ses ile aras\u0131nda ya\u015fan\u0131lan husumetten yararlanmak isteyen ki\u015filerin yapm\u0131\u015f olabilece\u011fini ve olayla kendisinin hi\u00e7bir ilgisi olmad\u0131\u011f\u0131n\u0131 s\u00f6yledi&#8221; dedi.<\/p>\n<p style=\"text-align: justify;\">U\u00e7mak&#8217;\u0131n hen\u00fcz ifadesinin al\u0131nmad\u0131\u011f\u0131n\u0131 ifade eden Demirel, m\u00fcvekkilinin kendisine olayda kullan\u0131lan ara\u00e7la da ilgisi bulunmad\u0131\u011f\u0131n\u0131, s\u00f6z konusu firmadan kendisinin de ara\u00e7 kiralad\u0131\u011f\u0131n\u0131 ancak olayda kullan\u0131lan arac\u0131n kendisinin kiralad\u0131\u011f\u0131 ara\u00e7 olmad\u0131\u011f\u0131n\u0131&#8221; s\u00f6yledi\u011fini kaydetti.<\/p>\n<p style=\"text-align: justify;\"><strong>Ad\u0131m ad\u0131m s\u00fcre\u00e7&#8230; <\/strong><\/p>\n<p style=\"text-align: justify;\">Kala\u015fnikofla sald\u0131r\u0131ya u\u011frayan \u0130brahim Tatl\u0131ses&#8217;in TV program\u0131 \u00e7\u0131k\u0131\u015f\u0131ndaki g\u00f6r\u00fcnt\u00fclerini izleyen polis ekipleri sald\u0131r\u0131 sonras\u0131 otomobilin gitti\u011fi g\u00fczergahlardaki MOBESE ve i\u015fyeri g\u00fcvenlik kamera g\u00f6r\u00fcnt\u00fclerini inceledi.<\/p>\n<p style=\"text-align: justify;\">\u0130ncelemeler sonras\u0131 polis olay s\u0131ras\u0131nda kullan\u0131lan otomobilin plaka ve modelini belirledi. Otomobilin plakas\u0131ndan yola \u00e7\u0131kan polis, otomobilin kiral\u0131k oldu\u011funu belirledi. Otomobilin kiraland\u0131\u011f\u0131 servise ula\u015fan polis, ara\u00e7ta GPS ( K\u00fcresel Konumlama Sistemi) cihaz\u0131n\u0131n oldu\u011funu \u00f6\u011frendi.<\/p>\n<p style=\"text-align: justify;\">Bunun \u00fczerine bilgisayar ba\u015f\u0131na oturan polisler otomobilin sald\u0131r\u0131 s\u0131ras\u0131nda olay yerinde oldu\u011funu tespit etti. Ard\u0131ndan otomobilin gitti\u011fi g\u00fczergah\u0131 belirledi. Otomobilin durdu\u011fu b\u00fct\u00fcn noktalar\u0131n adresleri bu sayede tespit edildi. Polis bu adreslerde oturan \u015f\u00fcpheliler aras\u0131nda Abdullah U\u00e7mak&#8217;\u0131n da oldu\u011funu tespit etti.<\/p>\n<p style=\"text-align: justify;\">Organize polisi hemen ar\u015fivlerini incelemeye ba\u015flad\u0131. U\u00e7mak ile Tatl\u0131ses aras\u0131nda bir husumet ya\u015fanm\u0131\u015ft\u0131.<\/p>\n<p style=\"text-align: justify;\">Tatl\u0131ses&#8217;in yak\u0131nlar\u0131n\u0131n eski menajeri Hasan Bora&#8217;n\u0131n i\u015fyerini silahlarla tarad\u0131\u011f\u0131 belirlendi. U\u00e7mak burada baca\u011f\u0131ndan yaralanm\u0131\u015ft\u0131. 13 y\u0131ll\u0131k husumet bug\u00fcne kadar s\u00fcrd\u00fc. Polis elde etti\u011fi bu bilgileri soru\u015fturmay\u0131 y\u00fcr\u00fcten savc\u0131l\u0131\u011fa sundu. Savc\u0131l\u0131k arama ve g\u00f6zalt\u0131 kararlar\u0131n\u0131 hakime g\u00f6nderdi. Kararlar\u0131n onaylanmas\u0131n\u0131n ard\u0131ndan bu adreslerde oturanlar takip edilmeye ba\u015fland\u0131.<\/p>\n<p style=\"text-align: justify;\"><strong>40 ayr\u0131 adrese e\u015f zamanl\u0131 bask\u0131n <\/strong><\/p>\n<p style=\"text-align: justify;\">2 g\u00fcn s\u00fcren takibin ard\u0131ndan Organize Su\u00e7larla M\u00fccadele \u015eube M\u00fcd\u00fcrl\u00fc\u011f\u00fc ekipleri \u00f6\u011flen saatlerde otomobilin durdu\u011fu b\u00fct\u00fcn noktalar\u0131n da aralar\u0131nda bulundu\u011fu 40 ayr\u0131 adrese e\u015f zamanl\u0131 bask\u0131n d\u00fczenledi. Bask\u0131nda Abdullah U\u00e7mak&#8217;\u0131n da aralar\u0131nda bulundu\u011fu 14 ki\u015fi g\u00f6zalt\u0131na al\u0131nd\u0131.<\/p>\n<p style=\"text-align: justify;\"><strong>E\u015fofman\u0131yla g\u00f6zalt\u0131na al\u0131nd\u0131<\/strong><\/p>\n<p style=\"text-align: justify;\">Sald\u0131r\u0131 s\u0131ras\u0131nda kullan\u0131lan otomobil Pendik Kurtk\u00f6y&#8217;de ele ge\u00e7irildi. \u015e\u00fcpheliler Haseki E\u011fitim ve Ara\u015ft\u0131rma Hastanesi&#8217;nde sa\u011fl\u0131k kontrol\u00fcnden ge\u00e7irildi. U\u00e7mak&#8217;\u0131n e\u015fofmanlar\u0131yla g\u00f6zalt\u0131na al\u0131nd\u0131\u011f\u0131 g\u00f6r\u00fcld\u00fc.<\/p>\n<p style=\"text-align: justify;\">Organize Su\u00e7larla M\u00fccadele \u015eube M\u00fcd\u00fcrl\u00fc\u011f\u00fc ekiplerince g\u00f6zalt\u0131na al\u0131nan 20 ki\u015fiden 6&#8217;s\u0131, ifadeleri al\u0131nd\u0131ktan sonra b\u0131rak\u0131ld\u0131. Aralar\u0131nda Abdullah U\u00e7mak&#8217;\u0131n da bulundu\u011fu 3&#8217;\u00fc kad\u0131n 14 ki\u015finin sorgusu ise devam ediyor.<\/p>\n<p style=\"text-align: justify;\">Bu ki\u015filerin \u00fczerlerinde ve bulunduklar\u0131 adreslerde yap\u0131lan aramalarda, 2&#8217;si otomatik 4 silah, 7 cep telefonu, bilgisayar, CD ve \u00e7ok say\u0131da dok\u00fcman ele ge\u00e7irildi. Olayda kullan\u0131ld\u0131\u011f\u0131 san\u0131lan silah\u0131n da aralar\u0131nda bulundu\u011fu 4 silah,i ncelenmek \u00fczerek kriminal polis laboratuvar\u0131na g\u00f6nderildi.<\/p>\n<p style=\"text-align: justify;\"><strong>SWAP testi teti\u011fi \u00e7ekeni belirleyecek! <\/strong><\/p>\n<p style=\"text-align: justify;\">Sald\u0131r\u0131da kullan\u0131lan 34 BC 6696 plakal\u0131 otomobilde incelenmek \u00fczere emniyete getirildi. Ele ge\u00e7irilen kala\u015fnikofu kimin kulland\u0131\u011f\u0131n\u0131 belirlemek i\u00e7in \u015f\u00fcphelilerden SWAP testi al\u0131nd\u0131. Kriminal incelemenin ard\u0131ndan teti\u011fi kimin \u00e7ekti\u011fi belirlenecek.<\/p>\n<p style=\"text-align: justify;\"><a href=\"http:\/\/www.cnnturk.com\/2011\/turkiye\/03\/17\/suphelileri.gps.sistemi.yakalatmis\/610207.0\/index.html\" target=\"_blank\"><span style=\"color: #888888;\">CNN T\u00dcRK<\/span><\/a><\/p>\n","protected":false},"excerpt":{"rendered":"<p style=\"text-align: justify;\">\n<p style=\"text-align: justify;\">\u0130brahim Tatl\u0131ses&#8217;e d\u00fczenlenen suikast soru\u015fturmas\u0131 kapsam\u0131nda aralar\u0131nda Abdullah U\u00e7mak&#8217;\u0131n da bulundu\u011fu 14 ki\u015fi g\u00f6zalt\u0131na al\u0131nd\u0131. U\u00e7mak&#8217;\u0131n avukat\u0131, m\u00fcvekkilinin kendisine sald\u0131r\u0131y\u0131 ge\u00e7mi\u015fte Tatl\u0131ses ile aralar\u0131nda ya\u015fanan husumetten yararlanmak isteyenlerin yapm\u0131\u015f olabilece\u011fini ve olayla ilgisinin bulunmad\u0131\u011f\u0131n\u0131 s\u00f6yledi\u011fini bildirdi.<\/p>\n","protected":false},"author":1,"featured_media":0,"comment_status":"open","ping_status":"closed","sticky":false,"template":"","format":"standard","meta":{"footnotes":""},"categories":[105],"tags":[],"class_list":["post-29442","post","type-post","status-publish","format-standard","hentry","category-gundem","odd"],"_links":{"self":[{"href":"http:\/\/www.korhanyilmaz.com\/index.php?rest_route=\/wp\/v2\/posts\/29442","targetHints":{"allow":["GET"]}}],"collection":[{"href":"http:\/\/www.korhanyilmaz.com\/index.php?rest_route=\/wp\/v2\/posts"}],"about":[{"href":"http:\/\/www.korhanyilmaz.com\/index.php?rest_route=\/wp\/v2\/types\/post"}],"author":[{"embeddable":true,"href":"http:\/\/www.korhanyilmaz.com\/index.php?rest_route=\/wp\/v2\/users\/1"}],"replies":[{"embeddable":true,"href":"http:\/\/www.korhanyilmaz.com\/index.php?rest_route=%2Fwp%2Fv2%2Fcomments&post=29442"}],"version-history":[{"count":0,"href":"http:\/\/www.korhanyilmaz.com\/index.php?rest_route=\/wp\/v2\/posts\/29442\/revisions"}],"wp:attachment":[{"href":"http:\/\/www.korhanyilmaz.com\/index.php?rest_route=%2Fwp%2Fv2%2Fmedia&parent=29442"}],"wp:term":[{"taxonomy":"category","embeddable":true,"href":"http:\/\/www.korhanyilmaz.com\/index.php?rest_route=%2Fwp%2Fv2%2Fcategories&post=29442"},{"taxonomy":"post_tag","embeddable":true,"href":"http:\/\/www.korhanyilmaz.com\/index.php?rest_route=%2Fwp%2Fv2%2Ftags&post=29442"}],"curies":[{"name":"wp","href":"https:\/\/api.w.org\/{rel}","templated":true}]}}